{"id":188,"date":"2016-12-02T00:00:00","date_gmt":"2016-12-01T23:00:00","guid":{"rendered":"https:\/\/blog.avinent.com\/2016\/12\/02\/la-formacion-de-profesionales-una-apuesta-constante-de-avinent\/"},"modified":"2024-11-20T11:53:48","modified_gmt":"2024-11-20T10:53:48","slug":"la-formacion-de-profesionales-una-apuesta-constante-de-avinent","status":"publish","type":"post","link":"https:\/\/avinent.com\/ca\/blog\/la-formacion-de-profesionales-una-apuesta-constante-de-avinent\/","title":{"rendered":"La formaci\u00f3n de profesionales, una apuesta constante de AVINENT"},"content":{"rendered":"<p>\t\t\t\tLa <strong>formaci\u00f3n<\/strong> es un \u00e1ngulo central de la pol\u00edtica corporativa de <strong>AVINENT<\/strong>. Con esta voluntad, la firma participa de forma constante en la celebraci\u00f3n de distintos cursos de especializaci\u00f3n dentro del sector odontol\u00f3gico cuyo objetivo es la formaci\u00f3n de profesionales en distintos campos. Uno de ellos es el <strong>\u2018Curso de Manejo de Tejidos Blandos en dientes e implantes\u2019<\/strong>, impartido por el <strong>Dr. Julen Arocena<\/strong> y que este a\u00f1o se celebr\u00f3 el pasado 4 de noviembre en la cl\u00ednica San Vicente de San Sebasti\u00e1n.<\/p>\n<p>Pensado para profesionales odont\u00f3logos con motivaciones para ampliar sus conocimientos en las t\u00e9cnicas de <strong>cirug\u00eda mucogingival<\/strong>, el curso tiene el objetivo de ense\u00f1ar c\u00f3mo tratar las deficiencias de tejidos blandos, tanto en dientes como en implantes. As\u00ed, <strong>los participantes aprenden a tratar recesiones gingivales, a conservar la enc\u00eda querantizada alrededor de dientes e implantes y a aumentar el grosor de los tejidos blandos para tener una mayor predictibilidad a largo plazo de los tratamientos realizados<\/strong>.<\/p>\n<p><em>\u201cQuer\u00eda adquirir m\u00e1s conocimientos sobre injertos\u201d<\/em> explica el <strong>Dr. Enrique Rubio<\/strong>, participante del curso. <em>\u201cLa periodoncia es de lo m\u00e1s interesante en estos momentos debido a los casos de periimplantitis que hay, ya sea abordando su tratamiento o realizando injertos de forma preventiva\u201d<\/em>, a\u00f1ade por su parte el <strong>Dr. Juan Carlos Cabero<\/strong>, otro de los asistentes. Seg\u00fan el Dr. Julen Arocena, conductor del curso, <em>\u201clos dientes y los implantes son anat\u00f3micamente muy diferentes y el comportamiento de los tejidos blandos, tambi\u00e9n. Sin embargo las t\u00e9cnicas de cirug\u00eda mucogingival que se utilizan en ambos son muy similares\u201d<\/em><\/p>\n<p><em><img fetchpriority=\"high\" decoding=\"async\" class=\"responsive\" src=\"https:\/\/blog.avinent.com\/wp-content\/uploads\/sites\/9\/2019\/12\/fets\/enrique-rubio.jpg?1489838267340\" alt=\"\" width=\"744\" height=\"163\" \/><\/em><\/p>\n<p><em><img decoding=\"async\" class=\"responsive\" src=\"https:\/\/blog.avinent.com\/wp-content\/uploads\/sites\/9\/2019\/12\/fets\/juan-carlos-cabero.jpg?1489838408259\" alt=\"\" width=\"744\" height=\"163\" \/><\/em><\/p>\n<p><em><strong>Los tejidos blandos, claves para una buena est\u00e9tica y salud bucodental<br \/>\n<\/strong>Debido a su condici\u00f3n de primera barrera de protecci\u00f3n tanto de los dientes como de los implantes, <strong>la funci\u00f3n de los tejidos blandos es fundamental para mantener la salud oral de los pacientes<\/strong>. <em>\u201cCuando los tejidos blandos no son los adecuados podemos tener tanto problemas est\u00e9ticos como funcionales, pudiendo llegar a perder los dientes\u201d<\/em>, advierte el Dr. Julen Arocena<\/em><\/p>\n<p><em><img decoding=\"async\" class=\"responsive\" src=\"https:\/\/blog.avinent.com\/wp-content\/uploads\/sites\/9\/2019\/12\/fets\/julen-arocena1.jpg?1489838467893\" alt=\"\" width=\"744\" height=\"163\" \/><\/em><\/p>\n<p><em>Por este motivo, el manejo de tejidos blandos alrededor de implantes, cobra especial importancia. <em>\u201cEs muy importante aumentar la cantidad de tejido blando de forma preventiva alrededor de implantes para evitar posibles problemas a largo plazo\u201d<\/em>, dice el Dr. Arocena. Y concluye, <em>\u201cel objetivo principal del curso es hacer entender la importancia de estos tejidos en la est\u00e9tica de la sonrisa y en el mantenimiento de la salud tanto en dientes como en implantes\u201d<\/em>.<\/em><\/p>\n<p><strong>AVINENT, colaborador en el \u2018Curso de Manejo de Tejidos Blandos\u2019<br \/>\n<\/strong> Los participantes del curso utilizan implantes <strong>AVINENT Biomimetic OCEAN de conexi\u00f3n c\u00f3nica (CC)<\/strong> para reponer un incisivo lateral superior y, al mismo tiempo, realizan un injerto de tejido conectivo del paladar para aumentar el volumen vestibular. <strong><em>\u201cP<\/em><em>or su forma y espiras, es un tipo de implante que consigue muy buena estabilidad primaria. Adem\u00e1s, la conexi\u00f3n c\u00f3nica, le aporta una gran estabilidad a la corona sobre implantes, minimizando la microfiltraci\u00f3n bacteriana\u201d<\/em><\/strong> explica el Dr. Arocena.<\/p>\n<p><img loading=\"lazy\" decoding=\"async\" class=\"responsive\" src=\"https:\/\/blog.avinent.com\/wp-content\/uploads\/sites\/9\/2019\/12\/fets\/julen-arocena2.jpg?1489838523830\" alt=\"\" width=\"744\" height=\"163\" \/><\/p>\n<p>El servicio y el apoyo de AVINENT en el curso tambi\u00e9n tiene un papel destacado: <em>\u201canimar\u00eda a AVINENT a colaborar en m\u00e1s cursos de la altura de este. Es de agradecer que estuviera tan bien organizado\u201d<\/em>, dice el Dr. Juan Carlos Cabero, un elemento al que el Dr. Enrique Rubio a\u00f1ade un <em>\u201cexcelente trato personal\u201d<\/em> por parte de los representantes de la firma. <em>\u201cEl buen servicio que mostraron los representantes de AVINENT en el curso, me hace confiar en la profesionalidad de la marca\u201d<\/em>, afirma el <strong>Dr. Ar\u00edstides B\u00e9cares<\/strong>, otro de los participantes del curso.<\/p>\n<p><img loading=\"lazy\" decoding=\"async\" class=\"responsive\" src=\"https:\/\/blog.avinent.com\/wp-content\/uploads\/sites\/9\/2019\/12\/fets\/aristides-becares.jpg?1489838756603\" alt=\"\" width=\"744\" height=\"163\" \/><\/p>\n<p><em>\u201cAdem\u00e1s de abordar distintos temas de forma exhaustiva y amena, el \u2018Curso de Manejo de Tejidos Blandos en dientes e implantes\u2019 combina teor\u00eda con dos cirug\u00edas, por lo que puedes aplicar de forma pr\u00e1ctica los conceptos aprendidos\u201d<\/em>, concluye finalmente el Dr. B\u00e9cares.\t\t<\/p>\n","protected":false},"excerpt":{"rendered":"<p>La formaci\u00f3n es un \u00e1ngulo central de la pol\u00edtica corporativa de AVINENT. Con esta voluntad, la firma participa de forma constante en la celebraci\u00f3n de distintos cursos de especializaci\u00f3n dentro del sector odontol\u00f3gico cuyo objetivo es la formaci\u00f3n de profesionales en distintos campos. Uno de ellos es el \u2018Curso de Manejo de Tejidos Blandos en [&hellip;]<\/p>\n","protected":false},"author":2,"featured_media":6152,"comment_status":"closed","ping_status":"closed","sticky":false,"template":"","format":"standard","meta":{"_acf_changed":false,"inline_featured_image":false,"footnotes":""},"categories":[38],"tags":[],"profesional_medics":[],"segment":[],"class_list":["post-188","post","type-post","status-publish","format-standard","has-post-thumbnail","hentry","category-actualidad"],"acf":[],"yoast_head":"<!-- This site is optimized with the Yoast SEO plugin v26.8 - https:\/\/yoast.com\/product\/yoast-seo-wordpress\/ -->\n<title>\u25b7La formaci\u00f3n de profesionales, una apuesta constante de AVINENT - \u3010 Avinent \u3011<\/title>\n<meta name=\"description\" content=\"La formaci\u00f3n es un \u00e1ngulo central de la pol\u00edtica corporativa de AVINENT. Con esta voluntad, la firma participa de forma constante en la celebraci\u00f3n\" \/>\n<meta name=\"robots\" content=\"index, follow, max-snippet:-1, max-image-preview:large, max-video-preview:-1\" \/>\n<meta property=\"og:locale\" content=\"ca_ES\" \/>\n<meta property=\"og:type\" content=\"article\" \/>\n<meta property=\"og:title\" content=\"\u25b7La formaci\u00f3n de profesionales, una apuesta constante de AVINENT - \u3010 Avinent \u3011\" \/>\n<meta property=\"og:description\" content=\"La formaci\u00f3n es un \u00e1ngulo central de la pol\u00edtica corporativa de AVINENT. Con esta voluntad, la firma participa de forma constante en la celebraci\u00f3n\" \/>\n<meta property=\"og:url\" content=\"https:\/\/avinent.wwwarcelona.net\/blog\/la-formacion-de-profesionales-una-apuesta-constante-de-avinent\/\" \/>\n<meta property=\"og:site_name\" content=\"Avinent\" \/>\n<meta property=\"article:published_time\" content=\"2016-12-01T23:00:00+00:00\" \/>\n<meta property=\"article:modified_time\" content=\"2024-11-20T10:53:48+00:00\" \/>\n<meta property=\"og:image\" content=\"https:\/\/avinent.wwwarcelona.net\/wp-content\/uploads\/2019\/12\/fotoportada-bo.jpg\" \/>\n\t<meta property=\"og:image:width\" content=\"744\" \/>\n\t<meta property=\"og:image:height\" content=\"446\" \/>\n\t<meta property=\"og:image:type\" content=\"image\/jpeg\" \/>\n<meta name=\"author\" content=\"wwwarcelona\" \/>\n<meta name=\"twitter:card\" content=\"summary_large_image\" \/>\n<meta name=\"twitter:label1\" content=\"Escrit per\" \/>\n\t<meta name=\"twitter:data1\" content=\"wwwarcelona\" \/>\n\t<meta name=\"twitter:label2\" content=\"Temps estimat de lectura\" \/>\n\t<meta name=\"twitter:data2\" content=\"3 minuts\" \/>\n<script type=\"application\/ld+json\" class=\"yoast-schema-graph\">{\"@context\":\"https:\/\/schema.org\",\"@graph\":[{\"@type\":\"Article\",\"@id\":\"https:\/\/avinent.wwwarcelona.net\/blog\/la-formacion-de-profesionales-una-apuesta-constante-de-avinent\/#article\",\"isPartOf\":{\"@id\":\"https:\/\/avinent.wwwarcelona.net\/blog\/la-formacion-de-profesionales-una-apuesta-constante-de-avinent\/\"},\"author\":{\"name\":\"wwwarcelona\",\"@id\":\"https:\/\/avinent.com\/#\/schema\/person\/36b86133d985ef99a16d3a953381b494\"},\"headline\":\"La formaci\u00f3n de profesionales, una apuesta constante de AVINENT\",\"datePublished\":\"2016-12-01T23:00:00+00:00\",\"dateModified\":\"2024-11-20T10:53:48+00:00\",\"mainEntityOfPage\":{\"@id\":\"https:\/\/avinent.wwwarcelona.net\/blog\/la-formacion-de-profesionales-una-apuesta-constante-de-avinent\/\"},\"wordCount\":676,\"publisher\":{\"@id\":\"https:\/\/avinent.com\/#organization\"},\"image\":{\"@id\":\"https:\/\/avinent.wwwarcelona.net\/blog\/la-formacion-de-profesionales-una-apuesta-constante-de-avinent\/#primaryimage\"},\"thumbnailUrl\":\"https:\/\/avinent.com\/wp-content\/uploads\/2019\/12\/fotoportada-bo.jpg\",\"articleSection\":[\"Actualidad\"],\"inLanguage\":\"ca\"},{\"@type\":\"WebPage\",\"@id\":\"https:\/\/avinent.wwwarcelona.net\/blog\/la-formacion-de-profesionales-una-apuesta-constante-de-avinent\/\",\"url\":\"https:\/\/avinent.wwwarcelona.net\/blog\/la-formacion-de-profesionales-una-apuesta-constante-de-avinent\/\",\"name\":\"\u25b7La formaci\u00f3n de profesionales, una apuesta constante de AVINENT - \u3010 Avinent \u3011\",\"isPartOf\":{\"@id\":\"https:\/\/avinent.com\/#website\"},\"primaryImageOfPage\":{\"@id\":\"https:\/\/avinent.wwwarcelona.net\/blog\/la-formacion-de-profesionales-una-apuesta-constante-de-avinent\/#primaryimage\"},\"image\":{\"@id\":\"https:\/\/avinent.wwwarcelona.net\/blog\/la-formacion-de-profesionales-una-apuesta-constante-de-avinent\/#primaryimage\"},\"thumbnailUrl\":\"https:\/\/avinent.com\/wp-content\/uploads\/2019\/12\/fotoportada-bo.jpg\",\"datePublished\":\"2016-12-01T23:00:00+00:00\",\"dateModified\":\"2024-11-20T10:53:48+00:00\",\"description\":\"La formaci\u00f3n es un \u00e1ngulo central de la pol\u00edtica corporativa de AVINENT. Con esta voluntad, la firma participa de forma constante en la celebraci\u00f3n\",\"breadcrumb\":{\"@id\":\"https:\/\/avinent.wwwarcelona.net\/blog\/la-formacion-de-profesionales-una-apuesta-constante-de-avinent\/#breadcrumb\"},\"inLanguage\":\"ca\",\"potentialAction\":[{\"@type\":\"ReadAction\",\"target\":[\"https:\/\/avinent.wwwarcelona.net\/blog\/la-formacion-de-profesionales-una-apuesta-constante-de-avinent\/\"]}]},{\"@type\":\"ImageObject\",\"inLanguage\":\"ca\",\"@id\":\"https:\/\/avinent.wwwarcelona.net\/blog\/la-formacion-de-profesionales-una-apuesta-constante-de-avinent\/#primaryimage\",\"url\":\"https:\/\/avinent.com\/wp-content\/uploads\/2019\/12\/fotoportada-bo.jpg\",\"contentUrl\":\"https:\/\/avinent.com\/wp-content\/uploads\/2019\/12\/fotoportada-bo.jpg\",\"width\":744,\"height\":446,\"caption\":\"\"},{\"@type\":\"BreadcrumbList\",\"@id\":\"https:\/\/avinent.wwwarcelona.net\/blog\/la-formacion-de-profesionales-una-apuesta-constante-de-avinent\/#breadcrumb\",\"itemListElement\":[{\"@type\":\"ListItem\",\"position\":1,\"name\":\"Portada\",\"item\":\"https:\/\/avinent.com\/ca\/home\/\"},{\"@type\":\"ListItem\",\"position\":2,\"name\":\"La formaci\u00f3n de profesionales, una apuesta constante de AVINENT\"}]},{\"@type\":\"WebSite\",\"@id\":\"https:\/\/avinent.com\/#website\",\"url\":\"https:\/\/avinent.com\/\",\"name\":\"Avinent\",\"description\":\"Todas las soluciones m\u00e9dicas y dentales\",\"publisher\":{\"@id\":\"https:\/\/avinent.com\/#organization\"},\"potentialAction\":[{\"@type\":\"SearchAction\",\"target\":{\"@type\":\"EntryPoint\",\"urlTemplate\":\"https:\/\/avinent.com\/?s={search_term_string}\"},\"query-input\":{\"@type\":\"PropertyValueSpecification\",\"valueRequired\":true,\"valueName\":\"search_term_string\"}}],\"inLanguage\":\"ca\"},{\"@type\":\"Organization\",\"@id\":\"https:\/\/avinent.com\/#organization\",\"name\":\"Avinent\",\"url\":\"https:\/\/avinent.com\/\",\"logo\":{\"@type\":\"ImageObject\",\"inLanguage\":\"ca\",\"@id\":\"https:\/\/avinent.com\/#\/schema\/logo\/image\/\",\"url\":\"https:\/\/avinent.com\/wp-content\/uploads\/2021\/10\/cropped-9216650250dc9798b51ff14a0e1c16c7.png\",\"contentUrl\":\"https:\/\/avinent.com\/wp-content\/uploads\/2021\/10\/cropped-9216650250dc9798b51ff14a0e1c16c7.png\",\"width\":122,\"height\":79,\"caption\":\"Avinent\"},\"image\":{\"@id\":\"https:\/\/avinent.com\/#\/schema\/logo\/image\/\"}},{\"@type\":\"Person\",\"@id\":\"https:\/\/avinent.com\/#\/schema\/person\/36b86133d985ef99a16d3a953381b494\",\"name\":\"wwwarcelona\",\"image\":{\"@type\":\"ImageObject\",\"inLanguage\":\"ca\",\"@id\":\"https:\/\/avinent.com\/#\/schema\/person\/image\/\",\"url\":\"https:\/\/secure.gravatar.com\/avatar\/22c6e61b197bfcfe682559e4aa8d3534?s=96&d=mm&r=g\",\"contentUrl\":\"https:\/\/secure.gravatar.com\/avatar\/22c6e61b197bfcfe682559e4aa8d3534?s=96&d=mm&r=g\",\"caption\":\"wwwarcelona\"}}]}<\/script>\n<!-- \/ Yoast SEO plugin. -->","yoast_head_json":{"title":"\u25b7La formaci\u00f3n de profesionales, una apuesta constante de AVINENT - \u3010 Avinent \u3011","description":"La formaci\u00f3n es un \u00e1ngulo central de la pol\u00edtica corporativa de AVINENT. Con esta voluntad, la firma participa de forma constante en la celebraci\u00f3n","robots":{"index":"index","follow":"follow","max-snippet":"max-snippet:-1","max-image-preview":"max-image-preview:large","max-video-preview":"max-video-preview:-1"},"og_locale":"ca_ES","og_type":"article","og_title":"\u25b7La formaci\u00f3n de profesionales, una apuesta constante de AVINENT - \u3010 Avinent \u3011","og_description":"La formaci\u00f3n es un \u00e1ngulo central de la pol\u00edtica corporativa de AVINENT. Con esta voluntad, la firma participa de forma constante en la celebraci\u00f3n","og_url":"https:\/\/avinent.wwwarcelona.net\/blog\/la-formacion-de-profesionales-una-apuesta-constante-de-avinent\/","og_site_name":"Avinent","article_published_time":"2016-12-01T23:00:00+00:00","article_modified_time":"2024-11-20T10:53:48+00:00","og_image":[{"width":744,"height":446,"url":"https:\/\/avinent.wwwarcelona.net\/wp-content\/uploads\/2019\/12\/fotoportada-bo.jpg","type":"image\/jpeg"}],"author":"wwwarcelona","twitter_card":"summary_large_image","twitter_misc":{"Escrit per":"wwwarcelona","Temps estimat de lectura":"3 minuts"},"schema":{"@context":"https:\/\/schema.org","@graph":[{"@type":"Article","@id":"https:\/\/avinent.wwwarcelona.net\/blog\/la-formacion-de-profesionales-una-apuesta-constante-de-avinent\/#article","isPartOf":{"@id":"https:\/\/avinent.wwwarcelona.net\/blog\/la-formacion-de-profesionales-una-apuesta-constante-de-avinent\/"},"author":{"name":"wwwarcelona","@id":"https:\/\/avinent.com\/#\/schema\/person\/36b86133d985ef99a16d3a953381b494"},"headline":"La formaci\u00f3n de profesionales, una apuesta constante de AVINENT","datePublished":"2016-12-01T23:00:00+00:00","dateModified":"2024-11-20T10:53:48+00:00","mainEntityOfPage":{"@id":"https:\/\/avinent.wwwarcelona.net\/blog\/la-formacion-de-profesionales-una-apuesta-constante-de-avinent\/"},"wordCount":676,"publisher":{"@id":"https:\/\/avinent.com\/#organization"},"image":{"@id":"https:\/\/avinent.wwwarcelona.net\/blog\/la-formacion-de-profesionales-una-apuesta-constante-de-avinent\/#primaryimage"},"thumbnailUrl":"https:\/\/avinent.com\/wp-content\/uploads\/2019\/12\/fotoportada-bo.jpg","articleSection":["Actualidad"],"inLanguage":"ca"},{"@type":"WebPage","@id":"https:\/\/avinent.wwwarcelona.net\/blog\/la-formacion-de-profesionales-una-apuesta-constante-de-avinent\/","url":"https:\/\/avinent.wwwarcelona.net\/blog\/la-formacion-de-profesionales-una-apuesta-constante-de-avinent\/","name":"\u25b7La formaci\u00f3n de profesionales, una apuesta constante de AVINENT - \u3010 Avinent \u3011","isPartOf":{"@id":"https:\/\/avinent.com\/#website"},"primaryImageOfPage":{"@id":"https:\/\/avinent.wwwarcelona.net\/blog\/la-formacion-de-profesionales-una-apuesta-constante-de-avinent\/#primaryimage"},"image":{"@id":"https:\/\/avinent.wwwarcelona.net\/blog\/la-formacion-de-profesionales-una-apuesta-constante-de-avinent\/#primaryimage"},"thumbnailUrl":"https:\/\/avinent.com\/wp-content\/uploads\/2019\/12\/fotoportada-bo.jpg","datePublished":"2016-12-01T23:00:00+00:00","dateModified":"2024-11-20T10:53:48+00:00","description":"La formaci\u00f3n es un \u00e1ngulo central de la pol\u00edtica corporativa de AVINENT. Con esta voluntad, la firma participa de forma constante en la celebraci\u00f3n","breadcrumb":{"@id":"https:\/\/avinent.wwwarcelona.net\/blog\/la-formacion-de-profesionales-una-apuesta-constante-de-avinent\/#breadcrumb"},"inLanguage":"ca","potentialAction":[{"@type":"ReadAction","target":["https:\/\/avinent.wwwarcelona.net\/blog\/la-formacion-de-profesionales-una-apuesta-constante-de-avinent\/"]}]},{"@type":"ImageObject","inLanguage":"ca","@id":"https:\/\/avinent.wwwarcelona.net\/blog\/la-formacion-de-profesionales-una-apuesta-constante-de-avinent\/#primaryimage","url":"https:\/\/avinent.com\/wp-content\/uploads\/2019\/12\/fotoportada-bo.jpg","contentUrl":"https:\/\/avinent.com\/wp-content\/uploads\/2019\/12\/fotoportada-bo.jpg","width":744,"height":446,"caption":""},{"@type":"BreadcrumbList","@id":"https:\/\/avinent.wwwarcelona.net\/blog\/la-formacion-de-profesionales-una-apuesta-constante-de-avinent\/#breadcrumb","itemListElement":[{"@type":"ListItem","position":1,"name":"Portada","item":"https:\/\/avinent.com\/ca\/home\/"},{"@type":"ListItem","position":2,"name":"La formaci\u00f3n de profesionales, una apuesta constante de AVINENT"}]},{"@type":"WebSite","@id":"https:\/\/avinent.com\/#website","url":"https:\/\/avinent.com\/","name":"Avinent","description":"Todas las soluciones m\u00e9dicas y dentales","publisher":{"@id":"https:\/\/avinent.com\/#organization"},"potentialAction":[{"@type":"SearchAction","target":{"@type":"EntryPoint","urlTemplate":"https:\/\/avinent.com\/?s={search_term_string}"},"query-input":{"@type":"PropertyValueSpecification","valueRequired":true,"valueName":"search_term_string"}}],"inLanguage":"ca"},{"@type":"Organization","@id":"https:\/\/avinent.com\/#organization","name":"Avinent","url":"https:\/\/avinent.com\/","logo":{"@type":"ImageObject","inLanguage":"ca","@id":"https:\/\/avinent.com\/#\/schema\/logo\/image\/","url":"https:\/\/avinent.com\/wp-content\/uploads\/2021\/10\/cropped-9216650250dc9798b51ff14a0e1c16c7.png","contentUrl":"https:\/\/avinent.com\/wp-content\/uploads\/2021\/10\/cropped-9216650250dc9798b51ff14a0e1c16c7.png","width":122,"height":79,"caption":"Avinent"},"image":{"@id":"https:\/\/avinent.com\/#\/schema\/logo\/image\/"}},{"@type":"Person","@id":"https:\/\/avinent.com\/#\/schema\/person\/36b86133d985ef99a16d3a953381b494","name":"wwwarcelona","image":{"@type":"ImageObject","inLanguage":"ca","@id":"https:\/\/avinent.com\/#\/schema\/person\/image\/","url":"https:\/\/secure.gravatar.com\/avatar\/22c6e61b197bfcfe682559e4aa8d3534?s=96&d=mm&r=g","contentUrl":"https:\/\/secure.gravatar.com\/avatar\/22c6e61b197bfcfe682559e4aa8d3534?s=96&d=mm&r=g","caption":"wwwarcelona"}}]}},"_links":{"self":[{"href":"https:\/\/avinent.com\/ca\/wp-json\/wp\/v2\/posts\/188","targetHints":{"allow":["GET"]}}],"collection":[{"href":"https:\/\/avinent.com\/ca\/wp-json\/wp\/v2\/posts"}],"about":[{"href":"https:\/\/avinent.com\/ca\/wp-json\/wp\/v2\/types\/post"}],"author":[{"embeddable":true,"href":"https:\/\/avinent.com\/ca\/wp-json\/wp\/v2\/users\/2"}],"replies":[{"embeddable":true,"href":"https:\/\/avinent.com\/ca\/wp-json\/wp\/v2\/comments?post=188"}],"version-history":[{"count":1,"href":"https:\/\/avinent.com\/ca\/wp-json\/wp\/v2\/posts\/188\/revisions"}],"predecessor-version":[{"id":14752,"href":"https:\/\/avinent.com\/ca\/wp-json\/wp\/v2\/posts\/188\/revisions\/14752"}],"wp:featuredmedia":[{"embeddable":true,"href":"https:\/\/avinent.com\/ca\/wp-json\/wp\/v2\/media\/6152"}],"wp:attachment":[{"href":"https:\/\/avinent.com\/ca\/wp-json\/wp\/v2\/media?parent=188"}],"wp:term":[{"taxonomy":"category","embeddable":true,"href":"https:\/\/avinent.com\/ca\/wp-json\/wp\/v2\/categories?post=188"},{"taxonomy":"post_tag","embeddable":true,"href":"https:\/\/avinent.com\/ca\/wp-json\/wp\/v2\/tags?post=188"},{"taxonomy":"profesional_medics","embeddable":true,"href":"https:\/\/avinent.com\/ca\/wp-json\/wp\/v2\/profesional_medics?post=188"},{"taxonomy":"segments","embeddable":true,"href":"https:\/\/avinent.com\/ca\/wp-json\/wp\/v2\/segment?post=188"}],"curies":[{"name":"wp","href":"https:\/\/api.w.org\/{rel}","templated":true}]}}