{"id":2147,"date":"2022-02-02T17:23:34","date_gmt":"2022-02-02T16:23:34","guid":{"rendered":"https:\/\/blog.avinent.com\/?p=2147"},"modified":"2025-06-02T17:40:25","modified_gmt":"2025-06-02T15:40:25","slug":"implantes-subperiosticos-personalizados","status":"publish","type":"post","link":"https:\/\/avinent.com\/ca\/blog\/implantes-subperiosticos-personalizados\/","title":{"rendered":"Dr. Manuel Chamorro: \u201cAnte una atrofia \u00f3sea severa del maxilar la mejor soluci\u00f3n es una estructura subperi\u00f3stica personalizada\u201d"},"content":{"rendered":"\n\t\t\t\t\n<p><small>Fuente: Art\u00edculo sobre &#8220;<em><strong>Implantes subperi\u00f3sticos personalizados para la rehabilitaci\u00f3n completa del maxilar superior atr\u00f3fico. Revisi\u00f3n de una serie cl\u00ednica de 8 casos<\/strong><\/em>&#8221; de la Revista Espa\u00f1ola de Cirug\u00eda Oral y Maxilofacial. Acceso al art\u00edculo original haciendo <a href=\"https:\/\/www.revistacirugiaoralymaxilofacial.es\/Ficheros\/1493\/4\/04_OR_Chamorro_esp.pdf\"><u>clic aqu\u00ed<\/u><\/a>. <\/small><\/p>\n\n\n\n<p>A ra\u00edz del art\u00edculo mencionado anteriormente, el <strong>Dr. Manuel Chamorro Pons,<\/strong> con m\u00e1s de 30 a\u00f1os de experiencia como m\u00e9dico especialista en Cirug\u00eda Oral y Maxilofacial, nos da su enfoque m\u00e1s hol\u00edstico sobre c\u00f3mo los implantes subperi\u00f3sticos personalizados son una alternativa para la <strong>rehabilitaci\u00f3n completa del maxilar atr\u00f3fico<\/strong> en pacientes en los que resulta complejo o inviable la colocaci\u00f3n de implantes endo\u00f3seos habituales. <br><br> Agradecemos de antemano su tiempo, dedicaci\u00f3n y amabilidad para cuidar y mejorar siempre la salud de sus pacientes. <br><br> El <strong>Dr. Chamorro<\/strong> nos cuenta la importancia de entender que una <strong>atrofia severa del maxilar<\/strong> es aquella en la que existe un d\u00e9ficit \u00f3seo vertical y horizontal combinado. Y que, ante esta situaci\u00f3n, actualmente la mejor soluci\u00f3n es un <strong>implante subperi\u00f3stico personalizado<\/strong>. <\/p>\n\n\n\n<blockquote class=\"wp-block-quote is-layout-flow wp-block-quote-is-layout-flow\"><p>Manuel Chamorro Pons, Javier Arias Gallo, Luis Margarit P\u00e9rez, Gast\u00f3n Demar\u00eda Martinez y \u00c1ngel Cidad Vicario, son del servicio de Cirug\u00eda Oral y Maxilofacial y Odontolog\u00eda, y los que presentan en el <a href=\"https:\/\/www.revistacirugiaoralymaxilofacial.es\/Ficheros\/1493\/4\/04_OR_Chamorro_esp.pdf\">art\u00edculo de SECOM C<\/a><a href=\"https:\/\/www.revistacirugiaoralymaxilofacial.es\/Ficheros\/1493\/4\/04_OR_Chamorro_esp.pdf\" target=\"_blank\" rel=\"noreferrer noopener\" aria-label=\"yC (s'obre en una nova pestanya)\">yC<\/a> los <strong>8 casos consecutivos de pacientes con atrofia \u00f3sea maxilar superior<\/strong>.<\/p><\/blockquote>\n\n\n\n<p>El Dr. Chamorro asiente en que el \u00e9xito de estos casos est\u00e1 asociado a las <strong>mejoras digitales en el dise\u00f1o y fabricaci\u00f3n de los implantes<\/strong>, proporcionando un ajuste perfecto de la estructura al hueso del paciente y unas conexiones con espacio prot\u00e9sico suficiente. Tambi\u00e9n nos menciona la calidad de la labor de los ingenieros de <a href=\"\/\/vpsrv02\/fitxers\/avinent\/Marketing\/ONLINE\/01%20-%20BLOC\/KEY%20OPINION%20LEADERS\/avinent.com\"><strong>Avinent<\/strong><\/a><strong> <\/strong>durante el <strong><em>codise\u00f1o<\/em><\/strong>, como un punto esencial para el \u00e9xito de estos tratamientos.<br><\/p>\n\n\n\n<ul class=\"wp-block-gallery aligncenter columns-3 is-cropped wp-block-gallery-1 is-layout-flex wp-block-gallery-is-layout-flex\"><li class=\"blocks-gallery-item\"><figure><img decoding=\"async\" src=\"https:\/\/blog.avinent.com\/wp-content\/uploads\/sites\/9\/2022\/01\/10_F.jpg\" alt=\"\" data-id=\"2159\" data-link=\"https:\/\/blog.avinent.com\/implantes-subperiosticos-personalizados\/10_f\/\" class=\"wp-image-2159\" \/><figcaption> <br>Ficheros DICOM del paciente preparados para el dise\u00f1o. <\/figcaption><\/figure><\/li><li class=\"blocks-gallery-item\"><figure><img decoding=\"async\" src=\"https:\/\/blog.avinent.com\/wp-content\/uploads\/sites\/9\/2022\/01\/10_I.jpg\" alt=\"\" data-id=\"2160\" data-link=\"https:\/\/blog.avinent.com\/implantes-subperiosticos-personalizados\/10_i\/\" class=\"wp-image-2160\" \/><figcaption> <br>Ficheros DICOM del paciente preparados para el dise\u00f1o. <\/figcaption><\/figure><\/li><li class=\"blocks-gallery-item\"><figure><img decoding=\"async\" src=\"https:\/\/blog.avinent.com\/wp-content\/uploads\/sites\/9\/2022\/01\/10_LD.jpg\" alt=\"\" data-id=\"2161\" data-link=\"https:\/\/blog.avinent.com\/implantes-subperiosticos-personalizados\/10_ld\/\" class=\"wp-image-2161\" \/><figcaption> <br>Ficheros DICOM del paciente preparados para el dise\u00f1o. <\/figcaption><\/figure><\/li><li class=\"blocks-gallery-item\"><figure><img decoding=\"async\" src=\"https:\/\/blog.avinent.com\/wp-content\/uploads\/sites\/9\/2022\/01\/10_LE.jpg\" alt=\"\" data-id=\"2162\" data-link=\"https:\/\/blog.avinent.com\/implantes-subperiosticos-personalizados\/10_le\/\" class=\"wp-image-2162\" \/><figcaption> <br>Ficheros DICOM del paciente preparados para el dise\u00f1o. <\/figcaption><\/figure><\/li><\/ul>\n\n\n\n<p>Las caracter\u00edsticas de dise\u00f1o destacables para un resultado predecible en los <strong>implantes peri\u00f3sticos<\/strong> pueden ser el fino grosor de la estructura perfectamente adaptada al hueso y con una fijaci\u00f3n perfecta, nos especifica el Dr. Chamarro. Asimismo, es fundamental contar con una <strong>cobertura mucosa \u00f3ptima<\/strong> para la colocaci\u00f3n de los implantes. Esto implica que hay que tratar muy bien los <strong>tejidos blandos<\/strong> durante la cirug\u00eda. Contar con una buena <strong>enc\u00eda adherida<\/strong> es muy importante. <br> <br>Adem\u00e1s, la baja incidencia de complicaciones en esta serie de casos presentados tambi\u00e9n se debe a la perfecta preparaci\u00f3n de estos, la <strong>calidad de la cirug\u00eda <\/strong>realizada y los excelentes cuidados de todo el equipo que interviene, tanto en la intervenci\u00f3n como en el postoperatorio y consulta. <\/p>\n\n\n\n<div style=\"height:38px\" aria-hidden=\"true\" class=\"wp-block-spacer\"><\/div>\n\n\n\n<blockquote class=\"wp-block-quote is-layout-flow wp-block-quote-is-layout-flow\"><p>En el <a href=\"https:\/\/www.revistacirugiaoralymaxilofacial.es\/Ficheros\/1493\/4\/04_OR_Chamorro_esp.pdf\">art\u00edculo de SECOM CyC<\/a> afirman que: \u201c<em>La precisi\u00f3n de la estructura se consider\u00f3 en todos los casos impecable. La estabilidad de los tornillos de osteos\u00edntesis fue siempre adecuada.<\/em>\u201d <\/p><\/blockquote>\n\n\n\n<ul class=\"wp-block-gallery aligncenter columns-3 is-cropped wp-block-gallery-2 is-layout-flex wp-block-gallery-is-layout-flex\"><li class=\"blocks-gallery-item\"><figure><img decoding=\"async\" src=\"https:\/\/blog.avinent.com\/wp-content\/uploads\/sites\/9\/2022\/01\/20_F.jpg\" alt=\"\" data-id=\"2163\" data-link=\"https:\/\/blog.avinent.com\/implantes-subperiosticos-personalizados\/20_f\/\" class=\"wp-image-2163\" \/><figcaption> <br>Dise\u00f1o de la estructura superi\u00f3stica con placa desmontable en el paciente. <\/figcaption><\/figure><\/li><li class=\"blocks-gallery-item\"><figure><img decoding=\"async\" src=\"https:\/\/blog.avinent.com\/wp-content\/uploads\/sites\/9\/2022\/01\/20_I.jpg\" alt=\"\" data-id=\"2164\" data-link=\"https:\/\/blog.avinent.com\/implantes-subperiosticos-personalizados\/20_i\/\" class=\"wp-image-2164\" \/><figcaption> <br>Dise\u00f1o de la estructura superi\u00f3stica con placa desmontable en el paciente. <\/figcaption><\/figure><\/li><li class=\"blocks-gallery-item\"><figure><img decoding=\"async\" src=\"https:\/\/blog.avinent.com\/wp-content\/uploads\/sites\/9\/2022\/01\/20_LD.jpg\" alt=\"\" data-id=\"2165\" data-link=\"https:\/\/blog.avinent.com\/implantes-subperiosticos-personalizados\/20_ld\/\" class=\"wp-image-2165\" \/><figcaption> <br>Dise\u00f1o de la estructura superi\u00f3stica con placa desmontable en el paciente. <\/figcaption><\/figure><\/li><li class=\"blocks-gallery-item\"><figure><img decoding=\"async\" src=\"https:\/\/blog.avinent.com\/wp-content\/uploads\/sites\/9\/2022\/01\/20_LE.jpg\" alt=\"\" data-id=\"2166\" data-link=\"https:\/\/blog.avinent.com\/implantes-subperiosticos-personalizados\/20_le\/\" class=\"wp-image-2166\" \/><figcaption> <br>Dise\u00f1o de la estructura superi\u00f3stica con placa desmontable en el paciente. <\/figcaption><\/figure><\/li><\/ul>\n\n\n\n<p>El Doctor tambi\u00e9n sostiene que poder utilizar un <strong>modelo anat\u00f3mico 3D <\/strong>del caso y una r\u00e9plica del implante en poliamida permite probar la inserci\u00f3n y comprobar si el despegamiento de las partes blandas es suficiente, preparando asimismo la pr\u00f3tesis provisional.<\/p>\n\n\n\n<blockquote class=\"wp-block-quote is-layout-flow wp-block-quote-is-layout-flow\"><p> \u201c<em>Los 8 pacientes tratados mediante implantes subperi\u00f3sticos a medida, dise\u00f1ados en colaboraci\u00f3n con Avinent, completaron todas las fases del tratamiento y se encuentran rehabilitados con la pr\u00f3tesis definitiva.<\/em>\u201d <\/p><cite> <br>Extra\u00eddo del <a href=\"https:\/\/www.revistacirugiaoralymaxilofacial.es\/Ficheros\/1493\/4\/04_OR_Chamorro_esp.pdf\">art\u00edculo de SECOM CyC<\/a>.  <\/cite><\/blockquote>\n\n\n\n<ul class=\"wp-block-gallery columns-3 is-cropped wp-block-gallery-3 is-layout-flex wp-block-gallery-is-layout-flex\"><li class=\"blocks-gallery-item\"><figure><img fetchpriority=\"high\" decoding=\"async\" width=\"1024\" height=\"584\" src=\"https:\/\/blog.avinent.com\/wp-content\/uploads\/sites\/9\/2022\/01\/Malla-1024x584.jpg\" alt=\"\" data-id=\"2168\" data-link=\"https:\/\/blog.avinent.com\/es\/implantes-subperiosticos-personalizados\/malla\/\" class=\"wp-image-2168\" srcset=\"https:\/\/avinent.com\/wp-content\/uploads\/2022\/01\/Malla-1024x584.jpg 1024w, https:\/\/avinent.com\/wp-content\/uploads\/2022\/01\/Malla-300x171.jpg 300w, https:\/\/avinent.com\/wp-content\/uploads\/2022\/01\/Malla-768x438.jpg 768w, https:\/\/avinent.com\/wp-content\/uploads\/2022\/01\/Malla-180x103.jpg 180w, https:\/\/avinent.com\/wp-content\/uploads\/2022\/01\/Malla-360x205.jpg 360w, https:\/\/avinent.com\/wp-content\/uploads\/2022\/01\/Malla-640x365.jpg 640w, https:\/\/avinent.com\/wp-content\/uploads\/2022\/01\/Malla.jpg 1255w\" sizes=\"(max-width: 1024px) 100vw, 1024px\" \/><figcaption>Malla dise\u00f1ada para fabricar en Titanio.<\/figcaption><\/figure><\/li><li class=\"blocks-gallery-item\"><figure><img decoding=\"async\" src=\"https:\/\/blog.avinent.com\/wp-content\/uploads\/sites\/9\/2022\/01\/Placa.jpg\" alt=\"\" data-id=\"2171\" data-link=\"https:\/\/blog.avinent.com\/es\/implantes-subperiosticos-personalizados\/placa\/\" class=\"wp-image-2171\" \/><figcaption>Placa dise\u00f1ada para fabricar en Titanio.<\/figcaption><\/figure><\/li><li class=\"blocks-gallery-item\"><figure><img decoding=\"async\" src=\"https:\/\/blog.avinent.com\/wp-content\/uploads\/sites\/9\/2022\/01\/Model-malla-1024x493.jpg\" alt=\"\" data-id=\"2169\" data-link=\"https:\/\/blog.avinent.com\/es\/implantes-subperiosticos-personalizados\/model-malla\/\" class=\"wp-image-2169\" \/><figcaption>Malla para imprimir en Poliamida como modelo.<\/figcaption><\/figure><\/li><li class=\"blocks-gallery-item\"><figure><img decoding=\"async\" src=\"https:\/\/blog.avinent.com\/wp-content\/uploads\/sites\/9\/2022\/01\/Model-maxilar.jpg\" alt=\"\" data-id=\"2170\" data-link=\"https:\/\/blog.avinent.com\/es\/implantes-subperiosticos-personalizados\/model-maxilar\/\" class=\"wp-image-2170\" \/><figcaption>Model maxilar para imprimir en Poliamida como modelo.<\/figcaption><\/figure><\/li><li class=\"blocks-gallery-item\"><figure><img decoding=\"async\" src=\"https:\/\/blog.avinent.com\/wp-content\/uploads\/sites\/9\/2022\/01\/IMG_1102-1024x664.jpg\" alt=\"\" data-id=\"2179\" data-link=\"https:\/\/blog.avinent.com\/es\/implantes-subperiosticos-personalizados\/img_1102\/\" class=\"wp-image-2179\" \/><figcaption>Malla una vez fabricada en Titanio.<\/figcaption><\/figure><\/li><li class=\"blocks-gallery-item\"><figure><img decoding=\"async\" width=\"1024\" height=\"807\" src=\"https:\/\/blog.avinent.com\/wp-content\/uploads\/sites\/9\/2022\/01\/IMG_1079-1024x807.jpg\" alt=\"\" data-id=\"2180\" data-link=\"https:\/\/blog.avinent.com\/es\/implantes-subperiosticos-personalizados\/img_1079\/\" class=\"wp-image-2180\" srcset=\"https:\/\/avinent.com\/wp-content\/uploads\/2022\/01\/IMG_1079-1024x807.jpg 1024w, https:\/\/avinent.com\/wp-content\/uploads\/2022\/01\/IMG_1079-300x236.jpg 300w, https:\/\/avinent.com\/wp-content\/uploads\/2022\/01\/IMG_1079-768x605.jpg 768w, https:\/\/avinent.com\/wp-content\/uploads\/2022\/01\/IMG_1079-1536x1210.jpg 1536w, https:\/\/avinent.com\/wp-content\/uploads\/2022\/01\/IMG_1079-180x142.jpg 180w, https:\/\/avinent.com\/wp-content\/uploads\/2022\/01\/IMG_1079-360x284.jpg 360w, https:\/\/avinent.com\/wp-content\/uploads\/2022\/01\/IMG_1079-640x504.jpg 640w, https:\/\/avinent.com\/wp-content\/uploads\/2022\/01\/IMG_1079-1366x1076.jpg 1366w, https:\/\/avinent.com\/wp-content\/uploads\/2022\/01\/IMG_1079.jpg 1597w\" sizes=\"(max-width: 1024px) 100vw, 1024px\" \/><figcaption>Placa una vez fabricada en Titanio.<\/figcaption><\/figure><\/li><\/ul>\n\n\n\n<p>Queremos ofrecerte una soluci\u00f3n a medida con el caso que estas preparando, por este motivo sabemos que el Implante Biomimetic Iceberg es la soluci\u00f3n que estabas buscando para tratamientos de una sola fase o con una fase restaurativa delicada.<\/p>\n\n\n\n<p>El <strong>Dr. Chamorro<\/strong> contento de los buenos resultados de los casos, nos cuenta que la <strong>satisfacci\u00f3n de los pacientes<\/strong> es muy grande: \u201c<em>Pasan de tener atrofia \u00f3sea severa o situaciones complejas, a recuperar la masticaci\u00f3n y la est\u00e9tica facial en un tiempo relativamente corto y con una sola cirug\u00eda<\/em>.\u201d <br><br> <br>En definitiva, la <strong>rehabilitaci\u00f3n con implantes subperi\u00f3sticos<\/strong> es una buena soluci\u00f3n para pacientes con atrofia \u00f3sea grave. <\/p>\n\t\t","protected":false},"excerpt":{"rendered":"<p>\t\t\t\tDescubre las 4 razones por las que el implante Iceberg es tu compa\u00f1ero perfecto en todas tus rehabilitaciones est\u00e9ticas.\t\t\t\t<\/p>\n","protected":false},"author":2,"featured_media":2152,"comment_status":"closed","ping_status":"closed","sticky":false,"template":"","format":"standard","meta":{"_acf_changed":false,"inline_featured_image":false,"footnotes":""},"categories":[39],"tags":[],"profesional_medics":[151],"segment":[170],"class_list":["post-2147","post","type-post","status-publish","format-standard","has-post-thumbnail","hentry","category-consejos","profesional_medics-dr-manuel-chamorro-pons","segments-implantes"],"acf":[],"yoast_head":"<!-- This site is optimized with the Yoast SEO plugin v26.8 - https:\/\/yoast.com\/product\/yoast-seo-wordpress\/ -->\n<title>Implantes subperi\u00f3sticos: El Dr. Manuel Chamorro Pons<\/title>\n<meta name=\"description\" content=\"Implantes subperi\u00f3sticos: El Dr. Manuel Chamorro Pons nos da su enfoque m\u00e1s hol\u00edstico sobre c\u00f3mo los implantes subperi\u00f3sticos personalizados\" \/>\n<meta name=\"robots\" content=\"index, follow, max-snippet:-1, max-image-preview:large, max-video-preview:-1\" \/>\n<meta property=\"og:locale\" content=\"ca_ES\" \/>\n<meta property=\"og:type\" content=\"article\" \/>\n<meta property=\"og:title\" content=\"Implantes subperi\u00f3sticos: El Dr. Manuel Chamorro Pons\" \/>\n<meta property=\"og:description\" content=\"Implantes subperi\u00f3sticos: El Dr. Manuel Chamorro Pons nos da su enfoque m\u00e1s hol\u00edstico sobre c\u00f3mo los implantes subperi\u00f3sticos personalizados\" \/>\n<meta property=\"og:url\" content=\"https:\/\/avinent.com\/blog\/implantes-subperiosticos-personalizados\/\" \/>\n<meta property=\"og:site_name\" content=\"Avinent\" \/>\n<meta property=\"article:published_time\" content=\"2022-02-02T16:23:34+00:00\" \/>\n<meta property=\"article:modified_time\" content=\"2025-06-02T15:40:25+00:00\" \/>\n<meta property=\"og:image\" content=\"https:\/\/avinent.com\/wp-content\/uploads\/2022\/01\/Banner-web-blo.jpg\" \/>\n\t<meta property=\"og:image:width\" content=\"1900\" \/>\n\t<meta property=\"og:image:height\" content=\"818\" \/>\n\t<meta property=\"og:image:type\" content=\"image\/jpeg\" \/>\n<meta name=\"author\" content=\"wwwarcelona\" \/>\n<meta name=\"twitter:card\" content=\"summary_large_image\" \/>\n<meta name=\"twitter:label1\" content=\"Escrit per\" \/>\n\t<meta name=\"twitter:data1\" content=\"wwwarcelona\" \/>\n\t<meta name=\"twitter:label2\" content=\"Temps estimat de lectura\" \/>\n\t<meta name=\"twitter:data2\" content=\"6 minuts\" \/>\n<script type=\"application\/ld+json\" class=\"yoast-schema-graph\">{\"@context\":\"https:\/\/schema.org\",\"@graph\":[{\"@type\":\"Article\",\"@id\":\"https:\/\/avinent.com\/blog\/implantes-subperiosticos-personalizados\/#article\",\"isPartOf\":{\"@id\":\"https:\/\/avinent.com\/blog\/implantes-subperiosticos-personalizados\/\"},\"author\":{\"name\":\"wwwarcelona\",\"@id\":\"https:\/\/avinent.com\/#\/schema\/person\/36b86133d985ef99a16d3a953381b494\"},\"headline\":\"Dr. Manuel Chamorro: \u201cAnte una atrofia \u00f3sea severa del maxilar la mejor soluci\u00f3n es una estructura subperi\u00f3stica personalizada\u201d\",\"datePublished\":\"2022-02-02T16:23:34+00:00\",\"dateModified\":\"2025-06-02T15:40:25+00:00\",\"mainEntityOfPage\":{\"@id\":\"https:\/\/avinent.com\/blog\/implantes-subperiosticos-personalizados\/\"},\"wordCount\":826,\"publisher\":{\"@id\":\"https:\/\/avinent.com\/#organization\"},\"image\":{\"@id\":\"https:\/\/avinent.com\/blog\/implantes-subperiosticos-personalizados\/#primaryimage\"},\"thumbnailUrl\":\"https:\/\/avinent.com\/wp-content\/uploads\/2022\/01\/Banner-web-blo.jpg\",\"articleSection\":[\"Consejos\"],\"inLanguage\":\"ca\"},{\"@type\":\"WebPage\",\"@id\":\"https:\/\/avinent.com\/blog\/implantes-subperiosticos-personalizados\/\",\"url\":\"https:\/\/avinent.com\/blog\/implantes-subperiosticos-personalizados\/\",\"name\":\"Implantes subperi\u00f3sticos: El Dr. Manuel Chamorro Pons\",\"isPartOf\":{\"@id\":\"https:\/\/avinent.com\/#website\"},\"primaryImageOfPage\":{\"@id\":\"https:\/\/avinent.com\/blog\/implantes-subperiosticos-personalizados\/#primaryimage\"},\"image\":{\"@id\":\"https:\/\/avinent.com\/blog\/implantes-subperiosticos-personalizados\/#primaryimage\"},\"thumbnailUrl\":\"https:\/\/avinent.com\/wp-content\/uploads\/2022\/01\/Banner-web-blo.jpg\",\"datePublished\":\"2022-02-02T16:23:34+00:00\",\"dateModified\":\"2025-06-02T15:40:25+00:00\",\"description\":\"Implantes subperi\u00f3sticos: El Dr. Manuel Chamorro Pons nos da su enfoque m\u00e1s hol\u00edstico sobre c\u00f3mo los implantes subperi\u00f3sticos personalizados\",\"breadcrumb\":{\"@id\":\"https:\/\/avinent.com\/blog\/implantes-subperiosticos-personalizados\/#breadcrumb\"},\"inLanguage\":\"ca\",\"potentialAction\":[{\"@type\":\"ReadAction\",\"target\":[\"https:\/\/avinent.com\/blog\/implantes-subperiosticos-personalizados\/\"]}]},{\"@type\":\"ImageObject\",\"inLanguage\":\"ca\",\"@id\":\"https:\/\/avinent.com\/blog\/implantes-subperiosticos-personalizados\/#primaryimage\",\"url\":\"https:\/\/avinent.com\/wp-content\/uploads\/2022\/01\/Banner-web-blo.jpg\",\"contentUrl\":\"https:\/\/avinent.com\/wp-content\/uploads\/2022\/01\/Banner-web-blo.jpg\",\"width\":1900,\"height\":818,\"caption\":\"\"},{\"@type\":\"BreadcrumbList\",\"@id\":\"https:\/\/avinent.com\/blog\/implantes-subperiosticos-personalizados\/#breadcrumb\",\"itemListElement\":[{\"@type\":\"ListItem\",\"position\":1,\"name\":\"Portada\",\"item\":\"https:\/\/avinent.com\/ca\/home\/\"},{\"@type\":\"ListItem\",\"position\":2,\"name\":\"Dr. Manuel Chamorro: \u201cAnte una atrofia \u00f3sea severa del maxilar la mejor soluci\u00f3n es una estructura subperi\u00f3stica personalizada\u201d\"}]},{\"@type\":\"WebSite\",\"@id\":\"https:\/\/avinent.com\/#website\",\"url\":\"https:\/\/avinent.com\/\",\"name\":\"Avinent\",\"description\":\"Todas las soluciones m\u00e9dicas y dentales\",\"publisher\":{\"@id\":\"https:\/\/avinent.com\/#organization\"},\"potentialAction\":[{\"@type\":\"SearchAction\",\"target\":{\"@type\":\"EntryPoint\",\"urlTemplate\":\"https:\/\/avinent.com\/?s={search_term_string}\"},\"query-input\":{\"@type\":\"PropertyValueSpecification\",\"valueRequired\":true,\"valueName\":\"search_term_string\"}}],\"inLanguage\":\"ca\"},{\"@type\":\"Organization\",\"@id\":\"https:\/\/avinent.com\/#organization\",\"name\":\"Avinent\",\"url\":\"https:\/\/avinent.com\/\",\"logo\":{\"@type\":\"ImageObject\",\"inLanguage\":\"ca\",\"@id\":\"https:\/\/avinent.com\/#\/schema\/logo\/image\/\",\"url\":\"https:\/\/avinent.com\/wp-content\/uploads\/2021\/10\/cropped-9216650250dc9798b51ff14a0e1c16c7.png\",\"contentUrl\":\"https:\/\/avinent.com\/wp-content\/uploads\/2021\/10\/cropped-9216650250dc9798b51ff14a0e1c16c7.png\",\"width\":122,\"height\":79,\"caption\":\"Avinent\"},\"image\":{\"@id\":\"https:\/\/avinent.com\/#\/schema\/logo\/image\/\"}},{\"@type\":\"Person\",\"@id\":\"https:\/\/avinent.com\/#\/schema\/person\/36b86133d985ef99a16d3a953381b494\",\"name\":\"wwwarcelona\",\"image\":{\"@type\":\"ImageObject\",\"inLanguage\":\"ca\",\"@id\":\"https:\/\/avinent.com\/#\/schema\/person\/image\/\",\"url\":\"https:\/\/secure.gravatar.com\/avatar\/22c6e61b197bfcfe682559e4aa8d3534?s=96&d=mm&r=g\",\"contentUrl\":\"https:\/\/secure.gravatar.com\/avatar\/22c6e61b197bfcfe682559e4aa8d3534?s=96&d=mm&r=g\",\"caption\":\"wwwarcelona\"}}]}<\/script>\n<!-- \/ Yoast SEO plugin. -->","yoast_head_json":{"title":"Implantes subperi\u00f3sticos: El Dr. Manuel Chamorro Pons","description":"Implantes subperi\u00f3sticos: El Dr. Manuel Chamorro Pons nos da su enfoque m\u00e1s hol\u00edstico sobre c\u00f3mo los implantes subperi\u00f3sticos personalizados","robots":{"index":"index","follow":"follow","max-snippet":"max-snippet:-1","max-image-preview":"max-image-preview:large","max-video-preview":"max-video-preview:-1"},"og_locale":"ca_ES","og_type":"article","og_title":"Implantes subperi\u00f3sticos: El Dr. Manuel Chamorro Pons","og_description":"Implantes subperi\u00f3sticos: El Dr. Manuel Chamorro Pons nos da su enfoque m\u00e1s hol\u00edstico sobre c\u00f3mo los implantes subperi\u00f3sticos personalizados","og_url":"https:\/\/avinent.com\/blog\/implantes-subperiosticos-personalizados\/","og_site_name":"Avinent","article_published_time":"2022-02-02T16:23:34+00:00","article_modified_time":"2025-06-02T15:40:25+00:00","og_image":[{"width":1900,"height":818,"url":"https:\/\/avinent.com\/wp-content\/uploads\/2022\/01\/Banner-web-blo.jpg","type":"image\/jpeg"}],"author":"wwwarcelona","twitter_card":"summary_large_image","twitter_misc":{"Escrit per":"wwwarcelona","Temps estimat de lectura":"6 minuts"},"schema":{"@context":"https:\/\/schema.org","@graph":[{"@type":"Article","@id":"https:\/\/avinent.com\/blog\/implantes-subperiosticos-personalizados\/#article","isPartOf":{"@id":"https:\/\/avinent.com\/blog\/implantes-subperiosticos-personalizados\/"},"author":{"name":"wwwarcelona","@id":"https:\/\/avinent.com\/#\/schema\/person\/36b86133d985ef99a16d3a953381b494"},"headline":"Dr. Manuel Chamorro: \u201cAnte una atrofia \u00f3sea severa del maxilar la mejor soluci\u00f3n es una estructura subperi\u00f3stica personalizada\u201d","datePublished":"2022-02-02T16:23:34+00:00","dateModified":"2025-06-02T15:40:25+00:00","mainEntityOfPage":{"@id":"https:\/\/avinent.com\/blog\/implantes-subperiosticos-personalizados\/"},"wordCount":826,"publisher":{"@id":"https:\/\/avinent.com\/#organization"},"image":{"@id":"https:\/\/avinent.com\/blog\/implantes-subperiosticos-personalizados\/#primaryimage"},"thumbnailUrl":"https:\/\/avinent.com\/wp-content\/uploads\/2022\/01\/Banner-web-blo.jpg","articleSection":["Consejos"],"inLanguage":"ca"},{"@type":"WebPage","@id":"https:\/\/avinent.com\/blog\/implantes-subperiosticos-personalizados\/","url":"https:\/\/avinent.com\/blog\/implantes-subperiosticos-personalizados\/","name":"Implantes subperi\u00f3sticos: El Dr. Manuel Chamorro Pons","isPartOf":{"@id":"https:\/\/avinent.com\/#website"},"primaryImageOfPage":{"@id":"https:\/\/avinent.com\/blog\/implantes-subperiosticos-personalizados\/#primaryimage"},"image":{"@id":"https:\/\/avinent.com\/blog\/implantes-subperiosticos-personalizados\/#primaryimage"},"thumbnailUrl":"https:\/\/avinent.com\/wp-content\/uploads\/2022\/01\/Banner-web-blo.jpg","datePublished":"2022-02-02T16:23:34+00:00","dateModified":"2025-06-02T15:40:25+00:00","description":"Implantes subperi\u00f3sticos: El Dr. Manuel Chamorro Pons nos da su enfoque m\u00e1s hol\u00edstico sobre c\u00f3mo los implantes subperi\u00f3sticos personalizados","breadcrumb":{"@id":"https:\/\/avinent.com\/blog\/implantes-subperiosticos-personalizados\/#breadcrumb"},"inLanguage":"ca","potentialAction":[{"@type":"ReadAction","target":["https:\/\/avinent.com\/blog\/implantes-subperiosticos-personalizados\/"]}]},{"@type":"ImageObject","inLanguage":"ca","@id":"https:\/\/avinent.com\/blog\/implantes-subperiosticos-personalizados\/#primaryimage","url":"https:\/\/avinent.com\/wp-content\/uploads\/2022\/01\/Banner-web-blo.jpg","contentUrl":"https:\/\/avinent.com\/wp-content\/uploads\/2022\/01\/Banner-web-blo.jpg","width":1900,"height":818,"caption":""},{"@type":"BreadcrumbList","@id":"https:\/\/avinent.com\/blog\/implantes-subperiosticos-personalizados\/#breadcrumb","itemListElement":[{"@type":"ListItem","position":1,"name":"Portada","item":"https:\/\/avinent.com\/ca\/home\/"},{"@type":"ListItem","position":2,"name":"Dr. Manuel Chamorro: \u201cAnte una atrofia \u00f3sea severa del maxilar la mejor soluci\u00f3n es una estructura subperi\u00f3stica personalizada\u201d"}]},{"@type":"WebSite","@id":"https:\/\/avinent.com\/#website","url":"https:\/\/avinent.com\/","name":"Avinent","description":"Todas las soluciones m\u00e9dicas y dentales","publisher":{"@id":"https:\/\/avinent.com\/#organization"},"potentialAction":[{"@type":"SearchAction","target":{"@type":"EntryPoint","urlTemplate":"https:\/\/avinent.com\/?s={search_term_string}"},"query-input":{"@type":"PropertyValueSpecification","valueRequired":true,"valueName":"search_term_string"}}],"inLanguage":"ca"},{"@type":"Organization","@id":"https:\/\/avinent.com\/#organization","name":"Avinent","url":"https:\/\/avinent.com\/","logo":{"@type":"ImageObject","inLanguage":"ca","@id":"https:\/\/avinent.com\/#\/schema\/logo\/image\/","url":"https:\/\/avinent.com\/wp-content\/uploads\/2021\/10\/cropped-9216650250dc9798b51ff14a0e1c16c7.png","contentUrl":"https:\/\/avinent.com\/wp-content\/uploads\/2021\/10\/cropped-9216650250dc9798b51ff14a0e1c16c7.png","width":122,"height":79,"caption":"Avinent"},"image":{"@id":"https:\/\/avinent.com\/#\/schema\/logo\/image\/"}},{"@type":"Person","@id":"https:\/\/avinent.com\/#\/schema\/person\/36b86133d985ef99a16d3a953381b494","name":"wwwarcelona","image":{"@type":"ImageObject","inLanguage":"ca","@id":"https:\/\/avinent.com\/#\/schema\/person\/image\/","url":"https:\/\/secure.gravatar.com\/avatar\/22c6e61b197bfcfe682559e4aa8d3534?s=96&d=mm&r=g","contentUrl":"https:\/\/secure.gravatar.com\/avatar\/22c6e61b197bfcfe682559e4aa8d3534?s=96&d=mm&r=g","caption":"wwwarcelona"}}]}},"_links":{"self":[{"href":"https:\/\/avinent.com\/ca\/wp-json\/wp\/v2\/posts\/2147","targetHints":{"allow":["GET"]}}],"collection":[{"href":"https:\/\/avinent.com\/ca\/wp-json\/wp\/v2\/posts"}],"about":[{"href":"https:\/\/avinent.com\/ca\/wp-json\/wp\/v2\/types\/post"}],"author":[{"embeddable":true,"href":"https:\/\/avinent.com\/ca\/wp-json\/wp\/v2\/users\/2"}],"replies":[{"embeddable":true,"href":"https:\/\/avinent.com\/ca\/wp-json\/wp\/v2\/comments?post=2147"}],"version-history":[{"count":1,"href":"https:\/\/avinent.com\/ca\/wp-json\/wp\/v2\/posts\/2147\/revisions"}],"predecessor-version":[{"id":14528,"href":"https:\/\/avinent.com\/ca\/wp-json\/wp\/v2\/posts\/2147\/revisions\/14528"}],"wp:featuredmedia":[{"embeddable":true,"href":"https:\/\/avinent.com\/ca\/wp-json\/wp\/v2\/media\/2152"}],"wp:attachment":[{"href":"https:\/\/avinent.com\/ca\/wp-json\/wp\/v2\/media?parent=2147"}],"wp:term":[{"taxonomy":"category","embeddable":true,"href":"https:\/\/avinent.com\/ca\/wp-json\/wp\/v2\/categories?post=2147"},{"taxonomy":"post_tag","embeddable":true,"href":"https:\/\/avinent.com\/ca\/wp-json\/wp\/v2\/tags?post=2147"},{"taxonomy":"profesional_medics","embeddable":true,"href":"https:\/\/avinent.com\/ca\/wp-json\/wp\/v2\/profesional_medics?post=2147"},{"taxonomy":"segments","embeddable":true,"href":"https:\/\/avinent.com\/ca\/wp-json\/wp\/v2\/segment?post=2147"}],"curies":[{"name":"wp","href":"https:\/\/api.w.org\/{rel}","templated":true}]}}