{"id":2778,"date":"2022-12-14T12:24:47","date_gmt":"2022-12-14T11:24:47","guid":{"rendered":"https:\/\/blog.avinent.com\/?p=2778"},"modified":"2024-11-20T11:36:35","modified_gmt":"2024-11-20T10:36:35","slug":"alargamiento-de-corona-estetico","status":"publish","type":"post","link":"https:\/\/avinent.com\/ca\/blog\/alargamiento-de-corona-estetico\/","title":{"rendered":"Alargamiento de corona est\u00e9tico"},"content":{"rendered":"\n\t\t\t\t\n<h2 class=\"wp-block-heading\"><strong>Descripci\u00f3n\ndel caso<\/strong><\/h2>\n\n\n\n<p>Mujer de 19 a\u00f1os sin antecedentes m\u00e9dicos de inter\u00e9s ni h\u00e1bitos nocivos, que presenta una exposici\u00f3n gingival excesiva al sonre\u00edr.&nbsp;<\/p>\n\n\n\n<p>Tras realizar un escaneado intraoral y una tomograf\u00eda computarizada de haz c\u00f3nico, se co-dise\u00f1\u00f3 junto a Avinent una gu\u00eda quir\u00fargica periodontal personalizada mediante el software DentalCad (Exocad). El dispositivo de poliamida fabricado por Avinent presentaba una zona de corte interna correspondiente al futuro margen gingival cervical, y una externa que indicaba la cantidad m\u00e1xima de ostectom\u00eda a realizar.\u202f\u202f\u202f&nbsp;&nbsp;<\/p>\n\n\n\n<p>Se efectuaron incisiones a bisel interno de 1.5 a 2.5 respetando las indicaciones de la gu\u00eda quir\u00fargica. A continuaci\u00f3n, se retir\u00f3 el dispositivo para terminar de contornear los tejidos con l\u00e1ser de diodos. Posteriormente, se despeg\u00f3 un colgajo gingival a espesor completo, se reposicion\u00f3 la gu\u00eda, y se realiz\u00f3 la osteoplastia y ostectom\u00eda siguiendo la zona de corte externa (3 mm desde la uni\u00f3n amelocementaria hasta el hueso crestal). Finalmente, se procedi\u00f3 a la sutura de las papilas con puntos colchoneros verticales. No se reportaron complicaciones intra ni postoperatorias.&nbsp;&nbsp;<\/p>\n\n\n\n<p>El seguimiento cl\u00ednico a los 4 meses mostr\u00f3 una completa estabilidad tisular, as\u00ed como el equilibrio y armon\u00eda de la sonrisa, alcanzando el resultado est\u00e9tico requerido por la paciente.&nbsp;<\/p>\n\n\n\n<ul class=\"wp-block-gallery columns-3 is-cropped wp-block-gallery-1 is-layout-flex wp-block-gallery-is-layout-flex\"><li class=\"blocks-gallery-item\"><figure><img decoding=\"async\" src=\"https:\/\/blog.avinent.com\/wp-content\/uploads\/sites\/9\/2022\/11\/5-1024x640.jpg\" alt=\"\" data-id=\"2779\" data-link=\"https:\/\/blog.avinent.com\/?attachment_id=2779\" class=\"wp-image-2779\" \/><figcaption>Fotos iniciales del caso<\/figcaption><\/figure><\/li><li class=\"blocks-gallery-item\"><figure><img decoding=\"async\" src=\"https:\/\/blog.avinent.com\/wp-content\/uploads\/sites\/9\/2022\/11\/6-2-1024x640.jpg\" alt=\"\" data-id=\"2865\" data-link=\"https:\/\/blog.avinent.com\/alargamiento-de-corona-estetico\/6-39\/\" class=\"wp-image-2865\" \/><figcaption> Fotos iniciales del caso  <\/figcaption><\/figure><\/li><li class=\"blocks-gallery-item\"><figure><img decoding=\"async\" src=\"https:\/\/blog.avinent.com\/wp-content\/uploads\/sites\/9\/2022\/11\/7-2-1024x640.jpg\" alt=\"\" data-id=\"2866\" data-link=\"https:\/\/blog.avinent.com\/alargamiento-de-corona-estetico\/7-29\/\" class=\"wp-image-2866\" \/><figcaption> Fotos iniciales del caso  <\/figcaption><\/figure><\/li><li class=\"blocks-gallery-item\"><figure><img decoding=\"async\" src=\"https:\/\/blog.avinent.com\/wp-content\/uploads\/sites\/9\/2022\/11\/8-2-1024x640.jpg\" alt=\"\" data-id=\"2867\" data-link=\"https:\/\/blog.avinent.com\/alargamiento-de-corona-estetico\/8-32\/\" class=\"wp-image-2867\" \/><figcaption> Fotos iniciales del caso  <\/figcaption><\/figure><\/li><\/ul>\n\n\n\n<ul class=\"wp-block-gallery columns-3 is-cropped wp-block-gallery-2 is-layout-flex wp-block-gallery-is-layout-flex\"><li class=\"blocks-gallery-item\"><figure><img decoding=\"async\" src=\"https:\/\/blog.avinent.com\/wp-content\/uploads\/sites\/9\/2022\/11\/1-1024x640.jpg\" alt=\"\" data-id=\"2806\" data-link=\"https:\/\/blog.avinent.com\/?attachment_id=2806\" class=\"wp-image-2806\" \/><figcaption>Dise\u00f1o de la f\u00e9rula quir\u00fargica<\/figcaption><\/figure><\/li><li class=\"blocks-gallery-item\"><figure><img decoding=\"async\" src=\"https:\/\/blog.avinent.com\/wp-content\/uploads\/sites\/9\/2022\/11\/2-1024x640.jpg\" alt=\"\" data-id=\"2807\" data-link=\"https:\/\/blog.avinent.com\/?attachment_id=2807\" class=\"wp-image-2807\" \/><figcaption>Planificaci\u00f3n de la altura de las coronas finales | Im\u00e1gen del resultado final<\/figcaption><\/figure><\/li><li class=\"blocks-gallery-item\"><figure><img decoding=\"async\" src=\"https:\/\/blog.avinent.com\/wp-content\/uploads\/sites\/9\/2022\/11\/4-1024x640.jpg\" alt=\"\" data-id=\"2808\" data-link=\"https:\/\/blog.avinent.com\/?attachment_id=2808\" class=\"wp-image-2808\" \/><figcaption>Detalle del ajuste y grosor de la f\u00e9rula quir\u00fargica<\/figcaption><\/figure><\/li><\/ul>\n\n\n\n<ul class=\"wp-block-gallery columns-2 is-cropped wp-block-gallery-3 is-layout-flex wp-block-gallery-is-layout-flex\"><li class=\"blocks-gallery-item\"><figure><img decoding=\"async\" src=\"https:\/\/blog.avinent.com\/wp-content\/uploads\/sites\/9\/2022\/11\/9-4-1024x640.jpg\" alt=\"\" data-id=\"2880\" data-link=\"https:\/\/blog.avinent.com\/alargamiento-de-corona-estetico\/9-27\/\" class=\"wp-image-2880\" \/><figcaption>Imagen de la f\u00e9rula quir\u00fargica en boca <\/figcaption><\/figure><\/li><li class=\"blocks-gallery-item\"><figure><img decoding=\"async\" src=\"https:\/\/blog.avinent.com\/wp-content\/uploads\/sites\/9\/2022\/11\/10-2-1024x640.jpg\" alt=\"\" data-id=\"2881\" data-link=\"https:\/\/blog.avinent.com\/alargamiento-de-corona-estetico\/10-29\/\" class=\"wp-image-2881\" \/><figcaption>Incisi\u00f3n guiada de los tejidos <\/figcaption><\/figure><\/li><\/ul>\n\n\n\n<ul class=\"wp-block-gallery columns-3 is-cropped wp-block-gallery-4 is-layout-flex wp-block-gallery-is-layout-flex\"><li class=\"blocks-gallery-item\"><figure><img fetchpriority=\"high\" decoding=\"async\" width=\"1024\" height=\"640\" src=\"https:\/\/blog.avinent.com\/wp-content\/uploads\/sites\/9\/2022\/11\/11-1024x640.jpg\" alt=\"\" data-id=\"2785\" data-link=\"https:\/\/blog.avinent.com\/?attachment_id=2785\" class=\"wp-image-2785\" srcset=\"https:\/\/avinent.com\/wp-content\/uploads\/2022\/11\/11-1024x640.jpg 1024w, https:\/\/avinent.com\/wp-content\/uploads\/2022\/11\/11-300x187.jpg 300w, https:\/\/avinent.com\/wp-content\/uploads\/2022\/11\/11-768x480.jpg 768w, https:\/\/avinent.com\/wp-content\/uploads\/2022\/11\/11-1536x960.jpg 1536w, https:\/\/avinent.com\/wp-content\/uploads\/2022\/11\/11-2048x1280.jpg 2048w, https:\/\/avinent.com\/wp-content\/uploads\/2022\/11\/11-180x112.jpg 180w, https:\/\/avinent.com\/wp-content\/uploads\/2022\/11\/11-360x225.jpg 360w, https:\/\/avinent.com\/wp-content\/uploads\/2022\/11\/11-640x400.jpg 640w, https:\/\/avinent.com\/wp-content\/uploads\/2022\/11\/11-1366x853.jpg 1366w, https:\/\/avinent.com\/wp-content\/uploads\/2022\/11\/11-1600x1000.jpg 1600w, https:\/\/avinent.com\/wp-content\/uploads\/2022\/11\/11-1920x1200.jpg 1920w\" sizes=\"(max-width: 1024px) 100vw, 1024px\" \/><figcaption>Contorno de la incisi\u00f3n vestibular<\/figcaption><\/figure><\/li><li class=\"blocks-gallery-item\"><figure><img decoding=\"async\" width=\"1024\" height=\"640\" src=\"https:\/\/blog.avinent.com\/wp-content\/uploads\/sites\/9\/2022\/11\/12-1024x640.jpg\" alt=\"\" data-id=\"2786\" data-link=\"https:\/\/blog.avinent.com\/?attachment_id=2786\" class=\"wp-image-2786\" srcset=\"https:\/\/avinent.com\/wp-content\/uploads\/2022\/11\/12-1024x640.jpg 1024w, https:\/\/avinent.com\/wp-content\/uploads\/2022\/11\/12-300x187.jpg 300w, https:\/\/avinent.com\/wp-content\/uploads\/2022\/11\/12-768x480.jpg 768w, https:\/\/avinent.com\/wp-content\/uploads\/2022\/11\/12-1536x960.jpg 1536w, https:\/\/avinent.com\/wp-content\/uploads\/2022\/11\/12-2048x1280.jpg 2048w, https:\/\/avinent.com\/wp-content\/uploads\/2022\/11\/12-180x112.jpg 180w, https:\/\/avinent.com\/wp-content\/uploads\/2022\/11\/12-360x225.jpg 360w, https:\/\/avinent.com\/wp-content\/uploads\/2022\/11\/12-640x400.jpg 640w, https:\/\/avinent.com\/wp-content\/uploads\/2022\/11\/12-1366x853.jpg 1366w, https:\/\/avinent.com\/wp-content\/uploads\/2022\/11\/12-1600x1000.jpg 1600w, https:\/\/avinent.com\/wp-content\/uploads\/2022\/11\/12-1920x1200.jpg 1920w\" sizes=\"(max-width: 1024px) 100vw, 1024px\" \/><figcaption>Remoci\u00f3n del tejido marginal con una cureta<\/figcaption><\/figure><\/li><li class=\"blocks-gallery-item\"><figure><img decoding=\"async\" src=\"https:\/\/blog.avinent.com\/wp-content\/uploads\/sites\/9\/2022\/11\/13-1024x640.jpg\" alt=\"\" data-id=\"2787\" data-link=\"https:\/\/blog.avinent.com\/?attachment_id=2787\" class=\"wp-image-2787\" \/><figcaption>Contorneado con l\u00e1ser de los tejidos<\/figcaption><\/figure><\/li><\/ul>\n\n\n\n<ul class=\"wp-block-gallery columns-2 is-cropped wp-block-gallery-5 is-layout-flex wp-block-gallery-is-layout-flex\"><li class=\"blocks-gallery-item\"><figure><img decoding=\"async\" src=\"https:\/\/blog.avinent.com\/wp-content\/uploads\/sites\/9\/2022\/11\/14-1024x640.jpg\" alt=\"\" data-id=\"2788\" data-link=\"https:\/\/blog.avinent.com\/?attachment_id=2788\" class=\"wp-image-2788\" \/><figcaption>Resultado del margen gingival planificado<\/figcaption><\/figure><\/li><li class=\"blocks-gallery-item\"><figure><img decoding=\"async\" width=\"1024\" height=\"640\" src=\"https:\/\/blog.avinent.com\/wp-content\/uploads\/sites\/9\/2022\/11\/15-1024x640.jpg\" alt=\"\" data-id=\"2789\" data-link=\"https:\/\/blog.avinent.com\/?attachment_id=2789\" class=\"wp-image-2789\" srcset=\"https:\/\/avinent.com\/wp-content\/uploads\/2022\/11\/15-1024x640.jpg 1024w, https:\/\/avinent.com\/wp-content\/uploads\/2022\/11\/15-300x187.jpg 300w, https:\/\/avinent.com\/wp-content\/uploads\/2022\/11\/15-768x480.jpg 768w, https:\/\/avinent.com\/wp-content\/uploads\/2022\/11\/15-1536x960.jpg 1536w, https:\/\/avinent.com\/wp-content\/uploads\/2022\/11\/15-2048x1280.jpg 2048w, https:\/\/avinent.com\/wp-content\/uploads\/2022\/11\/15-180x112.jpg 180w, https:\/\/avinent.com\/wp-content\/uploads\/2022\/11\/15-360x225.jpg 360w, https:\/\/avinent.com\/wp-content\/uploads\/2022\/11\/15-640x400.jpg 640w, https:\/\/avinent.com\/wp-content\/uploads\/2022\/11\/15-1366x853.jpg 1366w, https:\/\/avinent.com\/wp-content\/uploads\/2022\/11\/15-1600x1000.jpg 1600w, https:\/\/avinent.com\/wp-content\/uploads\/2022\/11\/15-1920x1200.jpg 1920w\" sizes=\"(max-width: 1024px) 100vw, 1024px\" \/><figcaption> <br>Resultado del margen gingival planificado <\/figcaption><\/figure><\/li><\/ul>\n\n\n\n<ul class=\"wp-block-gallery columns-3 is-cropped wp-block-gallery-6 is-layout-flex wp-block-gallery-is-layout-flex\"><li class=\"blocks-gallery-item\"><figure><img loading=\"lazy\" decoding=\"async\" width=\"1024\" height=\"640\" src=\"https:\/\/blog.avinent.com\/wp-content\/uploads\/sites\/9\/2022\/11\/16-1024x640.jpg\" alt=\"\" data-id=\"2790\" data-link=\"https:\/\/blog.avinent.com\/?attachment_id=2790\" class=\"wp-image-2790\" srcset=\"https:\/\/avinent.com\/wp-content\/uploads\/2022\/11\/16-1024x640.jpg 1024w, https:\/\/avinent.com\/wp-content\/uploads\/2022\/11\/16-300x187.jpg 300w, https:\/\/avinent.com\/wp-content\/uploads\/2022\/11\/16-768x480.jpg 768w, https:\/\/avinent.com\/wp-content\/uploads\/2022\/11\/16-1536x960.jpg 1536w, https:\/\/avinent.com\/wp-content\/uploads\/2022\/11\/16-2048x1280.jpg 2048w, https:\/\/avinent.com\/wp-content\/uploads\/2022\/11\/16-180x112.jpg 180w, https:\/\/avinent.com\/wp-content\/uploads\/2022\/11\/16-360x225.jpg 360w, https:\/\/avinent.com\/wp-content\/uploads\/2022\/11\/16-640x400.jpg 640w, https:\/\/avinent.com\/wp-content\/uploads\/2022\/11\/16-1366x853.jpg 1366w, https:\/\/avinent.com\/wp-content\/uploads\/2022\/11\/16-1600x1000.jpg 1600w, https:\/\/avinent.com\/wp-content\/uploads\/2022\/11\/16-1920x1200.jpg 1920w\" sizes=\"(max-width: 1024px) 100vw, 1024px\" \/><figcaption>Detalles del despegamiento del colgajo<\/figcaption><\/figure><\/li><li class=\"blocks-gallery-item\"><figure><img decoding=\"async\" src=\"https:\/\/blog.avinent.com\/wp-content\/uploads\/sites\/9\/2022\/11\/17-1024x640.jpg\" alt=\"\" data-id=\"2791\" data-link=\"https:\/\/blog.avinent.com\/?attachment_id=2791\" class=\"wp-image-2791\" \/><figcaption>Detalles del despegamiento del colgajo <\/figcaption><\/figure><\/li><li class=\"blocks-gallery-item\"><figure><img decoding=\"async\" src=\"https:\/\/blog.avinent.com\/wp-content\/uploads\/sites\/9\/2022\/11\/18-1024x640.jpg\" alt=\"\" data-id=\"2792\" data-link=\"https:\/\/blog.avinent.com\/?attachment_id=2792\" class=\"wp-image-2792\" \/><figcaption>Despegamiento del colgajo a espesor completo<\/figcaption><\/figure><\/li><li class=\"blocks-gallery-item\"><figure><img decoding=\"async\" src=\"https:\/\/blog.avinent.com\/wp-content\/uploads\/sites\/9\/2022\/11\/19-1024x640.jpg\" alt=\"\" data-id=\"2793\" data-link=\"https:\/\/blog.avinent.com\/?attachment_id=2793\" class=\"wp-image-2793\" \/><figcaption>Reposicionamiento de la gu\u00eda para osteoctom\u00eda<\/figcaption><\/figure><\/li><\/ul>\n\n\n\n<ul class=\"wp-block-gallery columns-3 is-cropped wp-block-gallery-7 is-layout-flex wp-block-gallery-is-layout-flex\"><li class=\"blocks-gallery-item\"><figure><img decoding=\"async\" src=\"https:\/\/blog.avinent.com\/wp-content\/uploads\/sites\/9\/2022\/11\/20-1024x640.jpg\" alt=\"\" data-id=\"2794\" data-link=\"https:\/\/blog.avinent.com\/?attachment_id=2794\" class=\"wp-image-2794\" \/><figcaption>Detalle de la osteoctom\u00eda y la ostopl\u00e1stia<\/figcaption><\/figure><\/li><li class=\"blocks-gallery-item\"><figure><img decoding=\"async\" src=\"https:\/\/blog.avinent.com\/wp-content\/uploads\/sites\/9\/2022\/11\/21-1024x640.jpg\" alt=\"\" data-id=\"2795\" data-link=\"https:\/\/blog.avinent.com\/?attachment_id=2795\" class=\"wp-image-2795\" \/><figcaption>Verificaci\u00f3n de la distancia entre el hueso alveolar y la uni\u00f3n amelocementaria<\/figcaption><\/figure><\/li><li class=\"blocks-gallery-item\"><figure><img decoding=\"async\" src=\"https:\/\/blog.avinent.com\/wp-content\/uploads\/sites\/9\/2022\/11\/22-1024x640.jpg\" alt=\"\" data-id=\"2796\" data-link=\"https:\/\/blog.avinent.com\/?attachment_id=2796\" class=\"wp-image-2796\" \/><figcaption>Reposicionamiento del colgajo y sutura<\/figcaption><\/figure><\/li><li class=\"blocks-gallery-item\"><figure><img decoding=\"async\" src=\"https:\/\/blog.avinent.com\/wp-content\/uploads\/sites\/9\/2022\/11\/23-1024x640.jpg\" alt=\"\" data-id=\"2797\" data-link=\"https:\/\/blog.avinent.com\/?attachment_id=2797\" class=\"wp-image-2797\" \/><figcaption>Comprobaci\u00f3n del resultado final con la gu\u00eda quir\u00fargica<\/figcaption><\/figure><\/li><\/ul>\n\n\n\n<ul class=\"wp-block-gallery columns-2 is-cropped wp-block-gallery-8 is-layout-flex wp-block-gallery-is-layout-flex\"><li class=\"blocks-gallery-item\"><figure><img decoding=\"async\" src=\"https:\/\/blog.avinent.com\/wp-content\/uploads\/sites\/9\/2022\/11\/26-1024x640.jpg\" alt=\"\" data-id=\"2799\" data-link=\"https:\/\/blog.avinent.com\/?attachment_id=2799\" class=\"wp-image-2799\" \/><figcaption>Cicatrizaci\u00f3n a los 15 d\u00edas<\/figcaption><\/figure><\/li><li class=\"blocks-gallery-item\"><figure><img decoding=\"async\" src=\"https:\/\/blog.avinent.com\/wp-content\/uploads\/sites\/9\/2022\/11\/28-1024x640.jpg\" alt=\"\" data-id=\"2801\" data-link=\"https:\/\/blog.avinent.com\/?attachment_id=2801\" class=\"wp-image-2801\" \/><figcaption>Retirada de los puntos de sutura<\/figcaption><\/figure><\/li><\/ul>\n\n\n\n<ul class=\"wp-block-gallery columns-3 is-cropped wp-block-gallery-9 is-layout-flex wp-block-gallery-is-layout-flex\"><li class=\"blocks-gallery-item\"><figure><img decoding=\"async\" src=\"https:\/\/blog.avinent.com\/wp-content\/uploads\/sites\/9\/2022\/11\/30-1-1024x640.jpg\" alt=\"\" data-id=\"2859\" data-link=\"https:\/\/blog.avinent.com\/alargamiento-de-corona-estetico\/30-2\/\" class=\"wp-image-2859\" \/><figcaption>Resultado final del caso <\/figcaption><\/figure><\/li><li class=\"blocks-gallery-item\"><figure><img decoding=\"async\" src=\"https:\/\/blog.avinent.com\/wp-content\/uploads\/sites\/9\/2022\/11\/31-2-1024x640.jpg\" alt=\"\" data-id=\"2860\" data-link=\"https:\/\/blog.avinent.com\/alargamiento-de-corona-estetico\/31-3\/\" class=\"wp-image-2860\" \/><figcaption>Resultado final del caso <\/figcaption><\/figure><\/li><li class=\"blocks-gallery-item\"><figure><img loading=\"lazy\" decoding=\"async\" width=\"1024\" height=\"640\" src=\"https:\/\/blog.avinent.com\/wp-content\/uploads\/sites\/9\/2022\/11\/32-4-1024x640.jpg\" alt=\"\" data-id=\"2861\" data-link=\"https:\/\/blog.avinent.com\/alargamiento-de-corona-estetico\/32-5\/\" class=\"wp-image-2861\" srcset=\"https:\/\/avinent.com\/wp-content\/uploads\/2022\/11\/32-4-1024x640.jpg 1024w, https:\/\/avinent.com\/wp-content\/uploads\/2022\/11\/32-4-300x187.jpg 300w, https:\/\/avinent.com\/wp-content\/uploads\/2022\/11\/32-4-768x480.jpg 768w, https:\/\/avinent.com\/wp-content\/uploads\/2022\/11\/32-4-1536x960.jpg 1536w, https:\/\/avinent.com\/wp-content\/uploads\/2022\/11\/32-4-2048x1280.jpg 2048w, https:\/\/avinent.com\/wp-content\/uploads\/2022\/11\/32-4-180x112.jpg 180w, https:\/\/avinent.com\/wp-content\/uploads\/2022\/11\/32-4-360x225.jpg 360w, https:\/\/avinent.com\/wp-content\/uploads\/2022\/11\/32-4-640x400.jpg 640w, https:\/\/avinent.com\/wp-content\/uploads\/2022\/11\/32-4-1366x853.jpg 1366w, https:\/\/avinent.com\/wp-content\/uploads\/2022\/11\/32-4-1600x1000.jpg 1600w, https:\/\/avinent.com\/wp-content\/uploads\/2022\/11\/32-4-1920x1200.jpg 1920w\" sizes=\"(max-width: 1024px) 100vw, 1024px\" \/><figcaption>Resultado final del caso <\/figcaption><\/figure><\/li><\/ul>\n\n\n\n<figure class=\"wp-block-image\"><img decoding=\"async\" src=\"https:\/\/blog.avinent.com\/wp-content\/uploads\/sites\/9\/2022\/11\/33-2-1024x640.jpg\" alt=\"Alargamiento de corona est\u00e9tica final\" class=\"wp-image-2857\" \/><figcaption>Est\u00e9tica final<\/figcaption><\/figure>\n\n\n\n<figure class=\"wp-block-image\"><img decoding=\"async\" src=\"https:\/\/blog.avinent.com\/wp-content\/uploads\/sites\/9\/2022\/11\/antes-despues.jpg\" alt=\"Alargamento de corona Antes y despu\u00e9s.\" class=\"wp-image-2885\" \/><figcaption>Antes y despu\u00e9s<\/figcaption><\/figure>\n\n\n\n<ul class=\"wp-block-gallery columns-3 is-cropped wp-block-gallery-10 is-layout-flex wp-block-gallery-is-layout-flex\"><li class=\"blocks-gallery-item\"><figure><img decoding=\"async\" src=\"https:\/\/blog.avinent.com\/wp-content\/uploads\/sites\/9\/2022\/11\/1-1-1024x640.jpg\" alt=\"\" data-id=\"2810\" data-link=\"https:\/\/blog.avinent.com\/es\/alargamiento-de-corona-estetico\/1-39\/\" class=\"wp-image-2810\" \/><figcaption>Dise\u00f1o de la f\u00e9rula quir\u00fargica <\/figcaption><\/figure><\/li><li class=\"blocks-gallery-item\"><figure><img decoding=\"async\" src=\"https:\/\/blog.avinent.com\/wp-content\/uploads\/sites\/9\/2022\/11\/2-1-1024x640.jpg\" alt=\"\" data-id=\"2811\" data-link=\"https:\/\/blog.avinent.com\/es\/alargamiento-de-corona-estetico\/2-41\/\" class=\"wp-image-2811\" \/><figcaption>Planificaci\u00f3n de la altura de las coronas finales | Im\u00e1gen del resultado final  <\/figcaption><\/figure><\/li><li class=\"blocks-gallery-item\"><figure><img decoding=\"async\" src=\"https:\/\/blog.avinent.com\/wp-content\/uploads\/sites\/9\/2022\/11\/4-1-1024x640.jpg\" alt=\"\" data-id=\"2813\" data-link=\"https:\/\/blog.avinent.com\/es\/alargamiento-de-corona-estetico\/4-45\/\" class=\"wp-image-2813\" \/><figcaption>Detalle del ajuste y grosor de la f\u00e9rula quir\u00fargica  <\/figcaption><\/figure><\/li><li class=\"blocks-gallery-item\"><figure><img decoding=\"async\" src=\"https:\/\/blog.avinent.com\/wp-content\/uploads\/sites\/9\/2022\/11\/5-1-1024x640.jpg\" alt=\"\" data-id=\"2814\" data-link=\"https:\/\/blog.avinent.com\/es\/alargamiento-de-corona-estetico\/5-32\/\" class=\"wp-image-2814\" \/><figcaption>Fotos iniciales del caso <\/figcaption><\/figure><\/li><li class=\"blocks-gallery-item\"><figure><img decoding=\"async\" src=\"https:\/\/blog.avinent.com\/wp-content\/uploads\/sites\/9\/2022\/11\/6-5-1024x640.jpg\" alt=\"\" data-id=\"2874\" data-link=\"https:\/\/blog.avinent.com\/es\/alargamiento-de-corona-estetico\/6-42\/\" class=\"wp-image-2874\" \/><figcaption>Fotos iniciales del caso <\/figcaption><\/figure><\/li><li class=\"blocks-gallery-item\"><figure><img decoding=\"async\" src=\"https:\/\/blog.avinent.com\/wp-content\/uploads\/sites\/9\/2022\/11\/7-5-1024x640.jpg\" alt=\"\" data-id=\"2875\" data-link=\"https:\/\/blog.avinent.com\/es\/alargamiento-de-corona-estetico\/7-32\/\" class=\"wp-image-2875\" \/><figcaption>Fotos iniciales del caso <\/figcaption><\/figure><\/li><li class=\"blocks-gallery-item\"><figure><img decoding=\"async\" src=\"https:\/\/blog.avinent.com\/wp-content\/uploads\/sites\/9\/2022\/11\/8-5-1024x640.jpg\" alt=\"\" data-id=\"2876\" data-link=\"https:\/\/blog.avinent.com\/es\/alargamiento-de-corona-estetico\/8-35\/\" class=\"wp-image-2876\" \/><figcaption>Fotos iniciales del caso <\/figcaption><\/figure><\/li><li class=\"blocks-gallery-item\"><figure><img decoding=\"async\" src=\"https:\/\/blog.avinent.com\/wp-content\/uploads\/sites\/9\/2022\/11\/9-3-1024x640.jpg\" alt=\"\" data-id=\"2878\" data-link=\"https:\/\/blog.avinent.com\/es\/alargamiento-de-corona-estetico\/9-26\/\" class=\"wp-image-2878\" \/><figcaption>Imagen de la f\u00e9rula quir\u00fargica en boca  <\/figcaption><\/figure><\/li><li class=\"blocks-gallery-item\"><figure><img decoding=\"async\" src=\"https:\/\/blog.avinent.com\/wp-content\/uploads\/sites\/9\/2022\/11\/10-1-1024x640.jpg\" alt=\"\" data-id=\"2819\" data-link=\"https:\/\/blog.avinent.com\/es\/alargamiento-de-corona-estetico\/10-28\/\" class=\"wp-image-2819\" \/><figcaption>Incisi\u00f3n guiada de los tejidos  <\/figcaption><\/figure><\/li><li class=\"blocks-gallery-item\"><figure><img decoding=\"async\" src=\"https:\/\/blog.avinent.com\/wp-content\/uploads\/sites\/9\/2022\/11\/11-1-1024x640.jpg\" alt=\"\" data-id=\"2820\" data-link=\"https:\/\/blog.avinent.com\/es\/alargamiento-de-corona-estetico\/11-27\/\" class=\"wp-image-2820\" \/><figcaption>Contorno de la incisi\u00f3n vestibular  <\/figcaption><\/figure><\/li><li class=\"blocks-gallery-item\"><figure><img decoding=\"async\" src=\"https:\/\/blog.avinent.com\/wp-content\/uploads\/sites\/9\/2022\/11\/12-1-1024x640.jpg\" alt=\"\" data-id=\"2821\" data-link=\"https:\/\/blog.avinent.com\/es\/alargamiento-de-corona-estetico\/12-28\/\" class=\"wp-image-2821\" \/><figcaption>Remoci\u00f3n del tejido marginal con una cureta <\/figcaption><\/figure><\/li><li class=\"blocks-gallery-item\"><figure><img decoding=\"async\" src=\"https:\/\/blog.avinent.com\/wp-content\/uploads\/sites\/9\/2022\/11\/13-1-1024x640.jpg\" alt=\"\" data-id=\"2822\" data-link=\"https:\/\/blog.avinent.com\/es\/alargamiento-de-corona-estetico\/13-37\/\" class=\"wp-image-2822\" \/><figcaption>Contorneado con l\u00e1ser de los tejidos  <\/figcaption><\/figure><\/li><li class=\"blocks-gallery-item\"><figure><img loading=\"lazy\" decoding=\"async\" width=\"1024\" height=\"640\" src=\"https:\/\/blog.avinent.com\/wp-content\/uploads\/sites\/9\/2022\/11\/14-1-1024x640.jpg\" alt=\"\" data-id=\"2823\" data-link=\"https:\/\/blog.avinent.com\/es\/alargamiento-de-corona-estetico\/14-32\/\" class=\"wp-image-2823\" srcset=\"https:\/\/avinent.com\/wp-content\/uploads\/2022\/11\/14-1-1024x640.jpg 1024w, https:\/\/avinent.com\/wp-content\/uploads\/2022\/11\/14-1-300x187.jpg 300w, https:\/\/avinent.com\/wp-content\/uploads\/2022\/11\/14-1-768x480.jpg 768w, https:\/\/avinent.com\/wp-content\/uploads\/2022\/11\/14-1-1536x960.jpg 1536w, https:\/\/avinent.com\/wp-content\/uploads\/2022\/11\/14-1-2048x1280.jpg 2048w, https:\/\/avinent.com\/wp-content\/uploads\/2022\/11\/14-1-180x112.jpg 180w, https:\/\/avinent.com\/wp-content\/uploads\/2022\/11\/14-1-360x225.jpg 360w, https:\/\/avinent.com\/wp-content\/uploads\/2022\/11\/14-1-640x400.jpg 640w, https:\/\/avinent.com\/wp-content\/uploads\/2022\/11\/14-1-1366x853.jpg 1366w, https:\/\/avinent.com\/wp-content\/uploads\/2022\/11\/14-1-1600x1000.jpg 1600w, https:\/\/avinent.com\/wp-content\/uploads\/2022\/11\/14-1-1920x1200.jpg 1920w\" sizes=\"(max-width: 1024px) 100vw, 1024px\" \/><figcaption>Resultado del margen gingival planificado <\/figcaption><\/figure><\/li><li class=\"blocks-gallery-item\"><figure><img loading=\"lazy\" decoding=\"async\" width=\"1024\" height=\"640\" src=\"https:\/\/blog.avinent.com\/wp-content\/uploads\/sites\/9\/2022\/11\/15-1-1024x640.jpg\" alt=\"\" data-id=\"2824\" data-link=\"https:\/\/blog.avinent.com\/es\/alargamiento-de-corona-estetico\/15-30\/\" class=\"wp-image-2824\" srcset=\"https:\/\/avinent.com\/wp-content\/uploads\/2022\/11\/15-1-1024x640.jpg 1024w, https:\/\/avinent.com\/wp-content\/uploads\/2022\/11\/15-1-300x187.jpg 300w, https:\/\/avinent.com\/wp-content\/uploads\/2022\/11\/15-1-768x480.jpg 768w, https:\/\/avinent.com\/wp-content\/uploads\/2022\/11\/15-1-1536x960.jpg 1536w, https:\/\/avinent.com\/wp-content\/uploads\/2022\/11\/15-1-2048x1280.jpg 2048w, https:\/\/avinent.com\/wp-content\/uploads\/2022\/11\/15-1-180x112.jpg 180w, https:\/\/avinent.com\/wp-content\/uploads\/2022\/11\/15-1-360x225.jpg 360w, https:\/\/avinent.com\/wp-content\/uploads\/2022\/11\/15-1-640x400.jpg 640w, https:\/\/avinent.com\/wp-content\/uploads\/2022\/11\/15-1-1366x853.jpg 1366w, https:\/\/avinent.com\/wp-content\/uploads\/2022\/11\/15-1-1600x1000.jpg 1600w, https:\/\/avinent.com\/wp-content\/uploads\/2022\/11\/15-1-1920x1200.jpg 1920w\" sizes=\"(max-width: 1024px) 100vw, 1024px\" \/><figcaption>Resultado del margen gingival planificado  <\/figcaption><\/figure><\/li><li class=\"blocks-gallery-item\"><figure><img loading=\"lazy\" decoding=\"async\" width=\"1024\" height=\"640\" src=\"https:\/\/blog.avinent.com\/wp-content\/uploads\/sites\/9\/2022\/11\/16-1-1024x640.jpg\" alt=\"\" data-id=\"2825\" data-link=\"https:\/\/blog.avinent.com\/es\/alargamiento-de-corona-estetico\/16-28\/\" class=\"wp-image-2825\" srcset=\"https:\/\/avinent.com\/wp-content\/uploads\/2022\/11\/16-1-1024x640.jpg 1024w, https:\/\/avinent.com\/wp-content\/uploads\/2022\/11\/16-1-300x187.jpg 300w, https:\/\/avinent.com\/wp-content\/uploads\/2022\/11\/16-1-768x480.jpg 768w, https:\/\/avinent.com\/wp-content\/uploads\/2022\/11\/16-1-1536x960.jpg 1536w, https:\/\/avinent.com\/wp-content\/uploads\/2022\/11\/16-1-2048x1280.jpg 2048w, https:\/\/avinent.com\/wp-content\/uploads\/2022\/11\/16-1-180x112.jpg 180w, https:\/\/avinent.com\/wp-content\/uploads\/2022\/11\/16-1-360x225.jpg 360w, https:\/\/avinent.com\/wp-content\/uploads\/2022\/11\/16-1-640x400.jpg 640w, https:\/\/avinent.com\/wp-content\/uploads\/2022\/11\/16-1-1366x853.jpg 1366w, https:\/\/avinent.com\/wp-content\/uploads\/2022\/11\/16-1-1600x1000.jpg 1600w, https:\/\/avinent.com\/wp-content\/uploads\/2022\/11\/16-1-1920x1200.jpg 1920w\" sizes=\"(max-width: 1024px) 100vw, 1024px\" \/><figcaption>Detalles del despegamiento del colgajo  <\/figcaption><\/figure><\/li><li class=\"blocks-gallery-item\"><figure><img loading=\"lazy\" decoding=\"async\" width=\"1024\" height=\"640\" src=\"https:\/\/blog.avinent.com\/wp-content\/uploads\/sites\/9\/2022\/11\/17-1-1024x640.jpg\" alt=\"\" data-id=\"2826\" data-link=\"https:\/\/blog.avinent.com\/es\/alargamiento-de-corona-estetico\/17-30\/\" class=\"wp-image-2826\" srcset=\"https:\/\/avinent.com\/wp-content\/uploads\/2022\/11\/17-1-1024x640.jpg 1024w, https:\/\/avinent.com\/wp-content\/uploads\/2022\/11\/17-1-300x187.jpg 300w, https:\/\/avinent.com\/wp-content\/uploads\/2022\/11\/17-1-768x480.jpg 768w, https:\/\/avinent.com\/wp-content\/uploads\/2022\/11\/17-1-1536x960.jpg 1536w, https:\/\/avinent.com\/wp-content\/uploads\/2022\/11\/17-1-2048x1280.jpg 2048w, https:\/\/avinent.com\/wp-content\/uploads\/2022\/11\/17-1-180x112.jpg 180w, https:\/\/avinent.com\/wp-content\/uploads\/2022\/11\/17-1-360x225.jpg 360w, https:\/\/avinent.com\/wp-content\/uploads\/2022\/11\/17-1-640x400.jpg 640w, https:\/\/avinent.com\/wp-content\/uploads\/2022\/11\/17-1-1366x853.jpg 1366w, https:\/\/avinent.com\/wp-content\/uploads\/2022\/11\/17-1-1600x1000.jpg 1600w, https:\/\/avinent.com\/wp-content\/uploads\/2022\/11\/17-1-1920x1200.jpg 1920w\" sizes=\"(max-width: 1024px) 100vw, 1024px\" \/><figcaption>Detalles del despegamiento del colgajo  <\/figcaption><\/figure><\/li><li class=\"blocks-gallery-item\"><figure><img decoding=\"async\" src=\"https:\/\/blog.avinent.com\/wp-content\/uploads\/sites\/9\/2022\/11\/18-1-1024x640.jpg\" alt=\"\" data-id=\"2827\" data-link=\"https:\/\/blog.avinent.com\/es\/alargamiento-de-corona-estetico\/18-32\/\" class=\"wp-image-2827\" \/><figcaption>Despegamiento del colgajo a espesor completo  <\/figcaption><\/figure><\/li><li class=\"blocks-gallery-item\"><figure><img decoding=\"async\" src=\"https:\/\/blog.avinent.com\/wp-content\/uploads\/sites\/9\/2022\/11\/19-1-1024x640.jpg\" alt=\"\" data-id=\"2828\" data-link=\"https:\/\/blog.avinent.com\/es\/alargamiento-de-corona-estetico\/19-18\/\" class=\"wp-image-2828\" \/><figcaption>Reposicionamiento de la gu\u00eda para osteoctom\u00eda  <\/figcaption><\/figure><\/li><li class=\"blocks-gallery-item\"><figure><img decoding=\"async\" src=\"https:\/\/blog.avinent.com\/wp-content\/uploads\/sites\/9\/2022\/11\/20-1-1024x640.jpg\" alt=\"\" data-id=\"2829\" data-link=\"https:\/\/blog.avinent.com\/es\/alargamiento-de-corona-estetico\/20-21\/\" class=\"wp-image-2829\" \/><figcaption>Detalle de la osteoctom\u00eda y la ostopl\u00e1stia  <\/figcaption><\/figure><\/li><li class=\"blocks-gallery-item\"><figure><img decoding=\"async\" src=\"https:\/\/blog.avinent.com\/wp-content\/uploads\/sites\/9\/2022\/11\/21-1-1024x640.jpg\" alt=\"\" data-id=\"2830\" data-link=\"https:\/\/blog.avinent.com\/es\/alargamiento-de-corona-estetico\/21-12\/\" class=\"wp-image-2830\" \/><figcaption>Verificaci\u00f3n de la distancia entre el hueso alveolar y la uni\u00f3n amelocementaria  <\/figcaption><\/figure><\/li><li class=\"blocks-gallery-item\"><figure><img loading=\"lazy\" decoding=\"async\" width=\"1024\" height=\"640\" src=\"https:\/\/blog.avinent.com\/wp-content\/uploads\/sites\/9\/2022\/11\/22-1-1024x640.jpg\" alt=\"\" data-id=\"2831\" data-link=\"https:\/\/blog.avinent.com\/es\/alargamiento-de-corona-estetico\/22-18\/\" class=\"wp-image-2831\" srcset=\"https:\/\/avinent.com\/wp-content\/uploads\/2022\/11\/22-1-1024x640.jpg 1024w, https:\/\/avinent.com\/wp-content\/uploads\/2022\/11\/22-1-300x187.jpg 300w, https:\/\/avinent.com\/wp-content\/uploads\/2022\/11\/22-1-768x480.jpg 768w, https:\/\/avinent.com\/wp-content\/uploads\/2022\/11\/22-1-1536x960.jpg 1536w, https:\/\/avinent.com\/wp-content\/uploads\/2022\/11\/22-1-2048x1280.jpg 2048w, https:\/\/avinent.com\/wp-content\/uploads\/2022\/11\/22-1-180x112.jpg 180w, https:\/\/avinent.com\/wp-content\/uploads\/2022\/11\/22-1-360x225.jpg 360w, https:\/\/avinent.com\/wp-content\/uploads\/2022\/11\/22-1-640x400.jpg 640w, https:\/\/avinent.com\/wp-content\/uploads\/2022\/11\/22-1-1366x853.jpg 1366w, https:\/\/avinent.com\/wp-content\/uploads\/2022\/11\/22-1-1600x1000.jpg 1600w, https:\/\/avinent.com\/wp-content\/uploads\/2022\/11\/22-1-1920x1200.jpg 1920w\" sizes=\"(max-width: 1024px) 100vw, 1024px\" \/><figcaption>Reposicionamiento del colgajo y sutura  <\/figcaption><\/figure><\/li><li class=\"blocks-gallery-item\"><figure><img loading=\"lazy\" decoding=\"async\" width=\"1024\" height=\"640\" src=\"https:\/\/blog.avinent.com\/wp-content\/uploads\/sites\/9\/2022\/11\/23-1-1024x640.jpg\" alt=\"\" data-id=\"2832\" data-link=\"https:\/\/blog.avinent.com\/es\/alargamiento-de-corona-estetico\/23-13\/\" class=\"wp-image-2832\" srcset=\"https:\/\/avinent.com\/wp-content\/uploads\/2022\/11\/23-1-1024x640.jpg 1024w, https:\/\/avinent.com\/wp-content\/uploads\/2022\/11\/23-1-300x187.jpg 300w, https:\/\/avinent.com\/wp-content\/uploads\/2022\/11\/23-1-768x480.jpg 768w, https:\/\/avinent.com\/wp-content\/uploads\/2022\/11\/23-1-1536x960.jpg 1536w, https:\/\/avinent.com\/wp-content\/uploads\/2022\/11\/23-1-2048x1280.jpg 2048w, https:\/\/avinent.com\/wp-content\/uploads\/2022\/11\/23-1-180x112.jpg 180w, https:\/\/avinent.com\/wp-content\/uploads\/2022\/11\/23-1-360x225.jpg 360w, https:\/\/avinent.com\/wp-content\/uploads\/2022\/11\/23-1-640x400.jpg 640w, https:\/\/avinent.com\/wp-content\/uploads\/2022\/11\/23-1-1366x853.jpg 1366w, https:\/\/avinent.com\/wp-content\/uploads\/2022\/11\/23-1-1600x1000.jpg 1600w, https:\/\/avinent.com\/wp-content\/uploads\/2022\/11\/23-1-1920x1200.jpg 1920w\" sizes=\"(max-width: 1024px) 100vw, 1024px\" \/><figcaption>Comprobaci\u00f3n del resultado final con la gu\u00eda quir\u00fargica  <\/figcaption><\/figure><\/li><li class=\"blocks-gallery-item\"><figure><img decoding=\"async\" src=\"https:\/\/blog.avinent.com\/wp-content\/uploads\/sites\/9\/2022\/11\/26-1-1024x640.jpg\" alt=\"\" data-id=\"2835\" data-link=\"https:\/\/blog.avinent.com\/es\/alargamiento-de-corona-estetico\/26-13\/\" class=\"wp-image-2835\" \/><figcaption>Cicatrizaci\u00f3n a los 15 d\u00edas    <\/figcaption><\/figure><\/li><li class=\"blocks-gallery-item\"><figure><img decoding=\"async\" src=\"https:\/\/blog.avinent.com\/wp-content\/uploads\/sites\/9\/2022\/11\/28-1-1024x640.jpg\" alt=\"\" data-id=\"2837\" data-link=\"https:\/\/blog.avinent.com\/es\/alargamiento-de-corona-estetico\/28-7\/\" class=\"wp-image-2837\" \/><figcaption>Retirada de los puntos de sutura  <\/figcaption><\/figure><\/li><li class=\"blocks-gallery-item\"><figure><img decoding=\"async\" src=\"https:\/\/blog.avinent.com\/wp-content\/uploads\/sites\/9\/2022\/11\/29-1024x640.jpg\" alt=\"\" data-id=\"2838\" data-link=\"https:\/\/blog.avinent.com\/es\/alargamiento-de-corona-estetico\/29-3\/\" class=\"wp-image-2838\" \/><figcaption>Resultado final del caso <\/figcaption><\/figure><\/li><li class=\"blocks-gallery-item\"><figure><img decoding=\"async\" src=\"https:\/\/blog.avinent.com\/wp-content\/uploads\/sites\/9\/2022\/11\/30-1024x640.jpg\" alt=\"\" data-id=\"2840\" data-link=\"https:\/\/blog.avinent.com\/es\/alargamiento-de-corona-estetico\/attachment\/30\/\" class=\"wp-image-2840\" \/><figcaption>Resultado final del caso <\/figcaption><\/figure><\/li><li class=\"blocks-gallery-item\"><figure><img decoding=\"async\" src=\"https:\/\/blog.avinent.com\/wp-content\/uploads\/sites\/9\/2022\/11\/31-1-1024x640.jpg\" alt=\"\" data-id=\"2842\" data-link=\"https:\/\/blog.avinent.com\/es\/alargamiento-de-corona-estetico\/31-2\/\" class=\"wp-image-2842\" \/><figcaption>Resultado final del caso <\/figcaption><\/figure><\/li><li class=\"blocks-gallery-item\"><figure><img decoding=\"async\" src=\"https:\/\/blog.avinent.com\/wp-content\/uploads\/sites\/9\/2022\/11\/32-2-1024x640.jpg\" alt=\"\" data-id=\"2854\" data-link=\"https:\/\/blog.avinent.com\/es\/alargamiento-de-corona-estetico\/32-3\/\" class=\"wp-image-2854\" \/><figcaption>Resultado final del caso <\/figcaption><\/figure><\/li><li class=\"blocks-gallery-item\"><figure><img decoding=\"async\" src=\"https:\/\/blog.avinent.com\/wp-content\/uploads\/sites\/9\/2022\/11\/33-1-1024x640.jpg\" alt=\"\" data-id=\"2855\" data-link=\"https:\/\/blog.avinent.com\/es\/alargamiento-de-corona-estetico\/33-2\/\" class=\"wp-image-2855\" \/><figcaption>Est\u00e9tica final <\/figcaption><\/figure><\/li><li class=\"blocks-gallery-item\"><figure><img decoding=\"async\" src=\"https:\/\/blog.avinent.com\/wp-content\/uploads\/sites\/9\/2022\/11\/antes-despues-1.jpg\" alt=\"\" data-id=\"2886\" data-link=\"https:\/\/blog.avinent.com\/alargamiento-de-corona-estetico\/antes-despues-2\/\" class=\"wp-image-2886\" \/><figcaption>Antes y despu\u00e9s<\/figcaption><\/figure><\/li><\/ul>\n\t\t","protected":false},"excerpt":{"rendered":"<p>\t\t\t\tEl Dr. Octavi Camps, con la ayuda de nuestras f\u00e9rulas de gingivectom\u00eda, consuige unos resultados \u00e1ltamente est\u00e9ticos para esta joven paciente.\t\t\t\t<\/p>\n","protected":false},"author":2,"featured_media":6934,"comment_status":"closed","ping_status":"closed","sticky":false,"template":"","format":"standard","meta":{"_acf_changed":false,"inline_featured_image":false,"footnotes":""},"categories":[37],"tags":[],"profesional_medics":[156],"segment":[170],"class_list":["post-2778","post","type-post","status-publish","format-standard","has-post-thumbnail","hentry","category-casos-clinicos","profesional_medics-dr-octavi-camps","segments-implantes"],"acf":[],"yoast_head":"<!-- This site is optimized with the Yoast SEO plugin v26.8 - https:\/\/yoast.com\/product\/yoast-seo-wordpress\/ -->\n<title>Alargamiento de corona est\u00e9tico - Caso cl\u00edncio | Avinent<\/title>\n<meta name=\"description\" content=\"El alargamiento de corona est\u00e9tico es un procedimiento seguro y efectivo que puede mejorar la salud y la est\u00e9tica de tu sonrisa. Descubre todo el proceso.\" \/>\n<meta name=\"robots\" content=\"index, follow, max-snippet:-1, max-image-preview:large, max-video-preview:-1\" \/>\n<meta property=\"og:locale\" content=\"ca_ES\" \/>\n<meta property=\"og:type\" content=\"article\" \/>\n<meta property=\"og:title\" content=\"Alargamiento de corona est\u00e9tico - Caso cl\u00edncio | Avinent\" \/>\n<meta property=\"og:description\" content=\"El alargamiento de corona est\u00e9tico es un procedimiento seguro y efectivo que puede mejorar la salud y la est\u00e9tica de tu sonrisa. Descubre todo el proceso.\" \/>\n<meta property=\"og:url\" content=\"https:\/\/avinent.wwwarcelona.net\/blog\/alargamiento-de-corona-estetico\/\" \/>\n<meta property=\"og:site_name\" content=\"Avinent\" \/>\n<meta property=\"article:published_time\" content=\"2022-12-14T11:24:47+00:00\" \/>\n<meta property=\"article:modified_time\" content=\"2024-11-20T10:36:35+00:00\" \/>\n<meta property=\"og:image\" content=\"https:\/\/avinent.wwwarcelona.net\/wp-content\/uploads\/2022\/11\/portada-1.jpg\" \/>\n\t<meta property=\"og:image:width\" content=\"2000\" \/>\n\t<meta property=\"og:image:height\" content=\"863\" \/>\n\t<meta property=\"og:image:type\" content=\"image\/jpeg\" \/>\n<meta name=\"author\" content=\"wwwarcelona\" \/>\n<meta name=\"twitter:card\" content=\"summary_large_image\" \/>\n<meta name=\"twitter:label1\" content=\"Escrit per\" \/>\n\t<meta name=\"twitter:data1\" content=\"wwwarcelona\" \/>\n\t<meta name=\"twitter:label2\" content=\"Temps estimat de lectura\" \/>\n\t<meta name=\"twitter:data2\" content=\"3 minuts\" \/>\n<script type=\"application\/ld+json\" class=\"yoast-schema-graph\">{\"@context\":\"https:\/\/schema.org\",\"@graph\":[{\"@type\":\"Article\",\"@id\":\"https:\/\/avinent.wwwarcelona.net\/blog\/alargamiento-de-corona-estetico\/#article\",\"isPartOf\":{\"@id\":\"https:\/\/avinent.wwwarcelona.net\/blog\/alargamiento-de-corona-estetico\/\"},\"author\":{\"name\":\"wwwarcelona\",\"@id\":\"https:\/\/avinent.com\/#\/schema\/person\/36b86133d985ef99a16d3a953381b494\"},\"headline\":\"Alargamiento de corona est\u00e9tico\",\"datePublished\":\"2022-12-14T11:24:47+00:00\",\"dateModified\":\"2024-11-20T10:36:35+00:00\",\"mainEntityOfPage\":{\"@id\":\"https:\/\/avinent.wwwarcelona.net\/blog\/alargamiento-de-corona-estetico\/\"},\"wordCount\":610,\"publisher\":{\"@id\":\"https:\/\/avinent.com\/#organization\"},\"image\":{\"@id\":\"https:\/\/avinent.wwwarcelona.net\/blog\/alargamiento-de-corona-estetico\/#primaryimage\"},\"thumbnailUrl\":\"https:\/\/avinent.com\/wp-content\/uploads\/2022\/11\/portada-1.jpg\",\"articleSection\":[\"Casos Cl\u00ednicos\"],\"inLanguage\":\"ca\"},{\"@type\":\"WebPage\",\"@id\":\"https:\/\/avinent.wwwarcelona.net\/blog\/alargamiento-de-corona-estetico\/\",\"url\":\"https:\/\/avinent.wwwarcelona.net\/blog\/alargamiento-de-corona-estetico\/\",\"name\":\"Alargamiento de corona est\u00e9tico - Caso cl\u00edncio | Avinent\",\"isPartOf\":{\"@id\":\"https:\/\/avinent.com\/#website\"},\"primaryImageOfPage\":{\"@id\":\"https:\/\/avinent.wwwarcelona.net\/blog\/alargamiento-de-corona-estetico\/#primaryimage\"},\"image\":{\"@id\":\"https:\/\/avinent.wwwarcelona.net\/blog\/alargamiento-de-corona-estetico\/#primaryimage\"},\"thumbnailUrl\":\"https:\/\/avinent.com\/wp-content\/uploads\/2022\/11\/portada-1.jpg\",\"datePublished\":\"2022-12-14T11:24:47+00:00\",\"dateModified\":\"2024-11-20T10:36:35+00:00\",\"description\":\"El alargamiento de corona est\u00e9tico es un procedimiento seguro y efectivo que puede mejorar la salud y la est\u00e9tica de tu sonrisa. Descubre todo el proceso.\",\"breadcrumb\":{\"@id\":\"https:\/\/avinent.wwwarcelona.net\/blog\/alargamiento-de-corona-estetico\/#breadcrumb\"},\"inLanguage\":\"ca\",\"potentialAction\":[{\"@type\":\"ReadAction\",\"target\":[\"https:\/\/avinent.wwwarcelona.net\/blog\/alargamiento-de-corona-estetico\/\"]}]},{\"@type\":\"ImageObject\",\"inLanguage\":\"ca\",\"@id\":\"https:\/\/avinent.wwwarcelona.net\/blog\/alargamiento-de-corona-estetico\/#primaryimage\",\"url\":\"https:\/\/avinent.com\/wp-content\/uploads\/2022\/11\/portada-1.jpg\",\"contentUrl\":\"https:\/\/avinent.com\/wp-content\/uploads\/2022\/11\/portada-1.jpg\",\"width\":2000,\"height\":863,\"caption\":\"\"},{\"@type\":\"BreadcrumbList\",\"@id\":\"https:\/\/avinent.wwwarcelona.net\/blog\/alargamiento-de-corona-estetico\/#breadcrumb\",\"itemListElement\":[{\"@type\":\"ListItem\",\"position\":1,\"name\":\"Portada\",\"item\":\"https:\/\/avinent.com\/ca\/home\/\"},{\"@type\":\"ListItem\",\"position\":2,\"name\":\"Alargamiento de corona est\u00e9tico\"}]},{\"@type\":\"WebSite\",\"@id\":\"https:\/\/avinent.com\/#website\",\"url\":\"https:\/\/avinent.com\/\",\"name\":\"Avinent\",\"description\":\"Todas las soluciones m\u00e9dicas y dentales\",\"publisher\":{\"@id\":\"https:\/\/avinent.com\/#organization\"},\"potentialAction\":[{\"@type\":\"SearchAction\",\"target\":{\"@type\":\"EntryPoint\",\"urlTemplate\":\"https:\/\/avinent.com\/?s={search_term_string}\"},\"query-input\":{\"@type\":\"PropertyValueSpecification\",\"valueRequired\":true,\"valueName\":\"search_term_string\"}}],\"inLanguage\":\"ca\"},{\"@type\":\"Organization\",\"@id\":\"https:\/\/avinent.com\/#organization\",\"name\":\"Avinent\",\"url\":\"https:\/\/avinent.com\/\",\"logo\":{\"@type\":\"ImageObject\",\"inLanguage\":\"ca\",\"@id\":\"https:\/\/avinent.com\/#\/schema\/logo\/image\/\",\"url\":\"https:\/\/avinent.com\/wp-content\/uploads\/2021\/10\/cropped-9216650250dc9798b51ff14a0e1c16c7.png\",\"contentUrl\":\"https:\/\/avinent.com\/wp-content\/uploads\/2021\/10\/cropped-9216650250dc9798b51ff14a0e1c16c7.png\",\"width\":122,\"height\":79,\"caption\":\"Avinent\"},\"image\":{\"@id\":\"https:\/\/avinent.com\/#\/schema\/logo\/image\/\"}},{\"@type\":\"Person\",\"@id\":\"https:\/\/avinent.com\/#\/schema\/person\/36b86133d985ef99a16d3a953381b494\",\"name\":\"wwwarcelona\",\"image\":{\"@type\":\"ImageObject\",\"inLanguage\":\"ca\",\"@id\":\"https:\/\/avinent.com\/#\/schema\/person\/image\/\",\"url\":\"https:\/\/secure.gravatar.com\/avatar\/22c6e61b197bfcfe682559e4aa8d3534?s=96&d=mm&r=g\",\"contentUrl\":\"https:\/\/secure.gravatar.com\/avatar\/22c6e61b197bfcfe682559e4aa8d3534?s=96&d=mm&r=g\",\"caption\":\"wwwarcelona\"}}]}<\/script>\n<!-- \/ Yoast SEO plugin. -->","yoast_head_json":{"title":"Alargamiento de corona est\u00e9tico - Caso cl\u00edncio | Avinent","description":"El alargamiento de corona est\u00e9tico es un procedimiento seguro y efectivo que puede mejorar la salud y la est\u00e9tica de tu sonrisa. Descubre todo el proceso.","robots":{"index":"index","follow":"follow","max-snippet":"max-snippet:-1","max-image-preview":"max-image-preview:large","max-video-preview":"max-video-preview:-1"},"og_locale":"ca_ES","og_type":"article","og_title":"Alargamiento de corona est\u00e9tico - Caso cl\u00edncio | Avinent","og_description":"El alargamiento de corona est\u00e9tico es un procedimiento seguro y efectivo que puede mejorar la salud y la est\u00e9tica de tu sonrisa. Descubre todo el proceso.","og_url":"https:\/\/avinent.wwwarcelona.net\/blog\/alargamiento-de-corona-estetico\/","og_site_name":"Avinent","article_published_time":"2022-12-14T11:24:47+00:00","article_modified_time":"2024-11-20T10:36:35+00:00","og_image":[{"width":2000,"height":863,"url":"https:\/\/avinent.wwwarcelona.net\/wp-content\/uploads\/2022\/11\/portada-1.jpg","type":"image\/jpeg"}],"author":"wwwarcelona","twitter_card":"summary_large_image","twitter_misc":{"Escrit per":"wwwarcelona","Temps estimat de lectura":"3 minuts"},"schema":{"@context":"https:\/\/schema.org","@graph":[{"@type":"Article","@id":"https:\/\/avinent.wwwarcelona.net\/blog\/alargamiento-de-corona-estetico\/#article","isPartOf":{"@id":"https:\/\/avinent.wwwarcelona.net\/blog\/alargamiento-de-corona-estetico\/"},"author":{"name":"wwwarcelona","@id":"https:\/\/avinent.com\/#\/schema\/person\/36b86133d985ef99a16d3a953381b494"},"headline":"Alargamiento de corona est\u00e9tico","datePublished":"2022-12-14T11:24:47+00:00","dateModified":"2024-11-20T10:36:35+00:00","mainEntityOfPage":{"@id":"https:\/\/avinent.wwwarcelona.net\/blog\/alargamiento-de-corona-estetico\/"},"wordCount":610,"publisher":{"@id":"https:\/\/avinent.com\/#organization"},"image":{"@id":"https:\/\/avinent.wwwarcelona.net\/blog\/alargamiento-de-corona-estetico\/#primaryimage"},"thumbnailUrl":"https:\/\/avinent.com\/wp-content\/uploads\/2022\/11\/portada-1.jpg","articleSection":["Casos Cl\u00ednicos"],"inLanguage":"ca"},{"@type":"WebPage","@id":"https:\/\/avinent.wwwarcelona.net\/blog\/alargamiento-de-corona-estetico\/","url":"https:\/\/avinent.wwwarcelona.net\/blog\/alargamiento-de-corona-estetico\/","name":"Alargamiento de corona est\u00e9tico - Caso cl\u00edncio | Avinent","isPartOf":{"@id":"https:\/\/avinent.com\/#website"},"primaryImageOfPage":{"@id":"https:\/\/avinent.wwwarcelona.net\/blog\/alargamiento-de-corona-estetico\/#primaryimage"},"image":{"@id":"https:\/\/avinent.wwwarcelona.net\/blog\/alargamiento-de-corona-estetico\/#primaryimage"},"thumbnailUrl":"https:\/\/avinent.com\/wp-content\/uploads\/2022\/11\/portada-1.jpg","datePublished":"2022-12-14T11:24:47+00:00","dateModified":"2024-11-20T10:36:35+00:00","description":"El alargamiento de corona est\u00e9tico es un procedimiento seguro y efectivo que puede mejorar la salud y la est\u00e9tica de tu sonrisa. Descubre todo el proceso.","breadcrumb":{"@id":"https:\/\/avinent.wwwarcelona.net\/blog\/alargamiento-de-corona-estetico\/#breadcrumb"},"inLanguage":"ca","potentialAction":[{"@type":"ReadAction","target":["https:\/\/avinent.wwwarcelona.net\/blog\/alargamiento-de-corona-estetico\/"]}]},{"@type":"ImageObject","inLanguage":"ca","@id":"https:\/\/avinent.wwwarcelona.net\/blog\/alargamiento-de-corona-estetico\/#primaryimage","url":"https:\/\/avinent.com\/wp-content\/uploads\/2022\/11\/portada-1.jpg","contentUrl":"https:\/\/avinent.com\/wp-content\/uploads\/2022\/11\/portada-1.jpg","width":2000,"height":863,"caption":""},{"@type":"BreadcrumbList","@id":"https:\/\/avinent.wwwarcelona.net\/blog\/alargamiento-de-corona-estetico\/#breadcrumb","itemListElement":[{"@type":"ListItem","position":1,"name":"Portada","item":"https:\/\/avinent.com\/ca\/home\/"},{"@type":"ListItem","position":2,"name":"Alargamiento de corona est\u00e9tico"}]},{"@type":"WebSite","@id":"https:\/\/avinent.com\/#website","url":"https:\/\/avinent.com\/","name":"Avinent","description":"Todas las soluciones m\u00e9dicas y dentales","publisher":{"@id":"https:\/\/avinent.com\/#organization"},"potentialAction":[{"@type":"SearchAction","target":{"@type":"EntryPoint","urlTemplate":"https:\/\/avinent.com\/?s={search_term_string}"},"query-input":{"@type":"PropertyValueSpecification","valueRequired":true,"valueName":"search_term_string"}}],"inLanguage":"ca"},{"@type":"Organization","@id":"https:\/\/avinent.com\/#organization","name":"Avinent","url":"https:\/\/avinent.com\/","logo":{"@type":"ImageObject","inLanguage":"ca","@id":"https:\/\/avinent.com\/#\/schema\/logo\/image\/","url":"https:\/\/avinent.com\/wp-content\/uploads\/2021\/10\/cropped-9216650250dc9798b51ff14a0e1c16c7.png","contentUrl":"https:\/\/avinent.com\/wp-content\/uploads\/2021\/10\/cropped-9216650250dc9798b51ff14a0e1c16c7.png","width":122,"height":79,"caption":"Avinent"},"image":{"@id":"https:\/\/avinent.com\/#\/schema\/logo\/image\/"}},{"@type":"Person","@id":"https:\/\/avinent.com\/#\/schema\/person\/36b86133d985ef99a16d3a953381b494","name":"wwwarcelona","image":{"@type":"ImageObject","inLanguage":"ca","@id":"https:\/\/avinent.com\/#\/schema\/person\/image\/","url":"https:\/\/secure.gravatar.com\/avatar\/22c6e61b197bfcfe682559e4aa8d3534?s=96&d=mm&r=g","contentUrl":"https:\/\/secure.gravatar.com\/avatar\/22c6e61b197bfcfe682559e4aa8d3534?s=96&d=mm&r=g","caption":"wwwarcelona"}}]}},"_links":{"self":[{"href":"https:\/\/avinent.com\/ca\/wp-json\/wp\/v2\/posts\/2778","targetHints":{"allow":["GET"]}}],"collection":[{"href":"https:\/\/avinent.com\/ca\/wp-json\/wp\/v2\/posts"}],"about":[{"href":"https:\/\/avinent.com\/ca\/wp-json\/wp\/v2\/types\/post"}],"author":[{"embeddable":true,"href":"https:\/\/avinent.com\/ca\/wp-json\/wp\/v2\/users\/2"}],"replies":[{"embeddable":true,"href":"https:\/\/avinent.com\/ca\/wp-json\/wp\/v2\/comments?post=2778"}],"version-history":[{"count":2,"href":"https:\/\/avinent.com\/ca\/wp-json\/wp\/v2\/posts\/2778\/revisions"}],"predecessor-version":[{"id":35191,"href":"https:\/\/avinent.com\/ca\/wp-json\/wp\/v2\/posts\/2778\/revisions\/35191"}],"wp:featuredmedia":[{"embeddable":true,"href":"https:\/\/avinent.com\/ca\/wp-json\/wp\/v2\/media\/6934"}],"wp:attachment":[{"href":"https:\/\/avinent.com\/ca\/wp-json\/wp\/v2\/media?parent=2778"}],"wp:term":[{"taxonomy":"category","embeddable":true,"href":"https:\/\/avinent.com\/ca\/wp-json\/wp\/v2\/categories?post=2778"},{"taxonomy":"post_tag","embeddable":true,"href":"https:\/\/avinent.com\/ca\/wp-json\/wp\/v2\/tags?post=2778"},{"taxonomy":"profesional_medics","embeddable":true,"href":"https:\/\/avinent.com\/ca\/wp-json\/wp\/v2\/profesional_medics?post=2778"},{"taxonomy":"segments","embeddable":true,"href":"https:\/\/avinent.com\/ca\/wp-json\/wp\/v2\/segment?post=2778"}],"curies":[{"name":"wp","href":"https:\/\/api.w.org\/{rel}","templated":true}]}}