{"id":33673,"date":"2025-05-16T13:08:45","date_gmt":"2025-05-16T11:08:45","guid":{"rendered":"https:\/\/avinent.com\/?p=33673"},"modified":"2025-05-16T16:27:00","modified_gmt":"2025-05-16T14:27:00","slug":"jornada-interna-construyendo-cultura-cuidar","status":"publish","type":"post","link":"https:\/\/avinent.com\/ca\/blog\/jornada-interna-construyendo-cultura-cuidar\/","title":{"rendered":"Jornada interna &#8220;Construyendo la cultura del cuidar&#8221;"},"content":{"rendered":"\t\t<div data-elementor-type=\"wp-post\" data-elementor-id=\"33673\" class=\"elementor elementor-33673\" data-elementor-post-type=\"post\">\n\t\t\t\t<div class=\"elementor-element elementor-element-37cf219 e-con-full e-flex e-con e-parent\" data-id=\"37cf219\" data-element_type=\"container\" data-e-type=\"container\">\n\t\t\t\t<div class=\"elementor-element elementor-element-6d2f709 elementor-widget elementor-widget-text-editor\" data-id=\"6d2f709\" data-element_type=\"widget\" data-e-type=\"widget\" data-widget_type=\"text-editor.default\">\n\t\t\t\t<div class=\"elementor-widget-container\">\n\t\t\t\t\t\t\t\t\t<p class=\"\" data-start=\"216\" data-end=\"521\">El pasado viernes, 9 de mayo, celebramos la jornada interna con la participaci\u00f3n de todos los trabajadores de nuestras distintas l\u00edneas de negocio, Avinent, Vilardell Purt\u00ed e Inmoovs. La actividad tuvo lugar en el entorno privilegiado de la Rector\u00eda Godmar, en Calders, y se desarroll\u00f3 bajo el lema <strong data-start=\"480\" data-end=\"520\">&#8220;Construyendo la cultura del cuidar&#8221;<\/strong>.<\/p><p class=\"\" data-start=\"523\" data-end=\"894\">Durante la jornada, repasamos los principales datos, resultados y objetivos anuales de las diferentes empresas del grupo. Sin embargo, m\u00e1s all\u00e1 de los n\u00fameros, quisimos poner el foco en el valor humano de nuestra organizaci\u00f3n y en la importancia de cultivar una cultura del cuidado en todos los niveles: entre compa\u00f1eros, con los clientes y en nuestra manera de trabajar.<\/p>\t\t\t\t\t\t\t\t<\/div>\n\t\t\t\t<\/div>\n\t\t\t\t<div class=\"elementor-element elementor-element-48df4a6 elementor-skin-carousel elementor-arrows-yes elementor-pagination-type-bullets elementor-pagination-position-outside elementor-widget elementor-widget-media-carousel\" data-id=\"48df4a6\" data-element_type=\"widget\" data-e-type=\"widget\" data-settings=\"{&quot;slides_per_view&quot;:&quot;3&quot;,&quot;skin&quot;:&quot;carousel&quot;,&quot;effect&quot;:&quot;slide&quot;,&quot;show_arrows&quot;:&quot;yes&quot;,&quot;pagination&quot;:&quot;bullets&quot;,&quot;speed&quot;:500,&quot;autoplay&quot;:&quot;yes&quot;,&quot;autoplay_speed&quot;:5000,&quot;loop&quot;:&quot;yes&quot;,&quot;pause_on_hover&quot;:&quot;yes&quot;,&quot;pause_on_interaction&quot;:&quot;yes&quot;,&quot;space_between&quot;:{&quot;unit&quot;:&quot;px&quot;,&quot;size&quot;:10,&quot;sizes&quot;:[]},&quot;space_between_laptop&quot;:{&quot;unit&quot;:&quot;px&quot;,&quot;size&quot;:10,&quot;sizes&quot;:[]},&quot;space_between_tablet&quot;:{&quot;unit&quot;:&quot;px&quot;,&quot;size&quot;:10,&quot;sizes&quot;:[]},&quot;space_between_mobile&quot;:{&quot;unit&quot;:&quot;px&quot;,&quot;size&quot;:10,&quot;sizes&quot;:[]}}\" data-widget_type=\"media-carousel.default\">\n\t\t\t\t<div class=\"elementor-widget-container\">\n\t\t\t\t\t\t\t\t\t<div class=\"elementor-swiper\">\n\t\t\t\t\t<div class=\"elementor-main-swiper swiper\" role=\"region\" aria-roledescription=\"carousel\" aria-label=\"Diapositivas\">\n\t\t\t\t<div class=\"swiper-wrapper\">\n\t\t\t\t\t\t\t\t\t\t\t<div class=\"swiper-slide\" role=\"group\" aria-roledescription=\"slide\">\n\t\t\t\t\t\t\t\t\t<div class=\"elementor-carousel-image\" role=\"img\" aria-label=\"Jornada Interna 1\" style=\"background-image: url(&#039;https:\/\/avinent.com\/wp-content\/uploads\/2025\/05\/post-1.jpg&#039;)\">\n\n\t\t\t\n\t\t\t\t\t<\/div>\n\t\t\t\t\t\t\t\t<\/div>\n\t\t\t\t\t\t\t\t\t\t\t<div class=\"swiper-slide\" role=\"group\" aria-roledescription=\"slide\">\n\t\t\t\t\t\t\t\t\t<div class=\"elementor-carousel-image\" role=\"img\" aria-label=\"Jornada Interna 2\" style=\"background-image: url(&#039;https:\/\/avinent.com\/wp-content\/uploads\/2025\/05\/post-2.jpg&#039;)\">\n\n\t\t\t\n\t\t\t\t\t<\/div>\n\t\t\t\t\t\t\t\t<\/div>\n\t\t\t\t\t\t\t\t\t\t\t<div class=\"swiper-slide\" role=\"group\" aria-roledescription=\"slide\">\n\t\t\t\t\t\t\t\t\t<div class=\"elementor-carousel-image\" role=\"img\" aria-label=\"Jornada Interna 3\" style=\"background-image: url(&#039;https:\/\/avinent.com\/wp-content\/uploads\/2025\/05\/post-3.jpg&#039;)\">\n\n\t\t\t\n\t\t\t\t\t<\/div>\n\t\t\t\t\t\t\t\t<\/div>\n\t\t\t\t\t\t\t\t\t\t\t<div class=\"swiper-slide\" role=\"group\" aria-roledescription=\"slide\">\n\t\t\t\t\t\t\t\t\t<div class=\"elementor-carousel-image\" role=\"img\" aria-label=\"Jornada Interna 4\" style=\"background-image: url(&#039;https:\/\/avinent.com\/wp-content\/uploads\/2025\/05\/post-4.jpg&#039;)\">\n\n\t\t\t\n\t\t\t\t\t<\/div>\n\t\t\t\t\t\t\t\t<\/div>\n\t\t\t\t\t\t\t\t\t\t\t<div class=\"swiper-slide\" role=\"group\" aria-roledescription=\"slide\">\n\t\t\t\t\t\t\t\t\t<div class=\"elementor-carousel-image\" role=\"img\" aria-label=\"Jornada Interna 5\" style=\"background-image: url(&#039;https:\/\/avinent.com\/wp-content\/uploads\/2025\/05\/post-5.jpg&#039;)\">\n\n\t\t\t\n\t\t\t\t\t<\/div>\n\t\t\t\t\t\t\t\t<\/div>\n\t\t\t\t\t\t\t\t\t<\/div>\n\t\t\t\t\t\t\t\t\t\t\t\t\t\t\t<div class=\"elementor-swiper-button elementor-swiper-button-prev\" role=\"button\" tabindex=\"0\" aria-label=\"Anterior\">\n\t\t\t\t\t\t\t<i aria-hidden=\"true\" class=\"eicon-chevron-left\"><\/i>\t\t\t\t\t\t<\/div>\n\t\t\t\t\t\t<div class=\"elementor-swiper-button elementor-swiper-button-next\" role=\"button\" tabindex=\"0\" aria-label=\"Siguiente\">\n\t\t\t\t\t\t\t<i aria-hidden=\"true\" class=\"eicon-chevron-right\"><\/i>\t\t\t\t\t\t<\/div>\n\t\t\t\t\t\t\t\t\t\t\t\t\t\t\t\t<div class=\"swiper-pagination\"><\/div>\n\t\t\t\t\t\t\t\t\t\t\t\t<\/div>\n\t\t\t\t<\/div>\n\t\t\t\t\t\t\t\t<\/div>\n\t\t\t\t<\/div>\n\t\t\t\t<div class=\"elementor-element elementor-element-107d469 elementor-widget elementor-widget-heading\" data-id=\"107d469\" data-element_type=\"widget\" data-e-type=\"widget\" data-widget_type=\"heading.default\">\n\t\t\t\t<div class=\"elementor-widget-container\">\n\t\t\t\t\t<h2 class=\"elementor-heading-title elementor-size-default\">Alianzas transformadoras: Los lazos de Avinent<\/h2>\t\t\t\t<\/div>\n\t\t\t\t<\/div>\n\t\t\t\t<div class=\"elementor-element elementor-element-8e3a4f0 elementor-widget elementor-widget-text-editor\" data-id=\"8e3a4f0\" data-element_type=\"widget\" data-e-type=\"widget\" data-widget_type=\"text-editor.default\">\n\t\t\t\t<div class=\"elementor-widget-container\">\n\t\t\t\t\t\t\t\t\t<p class=\"\" data-start=\"896\" data-end=\"1324\">Tuvimos el honor de contar con la participaci\u00f3n de la instituci\u00f3n <strong data-start=\"962\" data-end=\"972\">AMPANS<\/strong>, representada por su presidente <strong data-start=\"1005\" data-end=\"1021\">Toni Espinal<\/strong>, quien comparti\u00f3 con nosotros su experiencia y visi\u00f3n sobre la inclusi\u00f3n y el compromiso social. Asimismo, disfrutamos de una inspiradora charla sobre gesti\u00f3n emocional a cargo del periodista y escritor <strong data-start=\"1225\" data-end=\"1245\">Gaspar Hern\u00e1ndez<\/strong>, que nos ofreci\u00f3 herramientas valiosas para el bienestar personal y colectivo.<\/p><p class=\"\" data-start=\"1326\" data-end=\"1501\">El encuentro concluy\u00f3 con una comida servida por el c\u00e1tering de <strong data-start=\"1390\" data-end=\"1405\">Les Alzines<\/strong>, que puso el broche perfecto a una jornada enriquecedora tanto a nivel profesional como humano.<\/p><p class=\"\" data-start=\"1503\" data-end=\"1654\">Con iniciativas como esta, seguimos avanzando en la construcci\u00f3n de un entorno de trabajo m\u00e1s consciente, colaborativo y comprometido con las personas.<\/p>\t\t\t\t\t\t\t\t<\/div>\n\t\t\t\t<\/div>\n\t\t\t\t<div class=\"elementor-element elementor-element-c60ec01 elementor-widget elementor-widget-heading\" data-id=\"c60ec01\" data-element_type=\"widget\" data-e-type=\"widget\" data-widget_type=\"heading.default\">\n\t\t\t\t<div class=\"elementor-widget-container\">\n\t\t\t\t\t<h3 class=\"elementor-heading-title elementor-size-default\">\u00a1Gracias por formar parte de esta gran fam\u00edlia!\n<\/h3>\t\t\t\t<\/div>\n\t\t\t\t<\/div>\n\t\t\t\t<\/div>\n\t\t\t\t<\/div>\n\t\t","protected":false},"excerpt":{"rendered":"<p>El 9 de mayo celebramos una jornada interna centrada en &#8220;Construir la cultura del cuidar&#8221;, con charlas inspiradoras de AMPANS y Gaspar Hern\u00e1ndez, en un entorno \u00fanico como es la Rector\u00eda Godmar.<\/p>\n","protected":false},"author":3,"featured_media":33685,"comment_status":"closed","ping_status":"closed","sticky":false,"template":"","format":"standard","meta":{"_acf_changed":false,"inline_featured_image":false,"footnotes":""},"categories":[38],"tags":[],"profesional_medics":[],"segment":[],"class_list":["post-33673","post","type-post","status-publish","format-standard","has-post-thumbnail","hentry","category-actualidad"],"acf":[],"yoast_head":"<!-- This site is optimized with the Yoast SEO plugin v26.8 - https:\/\/yoast.com\/product\/yoast-seo-wordpress\/ -->\n<title>Jornada Interna 2025 de la empresa Avinent | Avinent Group<\/title>\n<meta name=\"description\" content=\"El 9 de mayo desde Avinent celebramos una jornada interna centrada en &quot;Construir la cultura del cuidar&quot;. Conoce todos los detalles aqu\u00ed.\" \/>\n<meta name=\"robots\" content=\"index, follow, max-snippet:-1, max-image-preview:large, max-video-preview:-1\" \/>\n<meta property=\"og:locale\" content=\"ca_ES\" \/>\n<meta property=\"og:type\" content=\"article\" \/>\n<meta property=\"og:title\" content=\"Jornada Interna 2025 de la empresa Avinent | Avinent Group\" \/>\n<meta property=\"og:description\" content=\"El 9 de mayo desde Avinent celebramos una jornada interna centrada en &quot;Construir la cultura del cuidar&quot;. Conoce todos los detalles aqu\u00ed.\" \/>\n<meta property=\"og:url\" content=\"https:\/\/avinent.com\/blog\/jornada-interna-construyendo-cultura-cuidar\/\" \/>\n<meta property=\"og:site_name\" content=\"Avinent\" \/>\n<meta property=\"article:published_time\" content=\"2025-05-16T11:08:45+00:00\" \/>\n<meta property=\"article:modified_time\" content=\"2025-05-16T14:27:00+00:00\" \/>\n<meta property=\"og:image\" content=\"https:\/\/avinent.com\/wp-content\/uploads\/2025\/05\/2.jpg\" \/>\n\t<meta property=\"og:image:width\" content=\"1080\" \/>\n\t<meta property=\"og:image:height\" content=\"600\" \/>\n\t<meta property=\"og:image:type\" content=\"image\/jpeg\" \/>\n<meta name=\"author\" content=\"J\u00falia Leal\" \/>\n<meta name=\"twitter:card\" content=\"summary_large_image\" \/>\n<meta name=\"twitter:label1\" content=\"Escrit per\" \/>\n\t<meta name=\"twitter:data1\" content=\"J\u00falia Leal\" \/>\n\t<meta name=\"twitter:label2\" content=\"Temps estimat de lectura\" \/>\n\t<meta name=\"twitter:data2\" content=\"2 minuts\" \/>\n<script type=\"application\/ld+json\" class=\"yoast-schema-graph\">{\"@context\":\"https:\/\/schema.org\",\"@graph\":[{\"@type\":\"Article\",\"@id\":\"https:\/\/avinent.com\/blog\/jornada-interna-construyendo-cultura-cuidar\/#article\",\"isPartOf\":{\"@id\":\"https:\/\/avinent.com\/blog\/jornada-interna-construyendo-cultura-cuidar\/\"},\"author\":{\"name\":\"J\u00falia Leal\",\"@id\":\"https:\/\/avinent.com\/#\/schema\/person\/5927a293d041aa4c22d994234698fd50\"},\"headline\":\"Jornada interna &#8220;Construyendo la cultura del cuidar&#8221;\",\"datePublished\":\"2025-05-16T11:08:45+00:00\",\"dateModified\":\"2025-05-16T14:27:00+00:00\",\"mainEntityOfPage\":{\"@id\":\"https:\/\/avinent.com\/blog\/jornada-interna-construyendo-cultura-cuidar\/\"},\"wordCount\":261,\"publisher\":{\"@id\":\"https:\/\/avinent.com\/#organization\"},\"image\":{\"@id\":\"https:\/\/avinent.com\/blog\/jornada-interna-construyendo-cultura-cuidar\/#primaryimage\"},\"thumbnailUrl\":\"https:\/\/avinent.com\/wp-content\/uploads\/2025\/05\/2.jpg\",\"articleSection\":[\"Actualidad\"],\"inLanguage\":\"ca\"},{\"@type\":\"WebPage\",\"@id\":\"https:\/\/avinent.com\/blog\/jornada-interna-construyendo-cultura-cuidar\/\",\"url\":\"https:\/\/avinent.com\/blog\/jornada-interna-construyendo-cultura-cuidar\/\",\"name\":\"Jornada Interna 2025 de la empresa Avinent | Avinent Group\",\"isPartOf\":{\"@id\":\"https:\/\/avinent.com\/#website\"},\"primaryImageOfPage\":{\"@id\":\"https:\/\/avinent.com\/blog\/jornada-interna-construyendo-cultura-cuidar\/#primaryimage\"},\"image\":{\"@id\":\"https:\/\/avinent.com\/blog\/jornada-interna-construyendo-cultura-cuidar\/#primaryimage\"},\"thumbnailUrl\":\"https:\/\/avinent.com\/wp-content\/uploads\/2025\/05\/2.jpg\",\"datePublished\":\"2025-05-16T11:08:45+00:00\",\"dateModified\":\"2025-05-16T14:27:00+00:00\",\"description\":\"El 9 de mayo desde Avinent celebramos una jornada interna centrada en \\\"Construir la cultura del cuidar\\\". Conoce todos los detalles aqu\u00ed.\",\"breadcrumb\":{\"@id\":\"https:\/\/avinent.com\/blog\/jornada-interna-construyendo-cultura-cuidar\/#breadcrumb\"},\"inLanguage\":\"ca\",\"potentialAction\":[{\"@type\":\"ReadAction\",\"target\":[\"https:\/\/avinent.com\/blog\/jornada-interna-construyendo-cultura-cuidar\/\"]}]},{\"@type\":\"ImageObject\",\"inLanguage\":\"ca\",\"@id\":\"https:\/\/avinent.com\/blog\/jornada-interna-construyendo-cultura-cuidar\/#primaryimage\",\"url\":\"https:\/\/avinent.com\/wp-content\/uploads\/2025\/05\/2.jpg\",\"contentUrl\":\"https:\/\/avinent.com\/wp-content\/uploads\/2025\/05\/2.jpg\",\"width\":1080,\"height\":600,\"caption\":\"Jornada-interna\"},{\"@type\":\"BreadcrumbList\",\"@id\":\"https:\/\/avinent.com\/blog\/jornada-interna-construyendo-cultura-cuidar\/#breadcrumb\",\"itemListElement\":[{\"@type\":\"ListItem\",\"position\":1,\"name\":\"Portada\",\"item\":\"https:\/\/avinent.com\/ca\/home\/\"},{\"@type\":\"ListItem\",\"position\":2,\"name\":\"Jornada interna &#8220;Construyendo la cultura del cuidar&#8221;\"}]},{\"@type\":\"WebSite\",\"@id\":\"https:\/\/avinent.com\/#website\",\"url\":\"https:\/\/avinent.com\/\",\"name\":\"Avinent\",\"description\":\"Todas las soluciones m\u00e9dicas y dentales\",\"publisher\":{\"@id\":\"https:\/\/avinent.com\/#organization\"},\"potentialAction\":[{\"@type\":\"SearchAction\",\"target\":{\"@type\":\"EntryPoint\",\"urlTemplate\":\"https:\/\/avinent.com\/?s={search_term_string}\"},\"query-input\":{\"@type\":\"PropertyValueSpecification\",\"valueRequired\":true,\"valueName\":\"search_term_string\"}}],\"inLanguage\":\"ca\"},{\"@type\":\"Organization\",\"@id\":\"https:\/\/avinent.com\/#organization\",\"name\":\"Avinent\",\"url\":\"https:\/\/avinent.com\/\",\"logo\":{\"@type\":\"ImageObject\",\"inLanguage\":\"ca\",\"@id\":\"https:\/\/avinent.com\/#\/schema\/logo\/image\/\",\"url\":\"https:\/\/avinent.com\/wp-content\/uploads\/2021\/10\/cropped-9216650250dc9798b51ff14a0e1c16c7.png\",\"contentUrl\":\"https:\/\/avinent.com\/wp-content\/uploads\/2021\/10\/cropped-9216650250dc9798b51ff14a0e1c16c7.png\",\"width\":122,\"height\":79,\"caption\":\"Avinent\"},\"image\":{\"@id\":\"https:\/\/avinent.com\/#\/schema\/logo\/image\/\"}},{\"@type\":\"Person\",\"@id\":\"https:\/\/avinent.com\/#\/schema\/person\/5927a293d041aa4c22d994234698fd50\",\"name\":\"J\u00falia Leal\",\"image\":{\"@type\":\"ImageObject\",\"inLanguage\":\"ca\",\"@id\":\"https:\/\/avinent.com\/#\/schema\/person\/image\/\",\"url\":\"https:\/\/secure.gravatar.com\/avatar\/4d4d9a0dd2a94c2bda7333c46e8b70bf?s=96&d=mm&r=g\",\"contentUrl\":\"https:\/\/secure.gravatar.com\/avatar\/4d4d9a0dd2a94c2bda7333c46e8b70bf?s=96&d=mm&r=g\",\"caption\":\"J\u00falia Leal\"}}]}<\/script>\n<!-- \/ Yoast SEO plugin. -->","yoast_head_json":{"title":"Jornada Interna 2025 de la empresa Avinent | Avinent Group","description":"El 9 de mayo desde Avinent celebramos una jornada interna centrada en \"Construir la cultura del cuidar\". Conoce todos los detalles aqu\u00ed.","robots":{"index":"index","follow":"follow","max-snippet":"max-snippet:-1","max-image-preview":"max-image-preview:large","max-video-preview":"max-video-preview:-1"},"og_locale":"ca_ES","og_type":"article","og_title":"Jornada Interna 2025 de la empresa Avinent | Avinent Group","og_description":"El 9 de mayo desde Avinent celebramos una jornada interna centrada en \"Construir la cultura del cuidar\". Conoce todos los detalles aqu\u00ed.","og_url":"https:\/\/avinent.com\/blog\/jornada-interna-construyendo-cultura-cuidar\/","og_site_name":"Avinent","article_published_time":"2025-05-16T11:08:45+00:00","article_modified_time":"2025-05-16T14:27:00+00:00","og_image":[{"width":1080,"height":600,"url":"https:\/\/avinent.com\/wp-content\/uploads\/2025\/05\/2.jpg","type":"image\/jpeg"}],"author":"J\u00falia Leal","twitter_card":"summary_large_image","twitter_misc":{"Escrit per":"J\u00falia Leal","Temps estimat de lectura":"2 minuts"},"schema":{"@context":"https:\/\/schema.org","@graph":[{"@type":"Article","@id":"https:\/\/avinent.com\/blog\/jornada-interna-construyendo-cultura-cuidar\/#article","isPartOf":{"@id":"https:\/\/avinent.com\/blog\/jornada-interna-construyendo-cultura-cuidar\/"},"author":{"name":"J\u00falia Leal","@id":"https:\/\/avinent.com\/#\/schema\/person\/5927a293d041aa4c22d994234698fd50"},"headline":"Jornada interna &#8220;Construyendo la cultura del cuidar&#8221;","datePublished":"2025-05-16T11:08:45+00:00","dateModified":"2025-05-16T14:27:00+00:00","mainEntityOfPage":{"@id":"https:\/\/avinent.com\/blog\/jornada-interna-construyendo-cultura-cuidar\/"},"wordCount":261,"publisher":{"@id":"https:\/\/avinent.com\/#organization"},"image":{"@id":"https:\/\/avinent.com\/blog\/jornada-interna-construyendo-cultura-cuidar\/#primaryimage"},"thumbnailUrl":"https:\/\/avinent.com\/wp-content\/uploads\/2025\/05\/2.jpg","articleSection":["Actualidad"],"inLanguage":"ca"},{"@type":"WebPage","@id":"https:\/\/avinent.com\/blog\/jornada-interna-construyendo-cultura-cuidar\/","url":"https:\/\/avinent.com\/blog\/jornada-interna-construyendo-cultura-cuidar\/","name":"Jornada Interna 2025 de la empresa Avinent | Avinent Group","isPartOf":{"@id":"https:\/\/avinent.com\/#website"},"primaryImageOfPage":{"@id":"https:\/\/avinent.com\/blog\/jornada-interna-construyendo-cultura-cuidar\/#primaryimage"},"image":{"@id":"https:\/\/avinent.com\/blog\/jornada-interna-construyendo-cultura-cuidar\/#primaryimage"},"thumbnailUrl":"https:\/\/avinent.com\/wp-content\/uploads\/2025\/05\/2.jpg","datePublished":"2025-05-16T11:08:45+00:00","dateModified":"2025-05-16T14:27:00+00:00","description":"El 9 de mayo desde Avinent celebramos una jornada interna centrada en \"Construir la cultura del cuidar\". Conoce todos los detalles aqu\u00ed.","breadcrumb":{"@id":"https:\/\/avinent.com\/blog\/jornada-interna-construyendo-cultura-cuidar\/#breadcrumb"},"inLanguage":"ca","potentialAction":[{"@type":"ReadAction","target":["https:\/\/avinent.com\/blog\/jornada-interna-construyendo-cultura-cuidar\/"]}]},{"@type":"ImageObject","inLanguage":"ca","@id":"https:\/\/avinent.com\/blog\/jornada-interna-construyendo-cultura-cuidar\/#primaryimage","url":"https:\/\/avinent.com\/wp-content\/uploads\/2025\/05\/2.jpg","contentUrl":"https:\/\/avinent.com\/wp-content\/uploads\/2025\/05\/2.jpg","width":1080,"height":600,"caption":"Jornada-interna"},{"@type":"BreadcrumbList","@id":"https:\/\/avinent.com\/blog\/jornada-interna-construyendo-cultura-cuidar\/#breadcrumb","itemListElement":[{"@type":"ListItem","position":1,"name":"Portada","item":"https:\/\/avinent.com\/ca\/home\/"},{"@type":"ListItem","position":2,"name":"Jornada interna &#8220;Construyendo la cultura del cuidar&#8221;"}]},{"@type":"WebSite","@id":"https:\/\/avinent.com\/#website","url":"https:\/\/avinent.com\/","name":"Avinent","description":"Todas las soluciones m\u00e9dicas y dentales","publisher":{"@id":"https:\/\/avinent.com\/#organization"},"potentialAction":[{"@type":"SearchAction","target":{"@type":"EntryPoint","urlTemplate":"https:\/\/avinent.com\/?s={search_term_string}"},"query-input":{"@type":"PropertyValueSpecification","valueRequired":true,"valueName":"search_term_string"}}],"inLanguage":"ca"},{"@type":"Organization","@id":"https:\/\/avinent.com\/#organization","name":"Avinent","url":"https:\/\/avinent.com\/","logo":{"@type":"ImageObject","inLanguage":"ca","@id":"https:\/\/avinent.com\/#\/schema\/logo\/image\/","url":"https:\/\/avinent.com\/wp-content\/uploads\/2021\/10\/cropped-9216650250dc9798b51ff14a0e1c16c7.png","contentUrl":"https:\/\/avinent.com\/wp-content\/uploads\/2021\/10\/cropped-9216650250dc9798b51ff14a0e1c16c7.png","width":122,"height":79,"caption":"Avinent"},"image":{"@id":"https:\/\/avinent.com\/#\/schema\/logo\/image\/"}},{"@type":"Person","@id":"https:\/\/avinent.com\/#\/schema\/person\/5927a293d041aa4c22d994234698fd50","name":"J\u00falia Leal","image":{"@type":"ImageObject","inLanguage":"ca","@id":"https:\/\/avinent.com\/#\/schema\/person\/image\/","url":"https:\/\/secure.gravatar.com\/avatar\/4d4d9a0dd2a94c2bda7333c46e8b70bf?s=96&d=mm&r=g","contentUrl":"https:\/\/secure.gravatar.com\/avatar\/4d4d9a0dd2a94c2bda7333c46e8b70bf?s=96&d=mm&r=g","caption":"J\u00falia Leal"}}]}},"_links":{"self":[{"href":"https:\/\/avinent.com\/ca\/wp-json\/wp\/v2\/posts\/33673","targetHints":{"allow":["GET"]}}],"collection":[{"href":"https:\/\/avinent.com\/ca\/wp-json\/wp\/v2\/posts"}],"about":[{"href":"https:\/\/avinent.com\/ca\/wp-json\/wp\/v2\/types\/post"}],"author":[{"embeddable":true,"href":"https:\/\/avinent.com\/ca\/wp-json\/wp\/v2\/users\/3"}],"replies":[{"embeddable":true,"href":"https:\/\/avinent.com\/ca\/wp-json\/wp\/v2\/comments?post=33673"}],"version-history":[{"count":14,"href":"https:\/\/avinent.com\/ca\/wp-json\/wp\/v2\/posts\/33673\/revisions"}],"predecessor-version":[{"id":33726,"href":"https:\/\/avinent.com\/ca\/wp-json\/wp\/v2\/posts\/33673\/revisions\/33726"}],"wp:featuredmedia":[{"embeddable":true,"href":"https:\/\/avinent.com\/ca\/wp-json\/wp\/v2\/media\/33685"}],"wp:attachment":[{"href":"https:\/\/avinent.com\/ca\/wp-json\/wp\/v2\/media?parent=33673"}],"wp:term":[{"taxonomy":"category","embeddable":true,"href":"https:\/\/avinent.com\/ca\/wp-json\/wp\/v2\/categories?post=33673"},{"taxonomy":"post_tag","embeddable":true,"href":"https:\/\/avinent.com\/ca\/wp-json\/wp\/v2\/tags?post=33673"},{"taxonomy":"profesional_medics","embeddable":true,"href":"https:\/\/avinent.com\/ca\/wp-json\/wp\/v2\/profesional_medics?post=33673"},{"taxonomy":"segments","embeddable":true,"href":"https:\/\/avinent.com\/ca\/wp-json\/wp\/v2\/segment?post=33673"}],"curies":[{"name":"wp","href":"https:\/\/api.w.org\/{rel}","templated":true}]}}