{"id":35122,"date":"2025-10-27T16:21:41","date_gmt":"2025-10-27T15:21:41","guid":{"rendered":"https:\/\/avinent.com\/?p=35122"},"modified":"2025-10-30T10:05:35","modified_gmt":"2025-10-30T09:05:35","slug":"avinent-congress-2025","status":"publish","type":"post","link":"https:\/\/avinent.com\/ca\/blog\/avinent-congress-2025\/","title":{"rendered":"\u00c9xito rotundo del Avinent Congress 2025: tecnolog\u00eda, innovaci\u00f3n y ciencia al servicio de la odontolog\u00eda"},"content":{"rendered":"\t\t<div data-elementor-type=\"wp-post\" data-elementor-id=\"35122\" class=\"elementor elementor-35122\" data-elementor-post-type=\"post\">\n\t\t\t\t<div class=\"elementor-element elementor-element-8e35206 e-flex e-con-boxed e-con e-parent\" data-id=\"8e35206\" data-element_type=\"container\" data-e-type=\"container\">\n\t\t\t\t\t<div class=\"e-con-inner\">\n\t\t\t\t<div class=\"elementor-element elementor-element-aac8dc8 elementor-widget elementor-widget-text-editor\" data-id=\"aac8dc8\" data-element_type=\"widget\" data-e-type=\"widget\" data-widget_type=\"text-editor.default\">\n\t\t\t\t<div class=\"elementor-widget-container\">\n\t\t\t\t\t\t\t\t\t<p>La Llotja de Mar se convirti\u00f3 los d\u00edas 23 y 24 de octubre en el epicentro de la odontolog\u00eda digital con la celebraci\u00f3n del <strong>Avinent Congress 2025<\/strong>, un evento que reuni\u00f3 a m\u00e1s de <strong>650 profesionales del sector<\/strong>, consolid\u00e1ndose como una cita de referencia para el futuro de la odontolog\u00eda.<\/p><p>Bajo el lema <em>\u201cBuilding a happier society\u201d<\/em>, el congreso ofreci\u00f3 dos jornadas de <strong>formaciones, ponencias y experiencias inmersivas<\/strong>, con la participaci\u00f3n de <strong>reconocidos expertos nacionales e internacionales<\/strong> que abordaron los \u00faltimos avances en <strong>implantolog\u00eda, pr\u00f3tesis dental, cirug\u00eda craneomaxilofacial y digitalizaci\u00f3n cl\u00ednica<\/strong>.<\/p><p>Entre los ponentes destacados se encontraron figuras como el <strong>Dr. Jes\u00fas L\u00f3pez Vilagran<\/strong>, el <strong>Dr. Federico Hern\u00e1ndez Alfaro<\/strong>, el <strong>Dr. Javier Herce<\/strong>, el <strong>Dr. Ram\u00f3n Sieira<\/strong>, el <strong>Dr. Rui Figueiredo<\/strong>, <strong>Dr. Jose Mar\u00eda Aguado, Dra. Alba S\u00e1nchez, Dr. \u00c1lvaro Tof\u00e9, Dr. Christian Leonhardt, Sr. Jorge reyes &#8220;Coke&#8221;<\/strong> y muchos otros referentes del \u00e1mbito odontol\u00f3gico.<\/p><p>Adem\u00e1s, el congreso cont\u00f3 con un <strong>showroom de producto y tecnolog\u00eda<\/strong>, donde los asistentes pudieron descubrir las novedades de Avinent y sus partners estrat\u00e9gicos, en un entorno dise\u00f1ado para el intercambio de conocimiento y la creaci\u00f3n de sinergias profesionales.<\/p><p>El evento tambi\u00e9n destac\u00f3 por su cuidada experiencia gastron\u00f3mica, con un <strong>catering exclusivo del chef Nandu Jubany<\/strong> \u2014galardonado con estrella Michelin\u2014 y los <strong>c\u00f3cteles creativos de Manel Veh\u00ed<\/strong>, que a\u00f1adieron un toque sensorial \u00fanico al encuentro.<\/p>\t\t\t\t\t\t\t\t<\/div>\n\t\t\t\t<\/div>\n\t\t\t\t\t<\/div>\n\t\t\t\t<\/div>\n\t\t<div class=\"elementor-element elementor-element-d82ae42 e-flex e-con-boxed e-con e-parent\" data-id=\"d82ae42\" data-element_type=\"container\" data-e-type=\"container\">\n\t\t\t\t\t<div class=\"e-con-inner\">\n\t\t\t\t<div class=\"elementor-element elementor-element-b7e7641 elementor-widget elementor-widget-video\" data-id=\"b7e7641\" data-element_type=\"widget\" data-e-type=\"widget\" data-settings=\"{&quot;youtube_url&quot;:&quot;https:\\\/\\\/www.youtube.com\\\/watch?v=z5Y1zlkV_NU&amp;feature=youtu.be&quot;,&quot;video_type&quot;:&quot;youtube&quot;,&quot;controls&quot;:&quot;yes&quot;}\" data-widget_type=\"video.default\">\n\t\t\t\t<div class=\"elementor-widget-container\">\n\t\t\t\t\t\t\t<div class=\"elementor-wrapper elementor-open-inline\">\n\t\t\t<div class=\"elementor-video\"><\/div>\t\t<\/div>\n\t\t\t\t\t\t<\/div>\n\t\t\t\t<\/div>\n\t\t\t\t\t<\/div>\n\t\t\t\t<\/div>\n\t\t<div class=\"elementor-element elementor-element-aa771a0 e-flex e-con-boxed e-con e-parent\" data-id=\"aa771a0\" data-element_type=\"container\" data-e-type=\"container\">\n\t\t\t\t\t<div class=\"e-con-inner\">\n\t\t\t\t<div class=\"elementor-element elementor-element-f3e0948 elementor-widget elementor-widget-text-editor\" data-id=\"f3e0948\" data-element_type=\"widget\" data-e-type=\"widget\" data-widget_type=\"text-editor.default\">\n\t\t\t\t<div class=\"elementor-widget-container\">\n\t\t\t\t\t\t\t\t\t<p>El <strong>Avinent Congress 2025<\/strong> ha marcado un antes y un despu\u00e9s en la forma de entender y vivir la odontolog\u00eda digital, confirmando que <strong>el futuro del sector no solo se explica\u2026 se vive<\/strong>.<\/p>\t\t\t\t\t\t\t\t<\/div>\n\t\t\t\t<\/div>\n\t\t\t\t\t<\/div>\n\t\t\t\t<\/div>\n\t\t\t\t<\/div>\n\t\t","protected":false},"excerpt":{"rendered":"<p>La Llotja de Mar se convirti\u00f3 los d\u00edas 23 y 24 de octubre en el epicentro de la odontolog\u00eda digital con la celebraci\u00f3n del Avinent Congress 2025, un evento que reuni\u00f3 a m\u00e1s de 650 profesionales del sector, consolid\u00e1ndose como una cita de referencia para el futuro de la odontolog\u00eda. Bajo el lema \u201cBuilding a [&hellip;]<\/p>\n","protected":false},"author":2,"featured_media":35035,"comment_status":"closed","ping_status":"closed","sticky":false,"template":"","format":"standard","meta":{"_acf_changed":false,"inline_featured_image":false,"footnotes":""},"categories":[38],"tags":[],"profesional_medics":[],"segment":[],"class_list":["post-35122","post","type-post","status-publish","format-standard","has-post-thumbnail","hentry","category-actualidad"],"acf":[],"yoast_head":"<!-- This site is optimized with the Yoast SEO plugin v26.8 - https:\/\/yoast.com\/product\/yoast-seo-wordpress\/ -->\n<title>Avinent Congress 2025 | Revive la experiencia<\/title>\n<meta name=\"description\" content=\"\u00c9xito rotundo del Avinent Congress 2025: tecnolog\u00eda, innovaci\u00f3n y ciencia al servicio de la odontolog\u00eda. \u00a1Conoce como fue!\" \/>\n<meta name=\"robots\" content=\"index, follow, max-snippet:-1, max-image-preview:large, max-video-preview:-1\" \/>\n<meta property=\"og:locale\" content=\"ca_ES\" \/>\n<meta property=\"og:type\" content=\"article\" \/>\n<meta property=\"og:title\" content=\"Avinent Congress 2025 | Revive la experiencia\" \/>\n<meta property=\"og:description\" content=\"\u00c9xito rotundo del Avinent Congress 2025: tecnolog\u00eda, innovaci\u00f3n y ciencia al servicio de la odontolog\u00eda. \u00a1Conoce como fue!\" \/>\n<meta property=\"og:url\" content=\"https:\/\/avinent.com\/blog\/avinent-congress-2025\/\" \/>\n<meta property=\"og:site_name\" content=\"Avinent\" \/>\n<meta property=\"article:published_time\" content=\"2025-10-27T15:21:41+00:00\" \/>\n<meta property=\"article:modified_time\" content=\"2025-10-30T09:05:35+00:00\" \/>\n<meta property=\"og:image\" content=\"https:\/\/avinent.com\/wp-content\/uploads\/2025\/10\/1.jpg\" \/>\n\t<meta property=\"og:image:width\" content=\"800\" \/>\n\t<meta property=\"og:image:height\" content=\"300\" \/>\n\t<meta property=\"og:image:type\" content=\"image\/jpeg\" \/>\n<meta name=\"author\" content=\"wwwarcelona\" \/>\n<meta name=\"twitter:card\" content=\"summary_large_image\" \/>\n<meta name=\"twitter:label1\" content=\"Escrit per\" \/>\n\t<meta name=\"twitter:data1\" content=\"wwwarcelona\" \/>\n\t<meta name=\"twitter:label2\" content=\"Temps estimat de lectura\" \/>\n\t<meta name=\"twitter:data2\" content=\"2 minuts\" \/>\n<script type=\"application\/ld+json\" class=\"yoast-schema-graph\">{\"@context\":\"https:\/\/schema.org\",\"@graph\":[{\"@type\":\"Article\",\"@id\":\"https:\/\/avinent.com\/blog\/avinent-congress-2025\/#article\",\"isPartOf\":{\"@id\":\"https:\/\/avinent.com\/blog\/avinent-congress-2025\/\"},\"author\":{\"name\":\"wwwarcelona\",\"@id\":\"https:\/\/avinent.com\/#\/schema\/person\/36b86133d985ef99a16d3a953381b494\"},\"headline\":\"\u00c9xito rotundo del Avinent Congress 2025: tecnolog\u00eda, innovaci\u00f3n y ciencia al servicio de la odontolog\u00eda\",\"datePublished\":\"2025-10-27T15:21:41+00:00\",\"dateModified\":\"2025-10-30T09:05:35+00:00\",\"mainEntityOfPage\":{\"@id\":\"https:\/\/avinent.com\/blog\/avinent-congress-2025\/\"},\"wordCount\":307,\"publisher\":{\"@id\":\"https:\/\/avinent.com\/#organization\"},\"image\":{\"@id\":\"https:\/\/avinent.com\/blog\/avinent-congress-2025\/#primaryimage\"},\"thumbnailUrl\":\"https:\/\/avinent.com\/wp-content\/uploads\/2025\/10\/1.jpg\",\"articleSection\":[\"Actualidad\"],\"inLanguage\":\"ca\"},{\"@type\":\"WebPage\",\"@id\":\"https:\/\/avinent.com\/blog\/avinent-congress-2025\/\",\"url\":\"https:\/\/avinent.com\/blog\/avinent-congress-2025\/\",\"name\":\"Avinent Congress 2025 | Revive la experiencia\",\"isPartOf\":{\"@id\":\"https:\/\/avinent.com\/#website\"},\"primaryImageOfPage\":{\"@id\":\"https:\/\/avinent.com\/blog\/avinent-congress-2025\/#primaryimage\"},\"image\":{\"@id\":\"https:\/\/avinent.com\/blog\/avinent-congress-2025\/#primaryimage\"},\"thumbnailUrl\":\"https:\/\/avinent.com\/wp-content\/uploads\/2025\/10\/1.jpg\",\"datePublished\":\"2025-10-27T15:21:41+00:00\",\"dateModified\":\"2025-10-30T09:05:35+00:00\",\"description\":\"\u00c9xito rotundo del Avinent Congress 2025: tecnolog\u00eda, innovaci\u00f3n y ciencia al servicio de la odontolog\u00eda. \u00a1Conoce como fue!\",\"breadcrumb\":{\"@id\":\"https:\/\/avinent.com\/blog\/avinent-congress-2025\/#breadcrumb\"},\"inLanguage\":\"ca\",\"potentialAction\":[{\"@type\":\"ReadAction\",\"target\":[\"https:\/\/avinent.com\/blog\/avinent-congress-2025\/\"]}]},{\"@type\":\"ImageObject\",\"inLanguage\":\"ca\",\"@id\":\"https:\/\/avinent.com\/blog\/avinent-congress-2025\/#primaryimage\",\"url\":\"https:\/\/avinent.com\/wp-content\/uploads\/2025\/10\/1.jpg\",\"contentUrl\":\"https:\/\/avinent.com\/wp-content\/uploads\/2025\/10\/1.jpg\",\"width\":800,\"height\":300},{\"@type\":\"BreadcrumbList\",\"@id\":\"https:\/\/avinent.com\/blog\/avinent-congress-2025\/#breadcrumb\",\"itemListElement\":[{\"@type\":\"ListItem\",\"position\":1,\"name\":\"Portada\",\"item\":\"https:\/\/avinent.com\/ca\/home\/\"},{\"@type\":\"ListItem\",\"position\":2,\"name\":\"\u00c9xito rotundo del Avinent Congress 2025: tecnolog\u00eda, innovaci\u00f3n y ciencia al servicio de la odontolog\u00eda\"}]},{\"@type\":\"WebSite\",\"@id\":\"https:\/\/avinent.com\/#website\",\"url\":\"https:\/\/avinent.com\/\",\"name\":\"Avinent\",\"description\":\"Todas las soluciones m\u00e9dicas y dentales\",\"publisher\":{\"@id\":\"https:\/\/avinent.com\/#organization\"},\"potentialAction\":[{\"@type\":\"SearchAction\",\"target\":{\"@type\":\"EntryPoint\",\"urlTemplate\":\"https:\/\/avinent.com\/?s={search_term_string}\"},\"query-input\":{\"@type\":\"PropertyValueSpecification\",\"valueRequired\":true,\"valueName\":\"search_term_string\"}}],\"inLanguage\":\"ca\"},{\"@type\":\"Organization\",\"@id\":\"https:\/\/avinent.com\/#organization\",\"name\":\"Avinent\",\"url\":\"https:\/\/avinent.com\/\",\"logo\":{\"@type\":\"ImageObject\",\"inLanguage\":\"ca\",\"@id\":\"https:\/\/avinent.com\/#\/schema\/logo\/image\/\",\"url\":\"https:\/\/avinent.com\/wp-content\/uploads\/2021\/10\/cropped-9216650250dc9798b51ff14a0e1c16c7.png\",\"contentUrl\":\"https:\/\/avinent.com\/wp-content\/uploads\/2021\/10\/cropped-9216650250dc9798b51ff14a0e1c16c7.png\",\"width\":122,\"height\":79,\"caption\":\"Avinent\"},\"image\":{\"@id\":\"https:\/\/avinent.com\/#\/schema\/logo\/image\/\"}},{\"@type\":\"Person\",\"@id\":\"https:\/\/avinent.com\/#\/schema\/person\/36b86133d985ef99a16d3a953381b494\",\"name\":\"wwwarcelona\",\"image\":{\"@type\":\"ImageObject\",\"inLanguage\":\"ca\",\"@id\":\"https:\/\/avinent.com\/#\/schema\/person\/image\/\",\"url\":\"https:\/\/secure.gravatar.com\/avatar\/22c6e61b197bfcfe682559e4aa8d3534?s=96&d=mm&r=g\",\"contentUrl\":\"https:\/\/secure.gravatar.com\/avatar\/22c6e61b197bfcfe682559e4aa8d3534?s=96&d=mm&r=g\",\"caption\":\"wwwarcelona\"}}]}<\/script>\n<!-- \/ Yoast SEO plugin. -->","yoast_head_json":{"title":"Avinent Congress 2025 | Revive la experiencia","description":"\u00c9xito rotundo del Avinent Congress 2025: tecnolog\u00eda, innovaci\u00f3n y ciencia al servicio de la odontolog\u00eda. \u00a1Conoce como fue!","robots":{"index":"index","follow":"follow","max-snippet":"max-snippet:-1","max-image-preview":"max-image-preview:large","max-video-preview":"max-video-preview:-1"},"og_locale":"ca_ES","og_type":"article","og_title":"Avinent Congress 2025 | Revive la experiencia","og_description":"\u00c9xito rotundo del Avinent Congress 2025: tecnolog\u00eda, innovaci\u00f3n y ciencia al servicio de la odontolog\u00eda. \u00a1Conoce como fue!","og_url":"https:\/\/avinent.com\/blog\/avinent-congress-2025\/","og_site_name":"Avinent","article_published_time":"2025-10-27T15:21:41+00:00","article_modified_time":"2025-10-30T09:05:35+00:00","og_image":[{"width":800,"height":300,"url":"https:\/\/avinent.com\/wp-content\/uploads\/2025\/10\/1.jpg","type":"image\/jpeg"}],"author":"wwwarcelona","twitter_card":"summary_large_image","twitter_misc":{"Escrit per":"wwwarcelona","Temps estimat de lectura":"2 minuts"},"schema":{"@context":"https:\/\/schema.org","@graph":[{"@type":"Article","@id":"https:\/\/avinent.com\/blog\/avinent-congress-2025\/#article","isPartOf":{"@id":"https:\/\/avinent.com\/blog\/avinent-congress-2025\/"},"author":{"name":"wwwarcelona","@id":"https:\/\/avinent.com\/#\/schema\/person\/36b86133d985ef99a16d3a953381b494"},"headline":"\u00c9xito rotundo del Avinent Congress 2025: tecnolog\u00eda, innovaci\u00f3n y ciencia al servicio de la odontolog\u00eda","datePublished":"2025-10-27T15:21:41+00:00","dateModified":"2025-10-30T09:05:35+00:00","mainEntityOfPage":{"@id":"https:\/\/avinent.com\/blog\/avinent-congress-2025\/"},"wordCount":307,"publisher":{"@id":"https:\/\/avinent.com\/#organization"},"image":{"@id":"https:\/\/avinent.com\/blog\/avinent-congress-2025\/#primaryimage"},"thumbnailUrl":"https:\/\/avinent.com\/wp-content\/uploads\/2025\/10\/1.jpg","articleSection":["Actualidad"],"inLanguage":"ca"},{"@type":"WebPage","@id":"https:\/\/avinent.com\/blog\/avinent-congress-2025\/","url":"https:\/\/avinent.com\/blog\/avinent-congress-2025\/","name":"Avinent Congress 2025 | Revive la experiencia","isPartOf":{"@id":"https:\/\/avinent.com\/#website"},"primaryImageOfPage":{"@id":"https:\/\/avinent.com\/blog\/avinent-congress-2025\/#primaryimage"},"image":{"@id":"https:\/\/avinent.com\/blog\/avinent-congress-2025\/#primaryimage"},"thumbnailUrl":"https:\/\/avinent.com\/wp-content\/uploads\/2025\/10\/1.jpg","datePublished":"2025-10-27T15:21:41+00:00","dateModified":"2025-10-30T09:05:35+00:00","description":"\u00c9xito rotundo del Avinent Congress 2025: tecnolog\u00eda, innovaci\u00f3n y ciencia al servicio de la odontolog\u00eda. \u00a1Conoce como fue!","breadcrumb":{"@id":"https:\/\/avinent.com\/blog\/avinent-congress-2025\/#breadcrumb"},"inLanguage":"ca","potentialAction":[{"@type":"ReadAction","target":["https:\/\/avinent.com\/blog\/avinent-congress-2025\/"]}]},{"@type":"ImageObject","inLanguage":"ca","@id":"https:\/\/avinent.com\/blog\/avinent-congress-2025\/#primaryimage","url":"https:\/\/avinent.com\/wp-content\/uploads\/2025\/10\/1.jpg","contentUrl":"https:\/\/avinent.com\/wp-content\/uploads\/2025\/10\/1.jpg","width":800,"height":300},{"@type":"BreadcrumbList","@id":"https:\/\/avinent.com\/blog\/avinent-congress-2025\/#breadcrumb","itemListElement":[{"@type":"ListItem","position":1,"name":"Portada","item":"https:\/\/avinent.com\/ca\/home\/"},{"@type":"ListItem","position":2,"name":"\u00c9xito rotundo del Avinent Congress 2025: tecnolog\u00eda, innovaci\u00f3n y ciencia al servicio de la odontolog\u00eda"}]},{"@type":"WebSite","@id":"https:\/\/avinent.com\/#website","url":"https:\/\/avinent.com\/","name":"Avinent","description":"Todas las soluciones m\u00e9dicas y dentales","publisher":{"@id":"https:\/\/avinent.com\/#organization"},"potentialAction":[{"@type":"SearchAction","target":{"@type":"EntryPoint","urlTemplate":"https:\/\/avinent.com\/?s={search_term_string}"},"query-input":{"@type":"PropertyValueSpecification","valueRequired":true,"valueName":"search_term_string"}}],"inLanguage":"ca"},{"@type":"Organization","@id":"https:\/\/avinent.com\/#organization","name":"Avinent","url":"https:\/\/avinent.com\/","logo":{"@type":"ImageObject","inLanguage":"ca","@id":"https:\/\/avinent.com\/#\/schema\/logo\/image\/","url":"https:\/\/avinent.com\/wp-content\/uploads\/2021\/10\/cropped-9216650250dc9798b51ff14a0e1c16c7.png","contentUrl":"https:\/\/avinent.com\/wp-content\/uploads\/2021\/10\/cropped-9216650250dc9798b51ff14a0e1c16c7.png","width":122,"height":79,"caption":"Avinent"},"image":{"@id":"https:\/\/avinent.com\/#\/schema\/logo\/image\/"}},{"@type":"Person","@id":"https:\/\/avinent.com\/#\/schema\/person\/36b86133d985ef99a16d3a953381b494","name":"wwwarcelona","image":{"@type":"ImageObject","inLanguage":"ca","@id":"https:\/\/avinent.com\/#\/schema\/person\/image\/","url":"https:\/\/secure.gravatar.com\/avatar\/22c6e61b197bfcfe682559e4aa8d3534?s=96&d=mm&r=g","contentUrl":"https:\/\/secure.gravatar.com\/avatar\/22c6e61b197bfcfe682559e4aa8d3534?s=96&d=mm&r=g","caption":"wwwarcelona"}}]}},"_links":{"self":[{"href":"https:\/\/avinent.com\/ca\/wp-json\/wp\/v2\/posts\/35122","targetHints":{"allow":["GET"]}}],"collection":[{"href":"https:\/\/avinent.com\/ca\/wp-json\/wp\/v2\/posts"}],"about":[{"href":"https:\/\/avinent.com\/ca\/wp-json\/wp\/v2\/types\/post"}],"author":[{"embeddable":true,"href":"https:\/\/avinent.com\/ca\/wp-json\/wp\/v2\/users\/2"}],"replies":[{"embeddable":true,"href":"https:\/\/avinent.com\/ca\/wp-json\/wp\/v2\/comments?post=35122"}],"version-history":[{"count":13,"href":"https:\/\/avinent.com\/ca\/wp-json\/wp\/v2\/posts\/35122\/revisions"}],"predecessor-version":[{"id":35137,"href":"https:\/\/avinent.com\/ca\/wp-json\/wp\/v2\/posts\/35122\/revisions\/35137"}],"wp:featuredmedia":[{"embeddable":true,"href":"https:\/\/avinent.com\/ca\/wp-json\/wp\/v2\/media\/35035"}],"wp:attachment":[{"href":"https:\/\/avinent.com\/ca\/wp-json\/wp\/v2\/media?parent=35122"}],"wp:term":[{"taxonomy":"category","embeddable":true,"href":"https:\/\/avinent.com\/ca\/wp-json\/wp\/v2\/categories?post=35122"},{"taxonomy":"post_tag","embeddable":true,"href":"https:\/\/avinent.com\/ca\/wp-json\/wp\/v2\/tags?post=35122"},{"taxonomy":"profesional_medics","embeddable":true,"href":"https:\/\/avinent.com\/ca\/wp-json\/wp\/v2\/profesional_medics?post=35122"},{"taxonomy":"segments","embeddable":true,"href":"https:\/\/avinent.com\/ca\/wp-json\/wp\/v2\/segment?post=35122"}],"curies":[{"name":"wp","href":"https:\/\/api.w.org\/{rel}","templated":true}]}}