{"id":5841,"date":"2016-06-30T00:00:00","date_gmt":"2016-06-29T23:00:00","guid":{"rendered":"https:\/\/blog.avinent.com\/2016\/06\/30\/tologia-digital-restauradora-y-estetica-rosa\/"},"modified":"2024-11-20T12:51:01","modified_gmt":"2024-11-20T11:51:01","slug":"tologia-digital-restauradora-y-estetica-rosa","status":"publish","type":"post","link":"https:\/\/avinent.com\/ca\/blog\/tologia-digital-restauradora-y-estetica-rosa\/","title":{"rendered":"Odontolog\u00eda digital restauradora y est\u00e9tica rosa"},"content":{"rendered":"<p>\t\t\t\t<strong>INTRODUCCI\u00d3N<br \/>\n<\/strong>Tal como se describe en la literatura, el tratamiento convencional de casos con grave p\u00e9rdida \u00f3sea vertical en el sector anterior puede llevar frecuentemente a restauraciones definitivas poco est\u00e9ticas.<\/p>\n<p>Una planificaci\u00f3n adecuada, mediante diagn\u00f3stico por imagen y encerado de diagn\u00f3stico, es imprescindible para establecer el plan de tratamiento m\u00e1s adecuado a las necesidades del paciente y conseguir el \u00e9xito de la restauraci\u00f3n.<\/p>\n<p>Como muestra este caso, se pueden solucionar este tipo de defectos verticales mediante restauraciones prot\u00e9sicas sin la necesidad de emplear t\u00e9cnicas regenerativas guiadas.<\/p>\n<p><strong>DESCRIPCI\u00d3N DEL CASO<br \/>\n<\/strong>Tras sufrir un grave traumatismo en el sector anterior, con la consiguiente p\u00e9rdida \u00f3sea y de estructura de los tejidos blandos, el paciente fue sometido a diferentes intervenciones quir\u00fargicas para estabilizar y aumentar el reborde alveolar de la zona. Al no conseguir los resultados deseados, se le realiz\u00f3 una pr\u00f3tesis cementada que no cumpl\u00eda sus expectativas est\u00e9ticas.<\/p>\n<p>Por este motivo, al cabo de un tiempo, el paciente lleg\u00f3 a la consulta con la intenci\u00f3n de mejorar la est\u00e9tica de sus dientes anteriores. Llevaba una pr\u00f3tesis cementada metal cer\u00e1mica de 1.2 a 2.2, soportada sobre los dos dientes laterales y con dos piezas p\u00f3nticas en los incisivos centrales. Presentaba una importante p\u00e9rdida \u00f3sea en el sector 1.1 y 2.1 debido al fracaso de las dos cirug\u00edas de regeneraci\u00f3n \u00f3sea guiada.<\/p>\n<p>Tambi\u00e9n presentaba una inflamaci\u00f3n con sangrado en la zona basal de la piezas p\u00f3nticas y en la enc\u00eda alrededor de los laterales. Las piezas pilares mostraban sobrecarga periodontal con un ensanchamiento del ligamento, debido tanto a la desproporci\u00f3n de las piezas como a una sobrecarga en la gu\u00eda incisiva.<\/p>\n<p><strong>PLAN DE TRATAMIENTO<\/strong><br \/>\nCabe destacar el importante componente psicol\u00f3gico del caso, y es que el paciente no deseaba someterse a m\u00e1s intervenciones quir\u00fargicas debido al mal resultado de las anteriores.<\/p>\n<p>Se le propuso la colocaci\u00f3n de dos implantes Biomimetic Coral IC (AVINENT Implant System) en posici\u00f3n 1.1 y 2.1, y la posterior restauraci\u00f3n mediante coronas individuales cementadas. Se descart\u00f3 el tratamiento con injerto \u00f3seo en bloque y tejido conectivo para intentar reestablecer la l\u00ednea alveolar y est\u00e9tica, y en su lugar, ayudados por un biotipo grueso y una l\u00ednea de sonrisa baja, realizar una rehabilitaci\u00f3n con enc\u00eda artificial.<\/p>\n<p><strong>CASO CL\u00cdNICO<\/strong><br \/>\nUna buena planificaci\u00f3n es esencial para establecer un plan de tratamiento adecuado. En este caso no fue as\u00ed, ya que el paciente lleg\u00f3 a la segunda fase quir\u00fargica sin haber podido realizar ning\u00fan tipo de estudio ni planificaci\u00f3n.<\/p>\n<p><img fetchpriority=\"high\" decoding=\"async\" class=\"responsive\" src=\"https:\/\/blog.avinent.com\/wp-content\/uploads\/sites\/9\/2019\/12\/fets\/foto-post-4_a1.jpg?1489514729465\" alt=\"\" width=\"744\" height=\"425\" \/><\/p>\n<p>Se colocaron los implantes y se realiz\u00f3 un provisional con acr\u00edlico apoyado sobre los dientes laterales tallados. En este momento los prostodoncistas vieron definitivamente el problema est\u00e9tico que supondr\u00eda esta p\u00e9rdida de tejido en la pr\u00f3tesis final, agravado por la emergencia de los implantes por la zona vestibular.<\/p>\n<p><img decoding=\"async\" class=\"responsive\" src=\"https:\/\/blog.avinent.com\/wp-content\/uploads\/sites\/9\/2019\/12\/fets\/foto-post-4_a2.jpg?1489514757750\" alt=\"\" width=\"28\" height=\"30\" \/><\/p>\n<p><img decoding=\"async\" class=\"responsive\" src=\"https:\/\/blog.avinent.com\/wp-content\/uploads\/sites\/9\/2019\/12\/fets\/foto-post-4_a3.jpg?1489514782817\" alt=\"\" width=\"744\" height=\"263\" \/><\/p>\n<p>La soluci\u00f3n prot\u00e9sica propuesta consist\u00eda en realizar dos pilares centrales personalizados de zirconio con base met\u00e1lica directos a implante con falsa enc\u00eda de cer\u00e1mica, que permitir\u00edan corregir el eje de inserci\u00f3n. Y cuatro coronas de disilicato de litio con un recubrimiento cer\u00e1mico cementadas sobre los laterales tallados y sobre los pilares de la estructura primaria de los centrales.<\/p>\n<p>En este tipo de casos es importante hacer part\u00edcipe al paciente de los limites est\u00e9ticos, debido a la dificultad del mimetismo entre la enc\u00eda de cer\u00e1mica y los tejidos blandos adyacentes. As\u00ed como de la necesidad de una rigurosa higiene de forma rutinaria en la zona basal de la enc\u00eda.<\/p>\n<p>Una vez aceptado el tratamiento, con el provisional se fue trabajando el contorno gingival para albergar la restauraci\u00f3n y pasados 4 meses, se tomaron las impresiones definitivas.<\/p>\n<p>Debido a la complejidad del caso, se opt\u00f3 por realizar un encerado virtual y uno de anal\u00f3gico digitalizado. Se solaparon los dos archivos, teniendo como referencia el encerado anal\u00f3gico, para conseguir una gran precisi\u00f3n en la estructura<\/p>\n<p><img loading=\"lazy\" decoding=\"async\" class=\"responsive\" src=\"https:\/\/blog.avinent.com\/wp-content\/uploads\/sites\/9\/2019\/12\/fets\/foto-post-4_a5.jpg?1489514820755\" alt=\"\" width=\"744\" height=\"425\" \/><\/p>\n<p>A partir del encerado virtual, se dise\u00f1\u00f3 la estructura primaria de zirconio formada por los pilares centrales y la base de la enc\u00eda ceramizada, as\u00ed como los n\u00facleos de disilicato de litio de las coronas cementadas.<\/p>\n<p>Gracias al software se corrigi\u00f3 la angulaci\u00f3n de los pilares, obteniendo una emergencia de las chimeneas que, aunque no era est\u00e9tica, permit\u00eda optimizar el acceso y colocar los tornillos por la zona palatina sin comprometer el trabajo final.<\/p>\n<p><img loading=\"lazy\" decoding=\"async\" class=\"responsive\" src=\"https:\/\/blog.avinent.com\/wp-content\/uploads\/sites\/9\/2019\/12\/fets\/foto-post-4_a6.jpg?1489514846390\" alt=\"\" width=\"28\" height=\"30\" \/><\/p>\n<p><img loading=\"lazy\" decoding=\"async\" class=\"responsive\" src=\"https:\/\/blog.avinent.com\/wp-content\/uploads\/sites\/9\/2019\/12\/fets\/foto-post-4_a7.jpg?1489514884001\" alt=\"\" width=\"744\" height=\"260\" \/><\/p>\n<p>Tambi\u00e9n permiti\u00f3 incorporar detalladamente la enc\u00eda ceramizada a la estructura, y definir la anatom\u00eda y perfil de emergencia de los pilares creando una \u00f3ptima transici\u00f3n enc\u00eda-diente.<\/p>\n<p><img loading=\"lazy\" decoding=\"async\" class=\"responsive\" src=\"https:\/\/blog.avinent.com\/wp-content\/uploads\/sites\/9\/2019\/12\/fets\/foto-post-4_a8.jpg?1489514919384\" alt=\"\" width=\"28\" height=\"30\" \/><\/p>\n<p>Una vez predefinida la estructura primaria, se dise\u00f1aron los n\u00facleos de disilicato, observando las estructuras por separado y en conjunto, analizando los puntos cr\u00edticos de la restauraci\u00f3n a nivel prot\u00e9tico, est\u00e9tico y funcional.<\/p>\n<p><img loading=\"lazy\" decoding=\"async\" class=\"responsive\" src=\"https:\/\/blog.avinent.com\/wp-content\/uploads\/sites\/9\/2019\/12\/fets\/foto-post-4_a9.jpg?1489515006080\" alt=\"\" width=\"744\" height=\"262\" \/><\/p>\n<p>Finalmente, se fres\u00f3 la estructura primaria en zirconio (AVINENT CAD CAM), y se cementaron interfases met\u00e1licas de titanio (AVINENT Implant System). Los cuatro n\u00facleos de disilicato de litio (e-max, Ivoclar) tambi\u00e9n se fresaron (AVINENT CAD CAM) y las coronas se hicieron de cer\u00e1mica de recubrimiento (e-max base leucita).<\/p>\n<p>Una vez comprobado el ajuste de los n\u00facleos se pulieron las partes de la estructura que iban a contactar con la enc\u00eda y se ceramiz\u00f3 la falsa enc\u00eda.<br \/>\nMediante registros fotogr\u00e1ficos, gu\u00edas personalizadas y pruebas con el paciente, el equipo cl\u00ednico-t\u00e9cnico logr\u00f3 una \u00f3ptima integraci\u00f3n de los tejidos.<\/p>\n<p>Se arenaron las bases met\u00e1licas siguiendo el protocolo de adhesi\u00f3n y se procedi\u00f3 a la cementaci\u00f3n de los pilares.<br \/>\nSe atornill\u00f3 la estructura primaria a los implantes y se sellaron los pilares centrales con un tefl\u00f3n de interposici\u00f3n y composici\u00f3n del mismo color que el zirconio.<\/p>\n<p><img loading=\"lazy\" decoding=\"async\" class=\"responsive\" src=\"https:\/\/blog.avinent.com\/wp-content\/uploads\/sites\/9\/2019\/12\/fets\/foto-post-4_a11.jpg?1489515035281\" alt=\"\" width=\"744\" height=\"259\" \/><\/p>\n<p><img loading=\"lazy\" decoding=\"async\" class=\"responsive\" src=\"https:\/\/blog.avinent.com\/wp-content\/uploads\/sites\/9\/2019\/12\/fets\/foto-post-4_a12.jpg?1489515101302\" alt=\"\" width=\"28\" height=\"30\" \/><\/p>\n<p><img loading=\"lazy\" decoding=\"async\" class=\"responsive\" src=\"https:\/\/blog.avinent.com\/wp-content\/uploads\/sites\/9\/2019\/12\/fets\/foto-post-4_a14.jpg?1489515134336\" alt=\"\" width=\"744\" height=\"232\" \/><\/p>\n<p>Se cementaron los dos centrales con un cemento provisional acr\u00edlico que permitiera remover f\u00e1cilmente las coronas si fuera necesario, y las coronas laterales con cemento definitivo.<\/p>\n<p>Tambi\u00e9n se comprob\u00f3 el ajuste y la oclusi\u00f3n, y se mostr\u00f3 al paciente el protocolo de higiene de la estructura primaria. El paciente qued\u00f3 muy satisfecho y se le cit\u00f3 para valorar de nuevo la rehabilitaci\u00f3n al cabo de 15 d\u00edas. Superados los controles al mes y a los tres meses, se cit\u00f3 al paciente para la visita de mantenimiento anual.<\/p>\n<p><img loading=\"lazy\" decoding=\"async\" class=\"responsive\" src=\"https:\/\/blog.avinent.com\/wp-content\/uploads\/sites\/9\/2019\/12\/fets\/foto-post-4_a15.jpg?1489515167313\" alt=\"\" width=\"744\" height=\"360\" \/><\/p>\n<p><img loading=\"lazy\" decoding=\"async\" class=\"responsive\" src=\"https:\/\/blog.avinent.com\/wp-content\/uploads\/sites\/9\/2019\/12\/fets\/foto-post-4_a16.jpg?1489515186411\" alt=\"\" width=\"744\" height=\"425\" \/><\/p>\n<p><strong>CONCLUSI\u00d3N<\/strong><br \/>\nAlgunos defectos verticales en sectores est\u00e9ticos se pueden solucionar mediante restauraciones prot\u00e9sicas sin cirug\u00edas complejas ni t\u00e9cnicas regenerativas guiadas.<\/p>\n<p>Mediante una buena planificaci\u00f3n, la destreza de un buen laboratorio y la colaboraci\u00f3n del paciente, este tipo de soluciones prostod\u00f3nticas con enc\u00eda ceramizada pueden resolver casos complejos con un alto grado de satisfacci\u00f3n por todas las partes.\t\t<\/p>\n","protected":false},"excerpt":{"rendered":"<p>INTRODUCCI\u00d3N Tal como se describe en la literatura, el tratamiento convencional de casos con grave p\u00e9rdida \u00f3sea vertical en el sector anterior puede llevar frecuentemente a restauraciones definitivas poco est\u00e9ticas. Una planificaci\u00f3n adecuada, mediante diagn\u00f3stico por imagen y encerado de diagn\u00f3stico, es imprescindible para establecer el plan de tratamiento m\u00e1s adecuado a las necesidades del [&hellip;]<\/p>\n","protected":false},"author":2,"featured_media":6079,"comment_status":"closed","ping_status":"closed","sticky":false,"template":"","format":"standard","meta":{"_acf_changed":false,"inline_featured_image":false,"footnotes":""},"categories":[37],"tags":[],"profesional_medics":[125],"segment":[170],"class_list":["post-5841","post","type-post","status-publish","format-standard","has-post-thumbnail","hentry","category-casos-clinicos","profesional_medics-dr-pep-serra-y-dr-albert-castro","segments-implantes"],"acf":[],"yoast_head":"<!-- This site is optimized with the Yoast SEO plugin v26.8 - https:\/\/yoast.com\/product\/yoast-seo-wordpress\/ -->\n<title>\u25b7Odontolog\u00eda digital restauradora y est\u00e9tica rosa - \u3010 Avinent \u3011<\/title>\n<meta name=\"description\" content=\"Tal como se describe en la literatura, el tratamiento convencional de casos con grave p\u00e9rdida \u00f3sea vertical en el sector anterior puede llevar frecuentemente a restauraciones definitivas poco est\u00e9ticas.\" \/>\n<meta name=\"robots\" content=\"index, follow, max-snippet:-1, max-image-preview:large, max-video-preview:-1\" \/>\n<meta property=\"og:locale\" content=\"ca_ES\" \/>\n<meta property=\"og:type\" content=\"article\" \/>\n<meta property=\"og:title\" content=\"\u25b7Odontolog\u00eda digital restauradora y est\u00e9tica rosa - \u3010 Avinent \u3011\" \/>\n<meta property=\"og:description\" content=\"Tal como se describe en la literatura, el tratamiento convencional de casos con grave p\u00e9rdida \u00f3sea vertical en el sector anterior puede llevar frecuentemente a restauraciones definitivas poco est\u00e9ticas.\" \/>\n<meta property=\"og:url\" content=\"https:\/\/avinent.wwwarcelona.net\/blog\/tologia-digital-restauradora-y-estetica-rosa\/\" \/>\n<meta property=\"og:site_name\" content=\"Avinent\" \/>\n<meta property=\"article:published_time\" content=\"2016-06-29T23:00:00+00:00\" \/>\n<meta property=\"article:modified_time\" content=\"2024-11-20T11:51:01+00:00\" \/>\n<meta property=\"og:image\" content=\"https:\/\/avinent.wwwarcelona.net\/wp-content\/uploads\/2019\/12\/foto-post-3.jpg\" \/>\n\t<meta property=\"og:image:width\" content=\"744\" \/>\n\t<meta property=\"og:image:height\" content=\"425\" \/>\n\t<meta property=\"og:image:type\" content=\"image\/jpeg\" \/>\n<meta name=\"author\" content=\"wwwarcelona\" \/>\n<meta name=\"twitter:card\" content=\"summary_large_image\" \/>\n<meta name=\"twitter:label1\" content=\"Escrit per\" \/>\n\t<meta name=\"twitter:data1\" content=\"wwwarcelona\" \/>\n\t<meta name=\"twitter:label2\" content=\"Temps estimat de lectura\" \/>\n\t<meta name=\"twitter:data2\" content=\"6 minuts\" \/>\n<script type=\"application\/ld+json\" class=\"yoast-schema-graph\">{\"@context\":\"https:\/\/schema.org\",\"@graph\":[{\"@type\":\"Article\",\"@id\":\"https:\/\/avinent.wwwarcelona.net\/blog\/tologia-digital-restauradora-y-estetica-rosa\/#article\",\"isPartOf\":{\"@id\":\"https:\/\/avinent.wwwarcelona.net\/blog\/tologia-digital-restauradora-y-estetica-rosa\/\"},\"author\":{\"name\":\"wwwarcelona\",\"@id\":\"https:\/\/avinent.com\/#\/schema\/person\/36b86133d985ef99a16d3a953381b494\"},\"headline\":\"Odontolog\u00eda digital restauradora y est\u00e9tica rosa\",\"datePublished\":\"2016-06-29T23:00:00+00:00\",\"dateModified\":\"2024-11-20T11:51:01+00:00\",\"mainEntityOfPage\":{\"@id\":\"https:\/\/avinent.wwwarcelona.net\/blog\/tologia-digital-restauradora-y-estetica-rosa\/\"},\"wordCount\":1163,\"publisher\":{\"@id\":\"https:\/\/avinent.com\/#organization\"},\"image\":{\"@id\":\"https:\/\/avinent.wwwarcelona.net\/blog\/tologia-digital-restauradora-y-estetica-rosa\/#primaryimage\"},\"thumbnailUrl\":\"https:\/\/avinent.com\/wp-content\/uploads\/2019\/12\/foto-post-3.jpg\",\"articleSection\":[\"Casos Cl\u00ednicos\"],\"inLanguage\":\"ca\"},{\"@type\":\"WebPage\",\"@id\":\"https:\/\/avinent.wwwarcelona.net\/blog\/tologia-digital-restauradora-y-estetica-rosa\/\",\"url\":\"https:\/\/avinent.wwwarcelona.net\/blog\/tologia-digital-restauradora-y-estetica-rosa\/\",\"name\":\"\u25b7Odontolog\u00eda digital restauradora y est\u00e9tica rosa - \u3010 Avinent \u3011\",\"isPartOf\":{\"@id\":\"https:\/\/avinent.com\/#website\"},\"primaryImageOfPage\":{\"@id\":\"https:\/\/avinent.wwwarcelona.net\/blog\/tologia-digital-restauradora-y-estetica-rosa\/#primaryimage\"},\"image\":{\"@id\":\"https:\/\/avinent.wwwarcelona.net\/blog\/tologia-digital-restauradora-y-estetica-rosa\/#primaryimage\"},\"thumbnailUrl\":\"https:\/\/avinent.com\/wp-content\/uploads\/2019\/12\/foto-post-3.jpg\",\"datePublished\":\"2016-06-29T23:00:00+00:00\",\"dateModified\":\"2024-11-20T11:51:01+00:00\",\"description\":\"Tal como se describe en la literatura, el tratamiento convencional de casos con grave p\u00e9rdida \u00f3sea vertical en el sector anterior puede llevar frecuentemente a restauraciones definitivas poco est\u00e9ticas.\",\"breadcrumb\":{\"@id\":\"https:\/\/avinent.wwwarcelona.net\/blog\/tologia-digital-restauradora-y-estetica-rosa\/#breadcrumb\"},\"inLanguage\":\"ca\",\"potentialAction\":[{\"@type\":\"ReadAction\",\"target\":[\"https:\/\/avinent.wwwarcelona.net\/blog\/tologia-digital-restauradora-y-estetica-rosa\/\"]}]},{\"@type\":\"ImageObject\",\"inLanguage\":\"ca\",\"@id\":\"https:\/\/avinent.wwwarcelona.net\/blog\/tologia-digital-restauradora-y-estetica-rosa\/#primaryimage\",\"url\":\"https:\/\/avinent.com\/wp-content\/uploads\/2019\/12\/foto-post-3.jpg\",\"contentUrl\":\"https:\/\/avinent.com\/wp-content\/uploads\/2019\/12\/foto-post-3.jpg\",\"width\":744,\"height\":425,\"caption\":\"\"},{\"@type\":\"BreadcrumbList\",\"@id\":\"https:\/\/avinent.wwwarcelona.net\/blog\/tologia-digital-restauradora-y-estetica-rosa\/#breadcrumb\",\"itemListElement\":[{\"@type\":\"ListItem\",\"position\":1,\"name\":\"Portada\",\"item\":\"https:\/\/avinent.com\/ca\/home\/\"},{\"@type\":\"ListItem\",\"position\":2,\"name\":\"Odontolog\u00eda digital restauradora y est\u00e9tica rosa\"}]},{\"@type\":\"WebSite\",\"@id\":\"https:\/\/avinent.com\/#website\",\"url\":\"https:\/\/avinent.com\/\",\"name\":\"Avinent\",\"description\":\"Todas las soluciones m\u00e9dicas y dentales\",\"publisher\":{\"@id\":\"https:\/\/avinent.com\/#organization\"},\"potentialAction\":[{\"@type\":\"SearchAction\",\"target\":{\"@type\":\"EntryPoint\",\"urlTemplate\":\"https:\/\/avinent.com\/?s={search_term_string}\"},\"query-input\":{\"@type\":\"PropertyValueSpecification\",\"valueRequired\":true,\"valueName\":\"search_term_string\"}}],\"inLanguage\":\"ca\"},{\"@type\":\"Organization\",\"@id\":\"https:\/\/avinent.com\/#organization\",\"name\":\"Avinent\",\"url\":\"https:\/\/avinent.com\/\",\"logo\":{\"@type\":\"ImageObject\",\"inLanguage\":\"ca\",\"@id\":\"https:\/\/avinent.com\/#\/schema\/logo\/image\/\",\"url\":\"https:\/\/avinent.com\/wp-content\/uploads\/2021\/10\/cropped-9216650250dc9798b51ff14a0e1c16c7.png\",\"contentUrl\":\"https:\/\/avinent.com\/wp-content\/uploads\/2021\/10\/cropped-9216650250dc9798b51ff14a0e1c16c7.png\",\"width\":122,\"height\":79,\"caption\":\"Avinent\"},\"image\":{\"@id\":\"https:\/\/avinent.com\/#\/schema\/logo\/image\/\"}},{\"@type\":\"Person\",\"@id\":\"https:\/\/avinent.com\/#\/schema\/person\/36b86133d985ef99a16d3a953381b494\",\"name\":\"wwwarcelona\",\"image\":{\"@type\":\"ImageObject\",\"inLanguage\":\"ca\",\"@id\":\"https:\/\/avinent.com\/#\/schema\/person\/image\/\",\"url\":\"https:\/\/secure.gravatar.com\/avatar\/22c6e61b197bfcfe682559e4aa8d3534?s=96&d=mm&r=g\",\"contentUrl\":\"https:\/\/secure.gravatar.com\/avatar\/22c6e61b197bfcfe682559e4aa8d3534?s=96&d=mm&r=g\",\"caption\":\"wwwarcelona\"}}]}<\/script>\n<!-- \/ Yoast SEO plugin. -->","yoast_head_json":{"title":"\u25b7Odontolog\u00eda digital restauradora y est\u00e9tica rosa - \u3010 Avinent \u3011","description":"Tal como se describe en la literatura, el tratamiento convencional de casos con grave p\u00e9rdida \u00f3sea vertical en el sector anterior puede llevar frecuentemente a restauraciones definitivas poco est\u00e9ticas.","robots":{"index":"index","follow":"follow","max-snippet":"max-snippet:-1","max-image-preview":"max-image-preview:large","max-video-preview":"max-video-preview:-1"},"og_locale":"ca_ES","og_type":"article","og_title":"\u25b7Odontolog\u00eda digital restauradora y est\u00e9tica rosa - \u3010 Avinent \u3011","og_description":"Tal como se describe en la literatura, el tratamiento convencional de casos con grave p\u00e9rdida \u00f3sea vertical en el sector anterior puede llevar frecuentemente a restauraciones definitivas poco est\u00e9ticas.","og_url":"https:\/\/avinent.wwwarcelona.net\/blog\/tologia-digital-restauradora-y-estetica-rosa\/","og_site_name":"Avinent","article_published_time":"2016-06-29T23:00:00+00:00","article_modified_time":"2024-11-20T11:51:01+00:00","og_image":[{"width":744,"height":425,"url":"https:\/\/avinent.wwwarcelona.net\/wp-content\/uploads\/2019\/12\/foto-post-3.jpg","type":"image\/jpeg"}],"author":"wwwarcelona","twitter_card":"summary_large_image","twitter_misc":{"Escrit per":"wwwarcelona","Temps estimat de lectura":"6 minuts"},"schema":{"@context":"https:\/\/schema.org","@graph":[{"@type":"Article","@id":"https:\/\/avinent.wwwarcelona.net\/blog\/tologia-digital-restauradora-y-estetica-rosa\/#article","isPartOf":{"@id":"https:\/\/avinent.wwwarcelona.net\/blog\/tologia-digital-restauradora-y-estetica-rosa\/"},"author":{"name":"wwwarcelona","@id":"https:\/\/avinent.com\/#\/schema\/person\/36b86133d985ef99a16d3a953381b494"},"headline":"Odontolog\u00eda digital restauradora y est\u00e9tica rosa","datePublished":"2016-06-29T23:00:00+00:00","dateModified":"2024-11-20T11:51:01+00:00","mainEntityOfPage":{"@id":"https:\/\/avinent.wwwarcelona.net\/blog\/tologia-digital-restauradora-y-estetica-rosa\/"},"wordCount":1163,"publisher":{"@id":"https:\/\/avinent.com\/#organization"},"image":{"@id":"https:\/\/avinent.wwwarcelona.net\/blog\/tologia-digital-restauradora-y-estetica-rosa\/#primaryimage"},"thumbnailUrl":"https:\/\/avinent.com\/wp-content\/uploads\/2019\/12\/foto-post-3.jpg","articleSection":["Casos Cl\u00ednicos"],"inLanguage":"ca"},{"@type":"WebPage","@id":"https:\/\/avinent.wwwarcelona.net\/blog\/tologia-digital-restauradora-y-estetica-rosa\/","url":"https:\/\/avinent.wwwarcelona.net\/blog\/tologia-digital-restauradora-y-estetica-rosa\/","name":"\u25b7Odontolog\u00eda digital restauradora y est\u00e9tica rosa - \u3010 Avinent \u3011","isPartOf":{"@id":"https:\/\/avinent.com\/#website"},"primaryImageOfPage":{"@id":"https:\/\/avinent.wwwarcelona.net\/blog\/tologia-digital-restauradora-y-estetica-rosa\/#primaryimage"},"image":{"@id":"https:\/\/avinent.wwwarcelona.net\/blog\/tologia-digital-restauradora-y-estetica-rosa\/#primaryimage"},"thumbnailUrl":"https:\/\/avinent.com\/wp-content\/uploads\/2019\/12\/foto-post-3.jpg","datePublished":"2016-06-29T23:00:00+00:00","dateModified":"2024-11-20T11:51:01+00:00","description":"Tal como se describe en la literatura, el tratamiento convencional de casos con grave p\u00e9rdida \u00f3sea vertical en el sector anterior puede llevar frecuentemente a restauraciones definitivas poco est\u00e9ticas.","breadcrumb":{"@id":"https:\/\/avinent.wwwarcelona.net\/blog\/tologia-digital-restauradora-y-estetica-rosa\/#breadcrumb"},"inLanguage":"ca","potentialAction":[{"@type":"ReadAction","target":["https:\/\/avinent.wwwarcelona.net\/blog\/tologia-digital-restauradora-y-estetica-rosa\/"]}]},{"@type":"ImageObject","inLanguage":"ca","@id":"https:\/\/avinent.wwwarcelona.net\/blog\/tologia-digital-restauradora-y-estetica-rosa\/#primaryimage","url":"https:\/\/avinent.com\/wp-content\/uploads\/2019\/12\/foto-post-3.jpg","contentUrl":"https:\/\/avinent.com\/wp-content\/uploads\/2019\/12\/foto-post-3.jpg","width":744,"height":425,"caption":""},{"@type":"BreadcrumbList","@id":"https:\/\/avinent.wwwarcelona.net\/blog\/tologia-digital-restauradora-y-estetica-rosa\/#breadcrumb","itemListElement":[{"@type":"ListItem","position":1,"name":"Portada","item":"https:\/\/avinent.com\/ca\/home\/"},{"@type":"ListItem","position":2,"name":"Odontolog\u00eda digital restauradora y est\u00e9tica rosa"}]},{"@type":"WebSite","@id":"https:\/\/avinent.com\/#website","url":"https:\/\/avinent.com\/","name":"Avinent","description":"Todas las soluciones m\u00e9dicas y dentales","publisher":{"@id":"https:\/\/avinent.com\/#organization"},"potentialAction":[{"@type":"SearchAction","target":{"@type":"EntryPoint","urlTemplate":"https:\/\/avinent.com\/?s={search_term_string}"},"query-input":{"@type":"PropertyValueSpecification","valueRequired":true,"valueName":"search_term_string"}}],"inLanguage":"ca"},{"@type":"Organization","@id":"https:\/\/avinent.com\/#organization","name":"Avinent","url":"https:\/\/avinent.com\/","logo":{"@type":"ImageObject","inLanguage":"ca","@id":"https:\/\/avinent.com\/#\/schema\/logo\/image\/","url":"https:\/\/avinent.com\/wp-content\/uploads\/2021\/10\/cropped-9216650250dc9798b51ff14a0e1c16c7.png","contentUrl":"https:\/\/avinent.com\/wp-content\/uploads\/2021\/10\/cropped-9216650250dc9798b51ff14a0e1c16c7.png","width":122,"height":79,"caption":"Avinent"},"image":{"@id":"https:\/\/avinent.com\/#\/schema\/logo\/image\/"}},{"@type":"Person","@id":"https:\/\/avinent.com\/#\/schema\/person\/36b86133d985ef99a16d3a953381b494","name":"wwwarcelona","image":{"@type":"ImageObject","inLanguage":"ca","@id":"https:\/\/avinent.com\/#\/schema\/person\/image\/","url":"https:\/\/secure.gravatar.com\/avatar\/22c6e61b197bfcfe682559e4aa8d3534?s=96&d=mm&r=g","contentUrl":"https:\/\/secure.gravatar.com\/avatar\/22c6e61b197bfcfe682559e4aa8d3534?s=96&d=mm&r=g","caption":"wwwarcelona"}}]}},"_links":{"self":[{"href":"https:\/\/avinent.com\/ca\/wp-json\/wp\/v2\/posts\/5841","targetHints":{"allow":["GET"]}}],"collection":[{"href":"https:\/\/avinent.com\/ca\/wp-json\/wp\/v2\/posts"}],"about":[{"href":"https:\/\/avinent.com\/ca\/wp-json\/wp\/v2\/types\/post"}],"author":[{"embeddable":true,"href":"https:\/\/avinent.com\/ca\/wp-json\/wp\/v2\/users\/2"}],"replies":[{"embeddable":true,"href":"https:\/\/avinent.com\/ca\/wp-json\/wp\/v2\/comments?post=5841"}],"version-history":[{"count":1,"href":"https:\/\/avinent.com\/ca\/wp-json\/wp\/v2\/posts\/5841\/revisions"}],"predecessor-version":[{"id":14550,"href":"https:\/\/avinent.com\/ca\/wp-json\/wp\/v2\/posts\/5841\/revisions\/14550"}],"wp:featuredmedia":[{"embeddable":true,"href":"https:\/\/avinent.com\/ca\/wp-json\/wp\/v2\/media\/6079"}],"wp:attachment":[{"href":"https:\/\/avinent.com\/ca\/wp-json\/wp\/v2\/media?parent=5841"}],"wp:term":[{"taxonomy":"category","embeddable":true,"href":"https:\/\/avinent.com\/ca\/wp-json\/wp\/v2\/categories?post=5841"},{"taxonomy":"post_tag","embeddable":true,"href":"https:\/\/avinent.com\/ca\/wp-json\/wp\/v2\/tags?post=5841"},{"taxonomy":"profesional_medics","embeddable":true,"href":"https:\/\/avinent.com\/ca\/wp-json\/wp\/v2\/profesional_medics?post=5841"},{"taxonomy":"segments","embeddable":true,"href":"https:\/\/avinent.com\/ca\/wp-json\/wp\/v2\/segment?post=5841"}],"curies":[{"name":"wp","href":"https:\/\/api.w.org\/{rel}","templated":true}]}}