{"id":5843,"date":"2016-06-16T00:00:00","date_gmt":"2016-06-15T23:00:00","guid":{"rendered":"https:\/\/blog.avinent.com\/2016\/06\/16\/la-formacion-un-pilar-basico-para-avanzar-en-la-nueva-era-digital\/"},"modified":"2024-11-20T12:51:29","modified_gmt":"2024-11-20T11:51:29","slug":"la-formacion-un-pilar-basico-para-avanzar-en-la-nueva-era-digital","status":"publish","type":"post","link":"https:\/\/avinent.com\/ca\/blog\/la-formacion-un-pilar-basico-para-avanzar-en-la-nueva-era-digital\/","title":{"rendered":"La formaci\u00f3n, un pilar b\u00e1sico para avanzar en la nueva era digital"},"content":{"rendered":"<p>\t\t\t\tEl campo de la odontolog\u00eda sigue viviendo una continua transformaci\u00f3n digital, fruto de la constante investigaci\u00f3n cient\u00edfica y de la innovaci\u00f3n tecnol\u00f3gica. Dentro de esta incesante evoluci\u00f3n sobresale la implantolog\u00eda dental, sin duda la especialidad odontol\u00f3gica que m\u00e1s cambios ha vivido en los \u00faltimos veinte a\u00f1os. Este fascinante panorama es el que llev\u00f3 a <strong>AVINENT Implant System<\/strong> a apostar firmemente por una formaci\u00f3n innovadora y de primer nivel, para dar respuesta a las demandas actuales del sector odontol\u00f3gico.<\/p>\n<p>Recientemente se ha celebrado con \u00e9xito la segunda edici\u00f3n del <strong>Curso de Cirug\u00eda Implantol\u00f3gica Dental Avanzada<\/strong>, organizado entre la <strong>Fundaci\u00f3 Universit\u00e0ria del Bages (FUB)<\/strong> y <strong>AVINENT<\/strong>. El curso, dirigido a odont\u00f3logos, estomat\u00f3logos y cirujanos maxilofaciales, volvi\u00f3 a estar dirigido por el <strong>Dr. Daniel Capit\u00e1n Maraver,<\/strong> que estuvo acompa\u00f1ado de un equipo docente de primer nivel formado por los doctores <strong>Abelardo Alegr\u00eda<\/strong>, <strong>Ramon G\u00f3mez Meda<\/strong>, <strong>Norberto Manzanares<\/strong> y <strong>Juan Zufia<\/strong>.<\/p>\n<p><img fetchpriority=\"high\" decoding=\"async\" class=\"responsive\" src=\"https:\/\/blog.avinent.com\/wp-content\/uploads\/sites\/9\/2019\/12\/fets\/foto-post-2_d.jpg?1489511717548\" width=\"744\" height=\"260\"><\/p>\n<p>Un claro ejemplo de la apuesta por la formaci\u00f3n. \u00ab<strong>Buscaba un curso que me permitiera aprender t\u00e9cnicas m\u00e1s avanzadas y aqu\u00ed lo he encontrado<\/strong>\u00bb, explica la <strong>Dra. Griselda Vives<\/strong>, doctora y alumna del curso. Otro de los alumnos, el <strong>Dr. Josep Maria Araujo<\/strong>, destaca que \u00ab<strong>hay firmas que simplemente se dedican a vender, y aqu\u00ed apuestan por la formaci\u00f3n<\/strong>\u00bb.<\/p>\n<p><img decoding=\"async\" class=\"responsive\" src=\"https:\/\/blog.avinent.com\/wp-content\/uploads\/sites\/9\/2019\/12\/fets\/foto-post-2_b.jpg?1489511745277\" width=\"744\" height=\"370\"><\/p>\n<p>\u00ab<strong>No es un curso b\u00e1sico, aprendes t\u00e9cnicas complejas<\/strong>\u00bb, explica la Dra. Vives, que expone a continuaci\u00f3n que \u00ab<strong>primero haces la parte te\u00f3rica y despu\u00e9s la pr\u00e1ctica, y la gracia es que a la semana siguiente ya lo puedes poner en pr\u00e1ctica en la cl\u00ednica<\/strong>\u00bb. Tambi\u00e9n destaca este punto el Dr. Araujo, qui\u00e9n considera que \u00ab<strong>este formato es muy bueno y te permite alcanzar un nivel alto de conocimiento<\/strong>\u00bb.<\/p>\n<p>El <strong>Dr. Alejo Hern\u00e1ndez<\/strong>, tambi\u00e9n alumno del curso, asegura que \u00ab<strong>en 30 a\u00f1os de carrera profesional he tenido tiempo de asistir a muchos cursos, pero la puesta en marcha de este me parece brillante, como no hab\u00eda visto ninguna<\/strong>\u00bb. Y a\u00f1ade que \u00ab<strong>en algunos cursos se influye mucho en la venta de un producto e incluso ves influenciados los conferenciantes, y esto produce un sesgo en el proceso de aprendizaje<\/strong>\u00bb. Por el contrario, considera que el caso de AVINENT es distinto porque \u00ab<strong>deja muy libres a los conferenciantes, aporta el conocimiento pero es transparente en este aspecto, no contamina<\/strong>\u00bb.<\/p>\n<p><img decoding=\"async\" class=\"responsive\" src=\"https:\/\/blog.avinent.com\/wp-content\/uploads\/sites\/9\/2019\/12\/fets\/foto-post-2_a.jpg?1489511769157\" width=\"744\" height=\"194\"><\/p>\n<p><strong>\u00bfC\u00f3mo valora esta segunda edici\u00f3n del curso?<\/strong><br \/>\nDe forma muy positiva. Ten\u00edamos la experiencia de la primera edici\u00f3n, y esto nos ha permitido funcionar de una forma m\u00e1s efectiva.<\/p>\n<p><strong>\u00bfCu\u00e1l era el objetivo general?<\/strong><br \/>\nOfrecer un programa en que se hablara de cirug\u00eda avanzada sobre implantes, a un precio asequible para los alumnos, e intentando darles el paso a paso de cada una de las t\u00e9cnicas necesarias. La idea principal es que el alumno, al d\u00eda siguiente de terminar el m\u00f3dulo, pueda empezar a aplicar estas t\u00e9cnicas en el d\u00eda a d\u00eda de su consulta.<\/p>\n<p><strong>\u00bfC\u00f3mo ha sido el feedback con los alumnos?<\/strong><br \/>\nHa sido muy bueno. La gente esta muy contenta. Siempre nos gusta, despu\u00e9s de cada m\u00f3dulo, hablar con ellos directamente para ver si est\u00e1n contentos y qu\u00e9 creen que se puede mejorar. Es importante ir mejorando siempre.<\/p>\n<p><strong>Usted ha trabajado en varios cursos formativos del sector, \u00bfqu\u00e9 hace que este curso sea diferencial?<\/strong><br \/>\nUna de los puntos m\u00e1s interesante es que est\u00e1 pensado para un n\u00famero reducido de personas \u00ad\u00ad\u2013este a\u00f1o son diez alumnos\u2013 y esto hace que la relaci\u00f3n docente-alumno sea mucho m\u00e1s pr\u00f3xima y directa. Otra ventaja es la de dar la teor\u00eda e ir haciendo el paso a paso con el diagn\u00f3stico, la ejecuci\u00f3n de la t\u00e9cnica y el mantenimiento \u00f3seo. A menudo estamos acostumbrados a ver s\u00f3lo el resultado, o como queda una t\u00e9cnica u otra, todo explicado de forma m\u00e1s r\u00e1pida y gen\u00e9rica. En cambio aqu\u00ed intentamos ir a buscar el detalle.<\/p>\n<p><strong>\u00bfQu\u00e9 papel desempe\u00f1a AVINENT en este curso?<\/strong><br \/>\nSin el apoyo de AVINENT este curso no ser\u00eda posible. No s\u00f3lo a nivel de material, un aspecto en el que AVINENT se implica al 100%, si no tambi\u00e9n a nivel organizativo. Estoy muy agradecido. Es un programa que se present\u00f3 aqu\u00ed en la universidad hace a\u00f1os y, hasta que AVINENT no se implic\u00f3 en el proyecto, no se pudo empezar a realizar.<\/p>\n<p><strong>\u00bfC\u00f3mo valora su apuesta por la formaci\u00f3n?<\/strong><br \/>\nLa apuesta que hace AVINENT es excelente, porqu\u00e9 sin formaci\u00f3n no hay nada.\t\t<\/p>\n","protected":false},"excerpt":{"rendered":"<p>El campo de la odontolog\u00eda sigue viviendo una continua transformaci\u00f3n digital, fruto de la constante investigaci\u00f3n cient\u00edfica y de la innovaci\u00f3n tecnol\u00f3gica. Dentro de esta incesante evoluci\u00f3n sobresale la implantolog\u00eda dental, sin duda la especialidad odontol\u00f3gica que m\u00e1s cambios ha vivido en los \u00faltimos veinte a\u00f1os. Este fascinante panorama es el que llev\u00f3 a AVINENT [&hellip;]<\/p>\n","protected":false},"author":2,"featured_media":6081,"comment_status":"closed","ping_status":"closed","sticky":false,"template":"","format":"standard","meta":{"_acf_changed":false,"inline_featured_image":false,"footnotes":""},"categories":[38],"tags":[],"profesional_medics":[],"segment":[170],"class_list":["post-5843","post","type-post","status-publish","format-standard","has-post-thumbnail","hentry","category-actualidad","segments-implantes"],"acf":[],"yoast_head":"<!-- This site is optimized with the Yoast SEO plugin v26.8 - https:\/\/yoast.com\/product\/yoast-seo-wordpress\/ -->\n<title>\u25b7La formaci\u00f3n, un pilar b\u00e1sico para avanzar en la nueva era digital - \u3010 Avinent \u3011<\/title>\n<meta name=\"description\" content=\"La formaci\u00f3n, un pilar b\u00e1sico para avanzar en la nueva era digital\" \/>\n<meta name=\"robots\" content=\"index, follow, max-snippet:-1, max-image-preview:large, max-video-preview:-1\" \/>\n<meta property=\"og:locale\" content=\"ca_ES\" \/>\n<meta property=\"og:type\" content=\"article\" \/>\n<meta property=\"og:title\" content=\"\u25b7La formaci\u00f3n, un pilar b\u00e1sico para avanzar en la nueva era digital - \u3010 Avinent \u3011\" \/>\n<meta property=\"og:description\" content=\"La formaci\u00f3n, un pilar b\u00e1sico para avanzar en la nueva era digital\" \/>\n<meta property=\"og:url\" content=\"https:\/\/avinent.wwwarcelona.net\/blog\/la-formacion-un-pilar-basico-para-avanzar-en-la-nueva-era-digital\/\" \/>\n<meta property=\"og:site_name\" content=\"Avinent\" \/>\n<meta property=\"article:published_time\" content=\"2016-06-15T23:00:00+00:00\" \/>\n<meta property=\"article:modified_time\" content=\"2024-11-20T11:51:29+00:00\" \/>\n<meta property=\"og:image\" content=\"https:\/\/avinent.wwwarcelona.net\/wp-content\/uploads\/2019\/12\/a451-1024x681_1.jpg\" \/>\n\t<meta property=\"og:image:width\" content=\"744\" \/>\n\t<meta property=\"og:image:height\" content=\"451\" \/>\n\t<meta property=\"og:image:type\" content=\"image\/jpeg\" \/>\n<meta name=\"author\" content=\"wwwarcelona\" \/>\n<meta name=\"twitter:card\" content=\"summary_large_image\" \/>\n<meta name=\"twitter:label1\" content=\"Escrit per\" \/>\n\t<meta name=\"twitter:data1\" content=\"wwwarcelona\" \/>\n\t<meta name=\"twitter:label2\" content=\"Temps estimat de lectura\" \/>\n\t<meta name=\"twitter:data2\" content=\"4 minuts\" \/>\n<script type=\"application\/ld+json\" class=\"yoast-schema-graph\">{\"@context\":\"https:\/\/schema.org\",\"@graph\":[{\"@type\":\"Article\",\"@id\":\"https:\/\/avinent.wwwarcelona.net\/blog\/la-formacion-un-pilar-basico-para-avanzar-en-la-nueva-era-digital\/#article\",\"isPartOf\":{\"@id\":\"https:\/\/avinent.wwwarcelona.net\/blog\/la-formacion-un-pilar-basico-para-avanzar-en-la-nueva-era-digital\/\"},\"author\":{\"name\":\"wwwarcelona\",\"@id\":\"https:\/\/avinent.com\/#\/schema\/person\/36b86133d985ef99a16d3a953381b494\"},\"headline\":\"La formaci\u00f3n, un pilar b\u00e1sico para avanzar en la nueva era digital\",\"datePublished\":\"2016-06-15T23:00:00+00:00\",\"dateModified\":\"2024-11-20T11:51:29+00:00\",\"mainEntityOfPage\":{\"@id\":\"https:\/\/avinent.wwwarcelona.net\/blog\/la-formacion-un-pilar-basico-para-avanzar-en-la-nueva-era-digital\/\"},\"wordCount\":807,\"publisher\":{\"@id\":\"https:\/\/avinent.com\/#organization\"},\"image\":{\"@id\":\"https:\/\/avinent.wwwarcelona.net\/blog\/la-formacion-un-pilar-basico-para-avanzar-en-la-nueva-era-digital\/#primaryimage\"},\"thumbnailUrl\":\"https:\/\/avinent.com\/wp-content\/uploads\/2019\/12\/a451-1024x681_1.jpg\",\"articleSection\":[\"Actualidad\"],\"inLanguage\":\"ca\"},{\"@type\":\"WebPage\",\"@id\":\"https:\/\/avinent.wwwarcelona.net\/blog\/la-formacion-un-pilar-basico-para-avanzar-en-la-nueva-era-digital\/\",\"url\":\"https:\/\/avinent.wwwarcelona.net\/blog\/la-formacion-un-pilar-basico-para-avanzar-en-la-nueva-era-digital\/\",\"name\":\"\u25b7La formaci\u00f3n, un pilar b\u00e1sico para avanzar en la nueva era digital - \u3010 Avinent \u3011\",\"isPartOf\":{\"@id\":\"https:\/\/avinent.com\/#website\"},\"primaryImageOfPage\":{\"@id\":\"https:\/\/avinent.wwwarcelona.net\/blog\/la-formacion-un-pilar-basico-para-avanzar-en-la-nueva-era-digital\/#primaryimage\"},\"image\":{\"@id\":\"https:\/\/avinent.wwwarcelona.net\/blog\/la-formacion-un-pilar-basico-para-avanzar-en-la-nueva-era-digital\/#primaryimage\"},\"thumbnailUrl\":\"https:\/\/avinent.com\/wp-content\/uploads\/2019\/12\/a451-1024x681_1.jpg\",\"datePublished\":\"2016-06-15T23:00:00+00:00\",\"dateModified\":\"2024-11-20T11:51:29+00:00\",\"description\":\"La formaci\u00f3n, un pilar b\u00e1sico para avanzar en la nueva era digital\",\"breadcrumb\":{\"@id\":\"https:\/\/avinent.wwwarcelona.net\/blog\/la-formacion-un-pilar-basico-para-avanzar-en-la-nueva-era-digital\/#breadcrumb\"},\"inLanguage\":\"ca\",\"potentialAction\":[{\"@type\":\"ReadAction\",\"target\":[\"https:\/\/avinent.wwwarcelona.net\/blog\/la-formacion-un-pilar-basico-para-avanzar-en-la-nueva-era-digital\/\"]}]},{\"@type\":\"ImageObject\",\"inLanguage\":\"ca\",\"@id\":\"https:\/\/avinent.wwwarcelona.net\/blog\/la-formacion-un-pilar-basico-para-avanzar-en-la-nueva-era-digital\/#primaryimage\",\"url\":\"https:\/\/avinent.com\/wp-content\/uploads\/2019\/12\/a451-1024x681_1.jpg\",\"contentUrl\":\"https:\/\/avinent.com\/wp-content\/uploads\/2019\/12\/a451-1024x681_1.jpg\",\"width\":744,\"height\":451,\"caption\":\"\"},{\"@type\":\"BreadcrumbList\",\"@id\":\"https:\/\/avinent.wwwarcelona.net\/blog\/la-formacion-un-pilar-basico-para-avanzar-en-la-nueva-era-digital\/#breadcrumb\",\"itemListElement\":[{\"@type\":\"ListItem\",\"position\":1,\"name\":\"Portada\",\"item\":\"https:\/\/avinent.com\/ca\/home\/\"},{\"@type\":\"ListItem\",\"position\":2,\"name\":\"La formaci\u00f3n, un pilar b\u00e1sico para avanzar en la nueva era digital\"}]},{\"@type\":\"WebSite\",\"@id\":\"https:\/\/avinent.com\/#website\",\"url\":\"https:\/\/avinent.com\/\",\"name\":\"Avinent\",\"description\":\"Todas las soluciones m\u00e9dicas y dentales\",\"publisher\":{\"@id\":\"https:\/\/avinent.com\/#organization\"},\"potentialAction\":[{\"@type\":\"SearchAction\",\"target\":{\"@type\":\"EntryPoint\",\"urlTemplate\":\"https:\/\/avinent.com\/?s={search_term_string}\"},\"query-input\":{\"@type\":\"PropertyValueSpecification\",\"valueRequired\":true,\"valueName\":\"search_term_string\"}}],\"inLanguage\":\"ca\"},{\"@type\":\"Organization\",\"@id\":\"https:\/\/avinent.com\/#organization\",\"name\":\"Avinent\",\"url\":\"https:\/\/avinent.com\/\",\"logo\":{\"@type\":\"ImageObject\",\"inLanguage\":\"ca\",\"@id\":\"https:\/\/avinent.com\/#\/schema\/logo\/image\/\",\"url\":\"https:\/\/avinent.com\/wp-content\/uploads\/2021\/10\/cropped-9216650250dc9798b51ff14a0e1c16c7.png\",\"contentUrl\":\"https:\/\/avinent.com\/wp-content\/uploads\/2021\/10\/cropped-9216650250dc9798b51ff14a0e1c16c7.png\",\"width\":122,\"height\":79,\"caption\":\"Avinent\"},\"image\":{\"@id\":\"https:\/\/avinent.com\/#\/schema\/logo\/image\/\"}},{\"@type\":\"Person\",\"@id\":\"https:\/\/avinent.com\/#\/schema\/person\/36b86133d985ef99a16d3a953381b494\",\"name\":\"wwwarcelona\",\"image\":{\"@type\":\"ImageObject\",\"inLanguage\":\"ca\",\"@id\":\"https:\/\/avinent.com\/#\/schema\/person\/image\/\",\"url\":\"https:\/\/secure.gravatar.com\/avatar\/22c6e61b197bfcfe682559e4aa8d3534?s=96&d=mm&r=g\",\"contentUrl\":\"https:\/\/secure.gravatar.com\/avatar\/22c6e61b197bfcfe682559e4aa8d3534?s=96&d=mm&r=g\",\"caption\":\"wwwarcelona\"}}]}<\/script>\n<!-- \/ Yoast SEO plugin. -->","yoast_head_json":{"title":"\u25b7La formaci\u00f3n, un pilar b\u00e1sico para avanzar en la nueva era digital - \u3010 Avinent \u3011","description":"La formaci\u00f3n, un pilar b\u00e1sico para avanzar en la nueva era digital","robots":{"index":"index","follow":"follow","max-snippet":"max-snippet:-1","max-image-preview":"max-image-preview:large","max-video-preview":"max-video-preview:-1"},"og_locale":"ca_ES","og_type":"article","og_title":"\u25b7La formaci\u00f3n, un pilar b\u00e1sico para avanzar en la nueva era digital - \u3010 Avinent \u3011","og_description":"La formaci\u00f3n, un pilar b\u00e1sico para avanzar en la nueva era digital","og_url":"https:\/\/avinent.wwwarcelona.net\/blog\/la-formacion-un-pilar-basico-para-avanzar-en-la-nueva-era-digital\/","og_site_name":"Avinent","article_published_time":"2016-06-15T23:00:00+00:00","article_modified_time":"2024-11-20T11:51:29+00:00","og_image":[{"width":744,"height":451,"url":"https:\/\/avinent.wwwarcelona.net\/wp-content\/uploads\/2019\/12\/a451-1024x681_1.jpg","type":"image\/jpeg"}],"author":"wwwarcelona","twitter_card":"summary_large_image","twitter_misc":{"Escrit per":"wwwarcelona","Temps estimat de lectura":"4 minuts"},"schema":{"@context":"https:\/\/schema.org","@graph":[{"@type":"Article","@id":"https:\/\/avinent.wwwarcelona.net\/blog\/la-formacion-un-pilar-basico-para-avanzar-en-la-nueva-era-digital\/#article","isPartOf":{"@id":"https:\/\/avinent.wwwarcelona.net\/blog\/la-formacion-un-pilar-basico-para-avanzar-en-la-nueva-era-digital\/"},"author":{"name":"wwwarcelona","@id":"https:\/\/avinent.com\/#\/schema\/person\/36b86133d985ef99a16d3a953381b494"},"headline":"La formaci\u00f3n, un pilar b\u00e1sico para avanzar en la nueva era digital","datePublished":"2016-06-15T23:00:00+00:00","dateModified":"2024-11-20T11:51:29+00:00","mainEntityOfPage":{"@id":"https:\/\/avinent.wwwarcelona.net\/blog\/la-formacion-un-pilar-basico-para-avanzar-en-la-nueva-era-digital\/"},"wordCount":807,"publisher":{"@id":"https:\/\/avinent.com\/#organization"},"image":{"@id":"https:\/\/avinent.wwwarcelona.net\/blog\/la-formacion-un-pilar-basico-para-avanzar-en-la-nueva-era-digital\/#primaryimage"},"thumbnailUrl":"https:\/\/avinent.com\/wp-content\/uploads\/2019\/12\/a451-1024x681_1.jpg","articleSection":["Actualidad"],"inLanguage":"ca"},{"@type":"WebPage","@id":"https:\/\/avinent.wwwarcelona.net\/blog\/la-formacion-un-pilar-basico-para-avanzar-en-la-nueva-era-digital\/","url":"https:\/\/avinent.wwwarcelona.net\/blog\/la-formacion-un-pilar-basico-para-avanzar-en-la-nueva-era-digital\/","name":"\u25b7La formaci\u00f3n, un pilar b\u00e1sico para avanzar en la nueva era digital - \u3010 Avinent \u3011","isPartOf":{"@id":"https:\/\/avinent.com\/#website"},"primaryImageOfPage":{"@id":"https:\/\/avinent.wwwarcelona.net\/blog\/la-formacion-un-pilar-basico-para-avanzar-en-la-nueva-era-digital\/#primaryimage"},"image":{"@id":"https:\/\/avinent.wwwarcelona.net\/blog\/la-formacion-un-pilar-basico-para-avanzar-en-la-nueva-era-digital\/#primaryimage"},"thumbnailUrl":"https:\/\/avinent.com\/wp-content\/uploads\/2019\/12\/a451-1024x681_1.jpg","datePublished":"2016-06-15T23:00:00+00:00","dateModified":"2024-11-20T11:51:29+00:00","description":"La formaci\u00f3n, un pilar b\u00e1sico para avanzar en la nueva era digital","breadcrumb":{"@id":"https:\/\/avinent.wwwarcelona.net\/blog\/la-formacion-un-pilar-basico-para-avanzar-en-la-nueva-era-digital\/#breadcrumb"},"inLanguage":"ca","potentialAction":[{"@type":"ReadAction","target":["https:\/\/avinent.wwwarcelona.net\/blog\/la-formacion-un-pilar-basico-para-avanzar-en-la-nueva-era-digital\/"]}]},{"@type":"ImageObject","inLanguage":"ca","@id":"https:\/\/avinent.wwwarcelona.net\/blog\/la-formacion-un-pilar-basico-para-avanzar-en-la-nueva-era-digital\/#primaryimage","url":"https:\/\/avinent.com\/wp-content\/uploads\/2019\/12\/a451-1024x681_1.jpg","contentUrl":"https:\/\/avinent.com\/wp-content\/uploads\/2019\/12\/a451-1024x681_1.jpg","width":744,"height":451,"caption":""},{"@type":"BreadcrumbList","@id":"https:\/\/avinent.wwwarcelona.net\/blog\/la-formacion-un-pilar-basico-para-avanzar-en-la-nueva-era-digital\/#breadcrumb","itemListElement":[{"@type":"ListItem","position":1,"name":"Portada","item":"https:\/\/avinent.com\/ca\/home\/"},{"@type":"ListItem","position":2,"name":"La formaci\u00f3n, un pilar b\u00e1sico para avanzar en la nueva era digital"}]},{"@type":"WebSite","@id":"https:\/\/avinent.com\/#website","url":"https:\/\/avinent.com\/","name":"Avinent","description":"Todas las soluciones m\u00e9dicas y dentales","publisher":{"@id":"https:\/\/avinent.com\/#organization"},"potentialAction":[{"@type":"SearchAction","target":{"@type":"EntryPoint","urlTemplate":"https:\/\/avinent.com\/?s={search_term_string}"},"query-input":{"@type":"PropertyValueSpecification","valueRequired":true,"valueName":"search_term_string"}}],"inLanguage":"ca"},{"@type":"Organization","@id":"https:\/\/avinent.com\/#organization","name":"Avinent","url":"https:\/\/avinent.com\/","logo":{"@type":"ImageObject","inLanguage":"ca","@id":"https:\/\/avinent.com\/#\/schema\/logo\/image\/","url":"https:\/\/avinent.com\/wp-content\/uploads\/2021\/10\/cropped-9216650250dc9798b51ff14a0e1c16c7.png","contentUrl":"https:\/\/avinent.com\/wp-content\/uploads\/2021\/10\/cropped-9216650250dc9798b51ff14a0e1c16c7.png","width":122,"height":79,"caption":"Avinent"},"image":{"@id":"https:\/\/avinent.com\/#\/schema\/logo\/image\/"}},{"@type":"Person","@id":"https:\/\/avinent.com\/#\/schema\/person\/36b86133d985ef99a16d3a953381b494","name":"wwwarcelona","image":{"@type":"ImageObject","inLanguage":"ca","@id":"https:\/\/avinent.com\/#\/schema\/person\/image\/","url":"https:\/\/secure.gravatar.com\/avatar\/22c6e61b197bfcfe682559e4aa8d3534?s=96&d=mm&r=g","contentUrl":"https:\/\/secure.gravatar.com\/avatar\/22c6e61b197bfcfe682559e4aa8d3534?s=96&d=mm&r=g","caption":"wwwarcelona"}}]}},"_links":{"self":[{"href":"https:\/\/avinent.com\/ca\/wp-json\/wp\/v2\/posts\/5843","targetHints":{"allow":["GET"]}}],"collection":[{"href":"https:\/\/avinent.com\/ca\/wp-json\/wp\/v2\/posts"}],"about":[{"href":"https:\/\/avinent.com\/ca\/wp-json\/wp\/v2\/types\/post"}],"author":[{"embeddable":true,"href":"https:\/\/avinent.com\/ca\/wp-json\/wp\/v2\/users\/2"}],"replies":[{"embeddable":true,"href":"https:\/\/avinent.com\/ca\/wp-json\/wp\/v2\/comments?post=5843"}],"version-history":[{"count":1,"href":"https:\/\/avinent.com\/ca\/wp-json\/wp\/v2\/posts\/5843\/revisions"}],"predecessor-version":[{"id":14809,"href":"https:\/\/avinent.com\/ca\/wp-json\/wp\/v2\/posts\/5843\/revisions\/14809"}],"wp:featuredmedia":[{"embeddable":true,"href":"https:\/\/avinent.com\/ca\/wp-json\/wp\/v2\/media\/6081"}],"wp:attachment":[{"href":"https:\/\/avinent.com\/ca\/wp-json\/wp\/v2\/media?parent=5843"}],"wp:term":[{"taxonomy":"category","embeddable":true,"href":"https:\/\/avinent.com\/ca\/wp-json\/wp\/v2\/categories?post=5843"},{"taxonomy":"post_tag","embeddable":true,"href":"https:\/\/avinent.com\/ca\/wp-json\/wp\/v2\/tags?post=5843"},{"taxonomy":"profesional_medics","embeddable":true,"href":"https:\/\/avinent.com\/ca\/wp-json\/wp\/v2\/profesional_medics?post=5843"},{"taxonomy":"segments","embeddable":true,"href":"https:\/\/avinent.com\/ca\/wp-json\/wp\/v2\/segment?post=5843"}],"curies":[{"name":"wp","href":"https:\/\/api.w.org\/{rel}","templated":true}]}}