{"id":5859,"date":"2016-10-14T00:00:00","date_gmt":"2016-10-13T23:00:00","guid":{"rendered":"https:\/\/blog.avinent.com\/2016\/10\/14\/ub-y-avinent-7-anos-colaborando-por-la-formacion-en-implantologia\/"},"modified":"2024-11-20T11:55:19","modified_gmt":"2024-11-20T10:55:19","slug":"ub-y-avinent-7-anos-colaborando-por-la-formacion-en-implantologia","status":"publish","type":"post","link":"https:\/\/avinent.com\/ca\/blog\/ub-y-avinent-7-anos-colaborando-por-la-formacion-en-implantologia\/","title":{"rendered":"UB y AVINENT, 7 a\u00f1os colaborando por la formaci\u00f3n en implantolog\u00eda"},"content":{"rendered":"<p>\t\t\t\tLa <strong>formaci\u00f3n<\/strong> es uno de los pilares en el proceso de crecimiento y transformaci\u00f3n de <strong>AVINENT Implant System<\/strong>. Los congresos celebrados y las <strong>alianzas cient\u00edficas y acad\u00e9micas desarrolladas con centros puntales en investigaci\u00f3n<\/strong>, sit\u00faan a la firma como actor l\u00edder en la creaci\u00f3n de conocimiento en su sector.<\/p>\n<p>En este marco, y conjuntamente con la <strong>Universidad de Barcelona (UB)<\/strong>, AVINENT impulsa desde hace siete a\u00f1os el <strong>\u2018Taller Intensivo de Implantolog\u00eda\u2019<\/strong>. Impartido en el Hospital Odontol\u00f3gico de la UB, situado en el Campus de Bellvitge, el \u2018Taller Intensivo de Implantolog\u00eda\u2019 est\u00e1 destinado a odont\u00f3logos generalistas y especialistas y est\u00e1 <strong>centrado en la adquisici\u00f3n de conocimientos b\u00e1sicos para la colocaci\u00f3n de implantes dentales<\/strong>. Este curso atrae a profesionales m\u00e9dicos de toda Espa\u00f1a y su contenido se divide en teor\u00eda, pr\u00e1ctica de disecci\u00f3n y colocaci\u00f3n de implantes en cabezas de cad\u00e1veres y, finalmente, pr\u00e1ctica de colocaci\u00f3n de implantes en pacientes.<\/p>\n<p><img fetchpriority=\"high\" decoding=\"async\" class=\"responsive\" src=\"https:\/\/blog.avinent.com\/wp-content\/uploads\/sites\/9\/2019\/12\/fets\/elena-lopez1.jpg?1490104806473\" alt=\"\" width=\"744\" height=\"163\" \/><\/p>\n<p>Como explica <strong>Dra. Elena L\u00f3pez<\/strong>, profesora del taller y responsable de secci\u00f3n de pacientes y pr\u00e1ctica cl\u00ednica, \u201c<em>esta formaci\u00f3n intensiva quiere ofrecer conocimientos te\u00f3ricos y pr\u00e1cticos b\u00e1sicos para iniciarse en la colocaci\u00f3n de implantes dentales a odont\u00f3logos, estomat\u00f3logos o cirujanos maxilofaciales<\/em>\u201d. Seg\u00fan la Dra. L\u00f3pez, al alumno se le ense\u00f1a principalmente a <strong>\u201c<em>saber indicar, diagnosticar y valorar el riesgo antes de colocar los implantes en sus pacientes, as\u00ed como unos conceptos sencillos y claros a nivel quir\u00fargico para que pueda llevar a cabo sus propios casos cl\u00ednicos con \u00e9xito<\/em>\u201d<\/strong>. En la misma l\u00ednea se expresa el <strong>Dr. Sergio Garc\u00eda Bellosta<\/strong>, profesor de disecci\u00f3n y pr\u00e1ctica cl\u00ednica, quien expone que \u201c<em>la implantolog\u00eda no est\u00e1 exenta de riesgos y requiere una curva de aprendizaje<\/em>\u201d.<\/p>\n<p><strong>Un curso exitoso con una gran aceptaci\u00f3n<br \/>\n<\/strong>Desde sus inicios, el \u2018Taller Intensivo de Implantolog\u00eda\u2019 ha tenido una aceptaci\u00f3n inmejorable, teniendo unos niveles de demanda pr\u00e1cticamente siempre superiores a la oferta de plazas disponibles. \u00bfQu\u00e9 es lo que m\u00e1s destacan los alumnos del curso? A nivel acad\u00e9mico y t\u00e9cnico, la <strong>Dra. M\u00aa Clara A\u00f1\u00f3n<\/strong>, alumna del taller, <strong>destaca de forma especial \u201c<em>la valoraci\u00f3n previa a la intervenci\u00f3n, c\u00f3mo realizar un colgajo adecuado y c\u00f3mo orientar las fresas a la hora de buscar paralelismo<\/em>\u201d<\/strong>. El <strong>Dr. Pablo Jes\u00fas Fern\u00e1ndez<\/strong>, tambi\u00e9n alumno de este \u00faltimo curso, a\u00f1ade que \u201c<em>los protocolos de asepsia tambi\u00e9n son muy importantes<\/em>\u201d. Por su parte, el <strong>Dr. Antoni Beltr\u00e1n<\/strong>, otro participante, valora especialmente el nivel del profesorado y su proximidad: \u201c<em>el taller es muy completo y did\u00e1ctico<\/em>\u201d.<\/p>\n<p><img decoding=\"async\" class=\"responsive\" src=\"https:\/\/blog.avinent.com\/wp-content\/uploads\/sites\/9\/2019\/12\/fets\/foto-anon2_1.jpg?1490104881168\" alt=\"\" width=\"744\" height=\"163\" \/><\/p>\n<p>Seg\u00fan el profesor Dr. Sergio Garc\u00eda, <strong>\u201c<em>m\u00e1s all\u00e1 de su h\u00e1bito quir\u00fargico previo, un alumno que se inicia en la implantolog\u00eda tiene dificultades en la orientaci\u00f3n espacial intraoperatoria, por lo que la planificaci\u00f3n previa con TCs y el uso de f\u00e9rulas quir\u00fargicas es muy recomendable<\/em>\u201d<\/strong>. En opini\u00f3n de la Dra. Elena L\u00f3pez, la funci\u00f3n de los profesores es supervisar e instruir de forma constante, y es especialmente necesaria \u201c<em>en casos de pr\u00e1cticas cl\u00ednicas con pacientes en los que, por ejemplo, es necesario llevar a cabo una regeneraci\u00f3n \u00f3sea despu\u00e9s de colocar el implante debido a la falta de hueso<\/em>\u201d.<\/p>\n<p><img decoding=\"async\" class=\"responsive\" src=\"https:\/\/blog.avinent.com\/wp-content\/uploads\/sites\/9\/2019\/12\/fets\/antoni-beltran1.jpg?1490104918188\" alt=\"\" width=\"744\" height=\"163\" \/><\/p>\n<p><strong>AVINENT apuesta por el taller aportando sus productos y su conocimiento<br \/>\n<\/strong> Tanto para profesores como participantes del \u2018Taller Intensivo de Implantolog\u00eda\u2019, los implantes AVINENT son muy bien valorados. <strong>\u201cA<em> nivel pr\u00e1ctico valoro especialmente la sencillez del sistema, ya sea Coral u Ocean, siendo muy intuitiva la secuencia de fresado y muy sencilla la colocaci\u00f3n de los implantes, lo que conlleva lograr una buena estabilidad<\/em>\u201d<\/strong>, subraya la Dra. L\u00f3pez.<\/p>\n<p><img loading=\"lazy\" decoding=\"async\" class=\"responsive\" src=\"https:\/\/blog.avinent.com\/wp-content\/uploads\/sites\/9\/2019\/12\/fets\/pablojesusfernandez1.jpg?1490104951878\" alt=\"\" width=\"744\" height=\"163\" \/><\/p>\n<p>Por su parte, el Dr. Pablo Jes\u00fas Fern\u00e1ndez, alumno, destaca <strong>\u201c<em>la muy buena organizaci\u00f3n de la secuencia de fresado que tiene la caja quir\u00fargica. Tambi\u00e9n destacar el hecho que son de titanio grado 5<\/em>\u201d<\/strong>, a lo que la Dra. A\u00f1\u00f3n a\u00f1ade que \u201c<em>la ventaja principal de AVINENT frente a otras marcas es que el mismo transportador se puede utilitzar tambi\u00e9n como pilar provisional<\/em>\u201d.<\/p>\n<p><img loading=\"lazy\" decoding=\"async\" class=\"responsive\" src=\"https:\/\/blog.avinent.com\/wp-content\/uploads\/sites\/9\/2019\/12\/fets\/foto-garcia-bellosta_1.jpg?1490105037869\" alt=\"\" width=\"744\" height=\"163\" \/><\/p>\n<p>\u201c<em>AVINENT est\u00e1 volcado con nuestro equipo docente para construir un taller de primer nivel. <strong>Creo que cada alumno que ha pasado por el taller valora muy positivamente esta sinergia entre industria y docencia.<\/strong> Por su contenido e instalaciones, este taller es una de las mejores formaciones en implantolog\u00eda que existen a d\u00eda de hoy<\/em>\u201d, concluye el Dr. Sergio Garc\u00eda.\t\t<\/p>\n","protected":false},"excerpt":{"rendered":"<p>La formaci\u00f3n es uno de los pilares en el proceso de crecimiento y transformaci\u00f3n de AVINENT Implant System. Los congresos celebrados y las alianzas cient\u00edficas y acad\u00e9micas desarrolladas con centros puntales en investigaci\u00f3n, sit\u00faan a la firma como actor l\u00edder en la creaci\u00f3n de conocimiento en su sector. En este marco, y conjuntamente con la [&hellip;]<\/p>\n","protected":false},"author":2,"featured_media":6086,"comment_status":"closed","ping_status":"closed","sticky":false,"template":"","format":"standard","meta":{"_acf_changed":false,"inline_featured_image":false,"footnotes":""},"categories":[38],"tags":[],"profesional_medics":[],"segment":[],"class_list":["post-5859","post","type-post","status-publish","format-standard","has-post-thumbnail","hentry","category-actualidad"],"acf":[],"yoast_head":"<!-- This site is optimized with the Yoast SEO plugin v26.8 - https:\/\/yoast.com\/product\/yoast-seo-wordpress\/ -->\n<title>\u25b7UB y AVINENT, 7 a\u00f1os colaborando por la formaci\u00f3n en implantolog\u00eda - \u3010 Avinent \u3011<\/title>\n<meta name=\"description\" content=\"La formaci\u00f3n es uno de los pilares en el proceso de crecimiento y transformaci\u00f3n de AVINENT Implant System.\" \/>\n<meta name=\"robots\" content=\"index, follow, max-snippet:-1, max-image-preview:large, max-video-preview:-1\" \/>\n<meta property=\"og:locale\" content=\"ca_ES\" \/>\n<meta property=\"og:type\" content=\"article\" \/>\n<meta property=\"og:title\" content=\"\u25b7UB y AVINENT, 7 a\u00f1os colaborando por la formaci\u00f3n en implantolog\u00eda - \u3010 Avinent \u3011\" \/>\n<meta property=\"og:description\" content=\"La formaci\u00f3n es uno de los pilares en el proceso de crecimiento y transformaci\u00f3n de AVINENT Implant System.\" \/>\n<meta property=\"og:url\" content=\"https:\/\/avinent.wwwarcelona.net\/blog\/ub-y-avinent-7-anos-colaborando-por-la-formacion-en-implantologia\/\" \/>\n<meta property=\"og:site_name\" content=\"Avinent\" \/>\n<meta property=\"article:published_time\" content=\"2016-10-13T23:00:00+00:00\" \/>\n<meta property=\"article:modified_time\" content=\"2024-11-20T10:55:19+00:00\" \/>\n<meta property=\"og:image\" content=\"https:\/\/avinent.wwwarcelona.net\/wp-content\/uploads\/2019\/12\/imatge-blog-744x480-1.jpg\" \/>\n\t<meta property=\"og:image:width\" content=\"744\" \/>\n\t<meta property=\"og:image:height\" content=\"480\" \/>\n\t<meta property=\"og:image:type\" content=\"image\/jpeg\" \/>\n<meta name=\"author\" content=\"wwwarcelona\" \/>\n<meta name=\"twitter:card\" content=\"summary_large_image\" \/>\n<meta name=\"twitter:label1\" content=\"Escrit per\" \/>\n\t<meta name=\"twitter:data1\" content=\"wwwarcelona\" \/>\n\t<meta name=\"twitter:label2\" content=\"Temps estimat de lectura\" \/>\n\t<meta name=\"twitter:data2\" content=\"4 minuts\" \/>\n<script type=\"application\/ld+json\" class=\"yoast-schema-graph\">{\"@context\":\"https:\/\/schema.org\",\"@graph\":[{\"@type\":\"Article\",\"@id\":\"https:\/\/avinent.wwwarcelona.net\/blog\/ub-y-avinent-7-anos-colaborando-por-la-formacion-en-implantologia\/#article\",\"isPartOf\":{\"@id\":\"https:\/\/avinent.wwwarcelona.net\/blog\/ub-y-avinent-7-anos-colaborando-por-la-formacion-en-implantologia\/\"},\"author\":{\"name\":\"wwwarcelona\",\"@id\":\"https:\/\/avinent.com\/#\/schema\/person\/36b86133d985ef99a16d3a953381b494\"},\"headline\":\"UB y AVINENT, 7 a\u00f1os colaborando por la formaci\u00f3n en implantolog\u00eda\",\"datePublished\":\"2016-10-13T23:00:00+00:00\",\"dateModified\":\"2024-11-20T10:55:19+00:00\",\"mainEntityOfPage\":{\"@id\":\"https:\/\/avinent.wwwarcelona.net\/blog\/ub-y-avinent-7-anos-colaborando-por-la-formacion-en-implantologia\/\"},\"wordCount\":797,\"publisher\":{\"@id\":\"https:\/\/avinent.com\/#organization\"},\"image\":{\"@id\":\"https:\/\/avinent.wwwarcelona.net\/blog\/ub-y-avinent-7-anos-colaborando-por-la-formacion-en-implantologia\/#primaryimage\"},\"thumbnailUrl\":\"https:\/\/avinent.com\/wp-content\/uploads\/2019\/12\/imatge-blog-744x480-1.jpg\",\"articleSection\":[\"Actualidad\"],\"inLanguage\":\"ca\"},{\"@type\":\"WebPage\",\"@id\":\"https:\/\/avinent.wwwarcelona.net\/blog\/ub-y-avinent-7-anos-colaborando-por-la-formacion-en-implantologia\/\",\"url\":\"https:\/\/avinent.wwwarcelona.net\/blog\/ub-y-avinent-7-anos-colaborando-por-la-formacion-en-implantologia\/\",\"name\":\"\u25b7UB y AVINENT, 7 a\u00f1os colaborando por la formaci\u00f3n en implantolog\u00eda - \u3010 Avinent \u3011\",\"isPartOf\":{\"@id\":\"https:\/\/avinent.com\/#website\"},\"primaryImageOfPage\":{\"@id\":\"https:\/\/avinent.wwwarcelona.net\/blog\/ub-y-avinent-7-anos-colaborando-por-la-formacion-en-implantologia\/#primaryimage\"},\"image\":{\"@id\":\"https:\/\/avinent.wwwarcelona.net\/blog\/ub-y-avinent-7-anos-colaborando-por-la-formacion-en-implantologia\/#primaryimage\"},\"thumbnailUrl\":\"https:\/\/avinent.com\/wp-content\/uploads\/2019\/12\/imatge-blog-744x480-1.jpg\",\"datePublished\":\"2016-10-13T23:00:00+00:00\",\"dateModified\":\"2024-11-20T10:55:19+00:00\",\"description\":\"La formaci\u00f3n es uno de los pilares en el proceso de crecimiento y transformaci\u00f3n de AVINENT Implant System.\",\"breadcrumb\":{\"@id\":\"https:\/\/avinent.wwwarcelona.net\/blog\/ub-y-avinent-7-anos-colaborando-por-la-formacion-en-implantologia\/#breadcrumb\"},\"inLanguage\":\"ca\",\"potentialAction\":[{\"@type\":\"ReadAction\",\"target\":[\"https:\/\/avinent.wwwarcelona.net\/blog\/ub-y-avinent-7-anos-colaborando-por-la-formacion-en-implantologia\/\"]}]},{\"@type\":\"ImageObject\",\"inLanguage\":\"ca\",\"@id\":\"https:\/\/avinent.wwwarcelona.net\/blog\/ub-y-avinent-7-anos-colaborando-por-la-formacion-en-implantologia\/#primaryimage\",\"url\":\"https:\/\/avinent.com\/wp-content\/uploads\/2019\/12\/imatge-blog-744x480-1.jpg\",\"contentUrl\":\"https:\/\/avinent.com\/wp-content\/uploads\/2019\/12\/imatge-blog-744x480-1.jpg\",\"width\":744,\"height\":480,\"caption\":\"\"},{\"@type\":\"BreadcrumbList\",\"@id\":\"https:\/\/avinent.wwwarcelona.net\/blog\/ub-y-avinent-7-anos-colaborando-por-la-formacion-en-implantologia\/#breadcrumb\",\"itemListElement\":[{\"@type\":\"ListItem\",\"position\":1,\"name\":\"Portada\",\"item\":\"https:\/\/avinent.com\/ca\/home\/\"},{\"@type\":\"ListItem\",\"position\":2,\"name\":\"UB y AVINENT, 7 a\u00f1os colaborando por la formaci\u00f3n en implantolog\u00eda\"}]},{\"@type\":\"WebSite\",\"@id\":\"https:\/\/avinent.com\/#website\",\"url\":\"https:\/\/avinent.com\/\",\"name\":\"Avinent\",\"description\":\"Todas las soluciones m\u00e9dicas y dentales\",\"publisher\":{\"@id\":\"https:\/\/avinent.com\/#organization\"},\"potentialAction\":[{\"@type\":\"SearchAction\",\"target\":{\"@type\":\"EntryPoint\",\"urlTemplate\":\"https:\/\/avinent.com\/?s={search_term_string}\"},\"query-input\":{\"@type\":\"PropertyValueSpecification\",\"valueRequired\":true,\"valueName\":\"search_term_string\"}}],\"inLanguage\":\"ca\"},{\"@type\":\"Organization\",\"@id\":\"https:\/\/avinent.com\/#organization\",\"name\":\"Avinent\",\"url\":\"https:\/\/avinent.com\/\",\"logo\":{\"@type\":\"ImageObject\",\"inLanguage\":\"ca\",\"@id\":\"https:\/\/avinent.com\/#\/schema\/logo\/image\/\",\"url\":\"https:\/\/avinent.com\/wp-content\/uploads\/2021\/10\/cropped-9216650250dc9798b51ff14a0e1c16c7.png\",\"contentUrl\":\"https:\/\/avinent.com\/wp-content\/uploads\/2021\/10\/cropped-9216650250dc9798b51ff14a0e1c16c7.png\",\"width\":122,\"height\":79,\"caption\":\"Avinent\"},\"image\":{\"@id\":\"https:\/\/avinent.com\/#\/schema\/logo\/image\/\"}},{\"@type\":\"Person\",\"@id\":\"https:\/\/avinent.com\/#\/schema\/person\/36b86133d985ef99a16d3a953381b494\",\"name\":\"wwwarcelona\",\"image\":{\"@type\":\"ImageObject\",\"inLanguage\":\"ca\",\"@id\":\"https:\/\/avinent.com\/#\/schema\/person\/image\/\",\"url\":\"https:\/\/secure.gravatar.com\/avatar\/22c6e61b197bfcfe682559e4aa8d3534?s=96&d=mm&r=g\",\"contentUrl\":\"https:\/\/secure.gravatar.com\/avatar\/22c6e61b197bfcfe682559e4aa8d3534?s=96&d=mm&r=g\",\"caption\":\"wwwarcelona\"}}]}<\/script>\n<!-- \/ Yoast SEO plugin. -->","yoast_head_json":{"title":"\u25b7UB y AVINENT, 7 a\u00f1os colaborando por la formaci\u00f3n en implantolog\u00eda - \u3010 Avinent \u3011","description":"La formaci\u00f3n es uno de los pilares en el proceso de crecimiento y transformaci\u00f3n de AVINENT Implant System.","robots":{"index":"index","follow":"follow","max-snippet":"max-snippet:-1","max-image-preview":"max-image-preview:large","max-video-preview":"max-video-preview:-1"},"og_locale":"ca_ES","og_type":"article","og_title":"\u25b7UB y AVINENT, 7 a\u00f1os colaborando por la formaci\u00f3n en implantolog\u00eda - \u3010 Avinent \u3011","og_description":"La formaci\u00f3n es uno de los pilares en el proceso de crecimiento y transformaci\u00f3n de AVINENT Implant System.","og_url":"https:\/\/avinent.wwwarcelona.net\/blog\/ub-y-avinent-7-anos-colaborando-por-la-formacion-en-implantologia\/","og_site_name":"Avinent","article_published_time":"2016-10-13T23:00:00+00:00","article_modified_time":"2024-11-20T10:55:19+00:00","og_image":[{"width":744,"height":480,"url":"https:\/\/avinent.wwwarcelona.net\/wp-content\/uploads\/2019\/12\/imatge-blog-744x480-1.jpg","type":"image\/jpeg"}],"author":"wwwarcelona","twitter_card":"summary_large_image","twitter_misc":{"Escrit per":"wwwarcelona","Temps estimat de lectura":"4 minuts"},"schema":{"@context":"https:\/\/schema.org","@graph":[{"@type":"Article","@id":"https:\/\/avinent.wwwarcelona.net\/blog\/ub-y-avinent-7-anos-colaborando-por-la-formacion-en-implantologia\/#article","isPartOf":{"@id":"https:\/\/avinent.wwwarcelona.net\/blog\/ub-y-avinent-7-anos-colaborando-por-la-formacion-en-implantologia\/"},"author":{"name":"wwwarcelona","@id":"https:\/\/avinent.com\/#\/schema\/person\/36b86133d985ef99a16d3a953381b494"},"headline":"UB y AVINENT, 7 a\u00f1os colaborando por la formaci\u00f3n en implantolog\u00eda","datePublished":"2016-10-13T23:00:00+00:00","dateModified":"2024-11-20T10:55:19+00:00","mainEntityOfPage":{"@id":"https:\/\/avinent.wwwarcelona.net\/blog\/ub-y-avinent-7-anos-colaborando-por-la-formacion-en-implantologia\/"},"wordCount":797,"publisher":{"@id":"https:\/\/avinent.com\/#organization"},"image":{"@id":"https:\/\/avinent.wwwarcelona.net\/blog\/ub-y-avinent-7-anos-colaborando-por-la-formacion-en-implantologia\/#primaryimage"},"thumbnailUrl":"https:\/\/avinent.com\/wp-content\/uploads\/2019\/12\/imatge-blog-744x480-1.jpg","articleSection":["Actualidad"],"inLanguage":"ca"},{"@type":"WebPage","@id":"https:\/\/avinent.wwwarcelona.net\/blog\/ub-y-avinent-7-anos-colaborando-por-la-formacion-en-implantologia\/","url":"https:\/\/avinent.wwwarcelona.net\/blog\/ub-y-avinent-7-anos-colaborando-por-la-formacion-en-implantologia\/","name":"\u25b7UB y AVINENT, 7 a\u00f1os colaborando por la formaci\u00f3n en implantolog\u00eda - \u3010 Avinent \u3011","isPartOf":{"@id":"https:\/\/avinent.com\/#website"},"primaryImageOfPage":{"@id":"https:\/\/avinent.wwwarcelona.net\/blog\/ub-y-avinent-7-anos-colaborando-por-la-formacion-en-implantologia\/#primaryimage"},"image":{"@id":"https:\/\/avinent.wwwarcelona.net\/blog\/ub-y-avinent-7-anos-colaborando-por-la-formacion-en-implantologia\/#primaryimage"},"thumbnailUrl":"https:\/\/avinent.com\/wp-content\/uploads\/2019\/12\/imatge-blog-744x480-1.jpg","datePublished":"2016-10-13T23:00:00+00:00","dateModified":"2024-11-20T10:55:19+00:00","description":"La formaci\u00f3n es uno de los pilares en el proceso de crecimiento y transformaci\u00f3n de AVINENT Implant System.","breadcrumb":{"@id":"https:\/\/avinent.wwwarcelona.net\/blog\/ub-y-avinent-7-anos-colaborando-por-la-formacion-en-implantologia\/#breadcrumb"},"inLanguage":"ca","potentialAction":[{"@type":"ReadAction","target":["https:\/\/avinent.wwwarcelona.net\/blog\/ub-y-avinent-7-anos-colaborando-por-la-formacion-en-implantologia\/"]}]},{"@type":"ImageObject","inLanguage":"ca","@id":"https:\/\/avinent.wwwarcelona.net\/blog\/ub-y-avinent-7-anos-colaborando-por-la-formacion-en-implantologia\/#primaryimage","url":"https:\/\/avinent.com\/wp-content\/uploads\/2019\/12\/imatge-blog-744x480-1.jpg","contentUrl":"https:\/\/avinent.com\/wp-content\/uploads\/2019\/12\/imatge-blog-744x480-1.jpg","width":744,"height":480,"caption":""},{"@type":"BreadcrumbList","@id":"https:\/\/avinent.wwwarcelona.net\/blog\/ub-y-avinent-7-anos-colaborando-por-la-formacion-en-implantologia\/#breadcrumb","itemListElement":[{"@type":"ListItem","position":1,"name":"Portada","item":"https:\/\/avinent.com\/ca\/home\/"},{"@type":"ListItem","position":2,"name":"UB y AVINENT, 7 a\u00f1os colaborando por la formaci\u00f3n en implantolog\u00eda"}]},{"@type":"WebSite","@id":"https:\/\/avinent.com\/#website","url":"https:\/\/avinent.com\/","name":"Avinent","description":"Todas las soluciones m\u00e9dicas y dentales","publisher":{"@id":"https:\/\/avinent.com\/#organization"},"potentialAction":[{"@type":"SearchAction","target":{"@type":"EntryPoint","urlTemplate":"https:\/\/avinent.com\/?s={search_term_string}"},"query-input":{"@type":"PropertyValueSpecification","valueRequired":true,"valueName":"search_term_string"}}],"inLanguage":"ca"},{"@type":"Organization","@id":"https:\/\/avinent.com\/#organization","name":"Avinent","url":"https:\/\/avinent.com\/","logo":{"@type":"ImageObject","inLanguage":"ca","@id":"https:\/\/avinent.com\/#\/schema\/logo\/image\/","url":"https:\/\/avinent.com\/wp-content\/uploads\/2021\/10\/cropped-9216650250dc9798b51ff14a0e1c16c7.png","contentUrl":"https:\/\/avinent.com\/wp-content\/uploads\/2021\/10\/cropped-9216650250dc9798b51ff14a0e1c16c7.png","width":122,"height":79,"caption":"Avinent"},"image":{"@id":"https:\/\/avinent.com\/#\/schema\/logo\/image\/"}},{"@type":"Person","@id":"https:\/\/avinent.com\/#\/schema\/person\/36b86133d985ef99a16d3a953381b494","name":"wwwarcelona","image":{"@type":"ImageObject","inLanguage":"ca","@id":"https:\/\/avinent.com\/#\/schema\/person\/image\/","url":"https:\/\/secure.gravatar.com\/avatar\/22c6e61b197bfcfe682559e4aa8d3534?s=96&d=mm&r=g","contentUrl":"https:\/\/secure.gravatar.com\/avatar\/22c6e61b197bfcfe682559e4aa8d3534?s=96&d=mm&r=g","caption":"wwwarcelona"}}]}},"_links":{"self":[{"href":"https:\/\/avinent.com\/ca\/wp-json\/wp\/v2\/posts\/5859","targetHints":{"allow":["GET"]}}],"collection":[{"href":"https:\/\/avinent.com\/ca\/wp-json\/wp\/v2\/posts"}],"about":[{"href":"https:\/\/avinent.com\/ca\/wp-json\/wp\/v2\/types\/post"}],"author":[{"embeddable":true,"href":"https:\/\/avinent.com\/ca\/wp-json\/wp\/v2\/users\/2"}],"replies":[{"embeddable":true,"href":"https:\/\/avinent.com\/ca\/wp-json\/wp\/v2\/comments?post=5859"}],"version-history":[{"count":1,"href":"https:\/\/avinent.com\/ca\/wp-json\/wp\/v2\/posts\/5859\/revisions"}],"predecessor-version":[{"id":14799,"href":"https:\/\/avinent.com\/ca\/wp-json\/wp\/v2\/posts\/5859\/revisions\/14799"}],"wp:featuredmedia":[{"embeddable":true,"href":"https:\/\/avinent.com\/ca\/wp-json\/wp\/v2\/media\/6086"}],"wp:attachment":[{"href":"https:\/\/avinent.com\/ca\/wp-json\/wp\/v2\/media?parent=5859"}],"wp:term":[{"taxonomy":"category","embeddable":true,"href":"https:\/\/avinent.com\/ca\/wp-json\/wp\/v2\/categories?post=5859"},{"taxonomy":"post_tag","embeddable":true,"href":"https:\/\/avinent.com\/ca\/wp-json\/wp\/v2\/tags?post=5859"},{"taxonomy":"profesional_medics","embeddable":true,"href":"https:\/\/avinent.com\/ca\/wp-json\/wp\/v2\/profesional_medics?post=5859"},{"taxonomy":"segments","embeddable":true,"href":"https:\/\/avinent.com\/ca\/wp-json\/wp\/v2\/segment?post=5859"}],"curies":[{"name":"wp","href":"https:\/\/api.w.org\/{rel}","templated":true}]}}