{"id":5879,"date":"2017-01-13T00:00:00","date_gmt":"2017-01-12T23:00:00","guid":{"rendered":"https:\/\/blog.avinent.com\/2017\/01\/13\/el-nuevo-paradigma-digital-mejor-calidad-y-participacion-del-profesional\/"},"modified":"2024-11-20T12:50:14","modified_gmt":"2024-11-20T11:50:14","slug":"el-nuevo-paradigma-digital-mejor-calidad-y-participacion-del-profesional","status":"publish","type":"post","link":"https:\/\/avinent.com\/ca\/blog\/el-nuevo-paradigma-digital-mejor-calidad-y-participacion-del-profesional\/","title":{"rendered":"El nuevo paradigma digital: mejor calidad y participaci\u00f3n del profesional"},"content":{"rendered":"<p>\t\t\t\t<img fetchpriority=\"high\" decoding=\"async\" class=\"responsive\" src=\"https:\/\/blog.avinent.com\/wp-content\/uploads\/sites\/9\/2019\/12\/fets\/giralt.jpg?1489663038669\" alt=\"\" width=\"740\" height=\"205\" \/><\/p>\n<p>La revoluci\u00f3n tecnol\u00f3gica de la \u00faltima d\u00e9cada ha llevado a pr\u00e1cticamente la totalidad de sectores de actividad econ\u00f3mica a evolucionar. En el campo de las tecnolog\u00edas m\u00e9dicas, este <strong>cambio de paradigma<\/strong> se ha desarrollado alrededor de dos factores tecnol\u00f3gicos principales: <strong>la digitalizaci\u00f3n y las nuevas posibilidades de impresi\u00f3n 3D<\/strong>. Estos nuevos activos han modulado de forma muy significativa el modelo de negocio existente hasta el momento, tanto a nivel de producto como al proceso de fabricaci\u00f3n en s\u00ed mismo.<\/p>\n<p>Si nos fijamos en el ejemplo de AVINENT, comprobamos que, en lo que al <strong>producto<\/strong> se refiere, <strong>se ha pasado de una producci\u00f3n en serie a una producci\u00f3n totalmente personalizada<\/strong>. \u00bfC\u00f3mo ha sido posible? Ha habido un avance muy destacado en versatilidad, es decir, en las posibilidades que el profesional odontol\u00f3gico tiene a su disposici\u00f3n en el momento de hacer un pedido. A d\u00eda de hoy, nuestros clientes tienen la capacidad de escoger entre una gran <strong>variedad de materiales<\/strong> (resina, poliamida, titanio, etc.) y <strong>distintas tecnolog\u00edas digitales<\/strong> (impresi\u00f3n 3D, sinterizado l\u00e1ser, SLA, fresado) para conseguir <strong>soluciones personalizadas con geometr\u00edas complejas<\/strong>. Todo ello gracias a las posibilidades que nos ofrecen firmas como EOS, Stratasys, 3D Systems, RapidShape o Formlabs.<\/p>\n<p>A todas estas oportunidades hay que a\u00f1adirles otras derivadas del tambi\u00e9n cambio en el <strong>proceso de fabricaci\u00f3n<\/strong>. Este ha experimentado un cambio en su curso de acci\u00f3n, pasando de un esquema <strong><em>pedido-stock-entrega<\/em><\/strong>, a otro de <strong><em>pedido-codise\u00f1o-fabricaci\u00f3n del producto personalizado-entrega<\/em><\/strong>. La diferencia principal de los dos modelos reside en las tecnolog\u00edas que se emplean para llevarlos a cabo, que en el segundo caso son <strong>100% digitales<\/strong>. Gracias a los nuevos activos tecnol\u00f3gicos de los que dispone AVINENT, <strong>nuestros clientes pueden ser una parte activa m\u00e1s en la toma de decisiones<\/strong> y, como consecuencia, en el resultado final del producto que van a adquirir, participando estrechamente con los t\u00e9cnicos de AVINENT en el dise\u00f1o final del art\u00edculo.<\/p>\n<p><img decoding=\"async\" class=\"responsive\" src=\"https:\/\/blog.avinent.com\/wp-content\/uploads\/sites\/9\/2019\/12\/fets\/infografia.jpg?1489663082157\" alt=\"\" width=\"776\" height=\"550\" \/><\/p>\n<p>En este sentido, la nueva l\u00ednea m\u00e9dica <strong>AVINENT Digital Health (ADH)<\/strong>, centrada en la producci\u00f3n de <strong>soluciones totalmente personalizadas para llevar a cabo reconstrucciones de estructuras \u00f3seas para distintas partes del cuerpo humano<\/strong>, es un ejemplo muy gr\u00e1fico. Mediante una plataforma digital desarrollada por AVINENT, t\u00e9cnicos y profesionales de la medicina pueden agilizar el proceso de pedido y las comunicaciones entre ambos, dise\u00f1ando as\u00ed la mejor soluci\u00f3n posible para cada caso.<\/p>\n<p>Sin duda, en AVINENT nos encontramos inmersos en este cambio de paradigma totalmente nuevo propiciado por la digitalizaci\u00f3n y la impresi\u00f3n 3D que, por un lado, agiliza y multiplica las posibilidades m\u00e9dicas a nivel cualitativo y, por otro, abre un nuevo marco de <strong>participaci\u00f3n en la toma de decisiones para los profesionales<\/strong>. Un nuevo mundo de soluciones digitales m\u00e1s eficaz y transparente.\t\t<\/p>\n","protected":false},"excerpt":{"rendered":"<p>La revoluci\u00f3n tecnol\u00f3gica de la \u00faltima d\u00e9cada ha llevado a pr\u00e1cticamente la totalidad de sectores de actividad econ\u00f3mica a evolucionar. En el campo de las tecnolog\u00edas m\u00e9dicas, este cambio de paradigma se ha desarrollado alrededor de dos factores tecnol\u00f3gicos principales: la digitalizaci\u00f3n y las nuevas posibilidades de impresi\u00f3n 3D. Estos nuevos activos han modulado de [&hellip;]<\/p>\n","protected":false},"author":2,"featured_media":6095,"comment_status":"closed","ping_status":"closed","sticky":false,"template":"","format":"standard","meta":{"_acf_changed":false,"inline_featured_image":false,"footnotes":""},"categories":[39],"tags":[],"profesional_medics":[],"segment":[170],"class_list":["post-5879","post","type-post","status-publish","format-standard","has-post-thumbnail","hentry","category-consejos","segments-implantes"],"acf":[],"yoast_head":"<!-- This site is optimized with the Yoast SEO plugin v26.8 - https:\/\/yoast.com\/product\/yoast-seo-wordpress\/ -->\n<title>La revoluci\u00f3n tecnol\u00f3gica de la \u00faltima d\u00e9cada ha llevado<\/title>\n<meta name=\"description\" content=\"La revoluci\u00f3n tecnol\u00f3gica de la \u00faltima d\u00e9cada ha llevado a pr\u00e1cticamente la totalidad de sectores de actividad econ\u00f3mica a evolucionar. En el campo de las\" \/>\n<meta name=\"robots\" content=\"index, follow, max-snippet:-1, max-image-preview:large, max-video-preview:-1\" \/>\n<meta property=\"og:locale\" content=\"ca_ES\" \/>\n<meta property=\"og:type\" content=\"article\" \/>\n<meta property=\"og:title\" content=\"La revoluci\u00f3n tecnol\u00f3gica de la \u00faltima d\u00e9cada ha llevado\" \/>\n<meta property=\"og:description\" content=\"La revoluci\u00f3n tecnol\u00f3gica de la \u00faltima d\u00e9cada ha llevado a pr\u00e1cticamente la totalidad de sectores de actividad econ\u00f3mica a evolucionar. En el campo de las\" \/>\n<meta property=\"og:url\" content=\"https:\/\/avinent.wwwarcelona.net\/blog\/el-nuevo-paradigma-digital-mejor-calidad-y-participacion-del-profesional\/\" \/>\n<meta property=\"og:site_name\" content=\"Avinent\" \/>\n<meta property=\"article:published_time\" content=\"2017-01-12T23:00:00+00:00\" \/>\n<meta property=\"article:modified_time\" content=\"2024-11-20T11:50:14+00:00\" \/>\n<meta property=\"og:image\" content=\"https:\/\/avinent.wwwarcelona.net\/wp-content\/uploads\/2019\/12\/fotoportadanova2-800x480-1.jpg\" \/>\n\t<meta property=\"og:image:width\" content=\"800\" \/>\n\t<meta property=\"og:image:height\" content=\"480\" \/>\n\t<meta property=\"og:image:type\" content=\"image\/jpeg\" \/>\n<meta name=\"author\" content=\"wwwarcelona\" \/>\n<meta name=\"twitter:card\" content=\"summary_large_image\" \/>\n<meta name=\"twitter:label1\" content=\"Escrit per\" \/>\n\t<meta name=\"twitter:data1\" content=\"wwwarcelona\" \/>\n\t<meta name=\"twitter:label2\" content=\"Temps estimat de lectura\" \/>\n\t<meta name=\"twitter:data2\" content=\"2 minuts\" \/>\n<script type=\"application\/ld+json\" class=\"yoast-schema-graph\">{\"@context\":\"https:\/\/schema.org\",\"@graph\":[{\"@type\":\"Article\",\"@id\":\"https:\/\/avinent.wwwarcelona.net\/blog\/el-nuevo-paradigma-digital-mejor-calidad-y-participacion-del-profesional\/#article\",\"isPartOf\":{\"@id\":\"https:\/\/avinent.wwwarcelona.net\/blog\/el-nuevo-paradigma-digital-mejor-calidad-y-participacion-del-profesional\/\"},\"author\":{\"name\":\"wwwarcelona\",\"@id\":\"https:\/\/avinent.com\/#\/schema\/person\/36b86133d985ef99a16d3a953381b494\"},\"headline\":\"El nuevo paradigma digital: mejor calidad y participaci\u00f3n del profesional\",\"datePublished\":\"2017-01-12T23:00:00+00:00\",\"dateModified\":\"2024-11-20T11:50:14+00:00\",\"mainEntityOfPage\":{\"@id\":\"https:\/\/avinent.wwwarcelona.net\/blog\/el-nuevo-paradigma-digital-mejor-calidad-y-participacion-del-profesional\/\"},\"wordCount\":500,\"publisher\":{\"@id\":\"https:\/\/avinent.com\/#organization\"},\"image\":{\"@id\":\"https:\/\/avinent.wwwarcelona.net\/blog\/el-nuevo-paradigma-digital-mejor-calidad-y-participacion-del-profesional\/#primaryimage\"},\"thumbnailUrl\":\"https:\/\/avinent.com\/wp-content\/uploads\/2019\/12\/fotoportadanova2-800x480-1.jpg\",\"articleSection\":[\"Consejos\"],\"inLanguage\":\"ca\"},{\"@type\":\"WebPage\",\"@id\":\"https:\/\/avinent.wwwarcelona.net\/blog\/el-nuevo-paradigma-digital-mejor-calidad-y-participacion-del-profesional\/\",\"url\":\"https:\/\/avinent.wwwarcelona.net\/blog\/el-nuevo-paradigma-digital-mejor-calidad-y-participacion-del-profesional\/\",\"name\":\"La revoluci\u00f3n tecnol\u00f3gica de la \u00faltima d\u00e9cada ha llevado\",\"isPartOf\":{\"@id\":\"https:\/\/avinent.com\/#website\"},\"primaryImageOfPage\":{\"@id\":\"https:\/\/avinent.wwwarcelona.net\/blog\/el-nuevo-paradigma-digital-mejor-calidad-y-participacion-del-profesional\/#primaryimage\"},\"image\":{\"@id\":\"https:\/\/avinent.wwwarcelona.net\/blog\/el-nuevo-paradigma-digital-mejor-calidad-y-participacion-del-profesional\/#primaryimage\"},\"thumbnailUrl\":\"https:\/\/avinent.com\/wp-content\/uploads\/2019\/12\/fotoportadanova2-800x480-1.jpg\",\"datePublished\":\"2017-01-12T23:00:00+00:00\",\"dateModified\":\"2024-11-20T11:50:14+00:00\",\"description\":\"La revoluci\u00f3n tecnol\u00f3gica de la \u00faltima d\u00e9cada ha llevado a pr\u00e1cticamente la totalidad de sectores de actividad econ\u00f3mica a evolucionar. En el campo de las\",\"breadcrumb\":{\"@id\":\"https:\/\/avinent.wwwarcelona.net\/blog\/el-nuevo-paradigma-digital-mejor-calidad-y-participacion-del-profesional\/#breadcrumb\"},\"inLanguage\":\"ca\",\"potentialAction\":[{\"@type\":\"ReadAction\",\"target\":[\"https:\/\/avinent.wwwarcelona.net\/blog\/el-nuevo-paradigma-digital-mejor-calidad-y-participacion-del-profesional\/\"]}]},{\"@type\":\"ImageObject\",\"inLanguage\":\"ca\",\"@id\":\"https:\/\/avinent.wwwarcelona.net\/blog\/el-nuevo-paradigma-digital-mejor-calidad-y-participacion-del-profesional\/#primaryimage\",\"url\":\"https:\/\/avinent.com\/wp-content\/uploads\/2019\/12\/fotoportadanova2-800x480-1.jpg\",\"contentUrl\":\"https:\/\/avinent.com\/wp-content\/uploads\/2019\/12\/fotoportadanova2-800x480-1.jpg\",\"width\":800,\"height\":480,\"caption\":\"\"},{\"@type\":\"BreadcrumbList\",\"@id\":\"https:\/\/avinent.wwwarcelona.net\/blog\/el-nuevo-paradigma-digital-mejor-calidad-y-participacion-del-profesional\/#breadcrumb\",\"itemListElement\":[{\"@type\":\"ListItem\",\"position\":1,\"name\":\"Portada\",\"item\":\"https:\/\/avinent.com\/ca\/home\/\"},{\"@type\":\"ListItem\",\"position\":2,\"name\":\"El nuevo paradigma digital: mejor calidad y participaci\u00f3n del profesional\"}]},{\"@type\":\"WebSite\",\"@id\":\"https:\/\/avinent.com\/#website\",\"url\":\"https:\/\/avinent.com\/\",\"name\":\"Avinent\",\"description\":\"Todas las soluciones m\u00e9dicas y dentales\",\"publisher\":{\"@id\":\"https:\/\/avinent.com\/#organization\"},\"potentialAction\":[{\"@type\":\"SearchAction\",\"target\":{\"@type\":\"EntryPoint\",\"urlTemplate\":\"https:\/\/avinent.com\/?s={search_term_string}\"},\"query-input\":{\"@type\":\"PropertyValueSpecification\",\"valueRequired\":true,\"valueName\":\"search_term_string\"}}],\"inLanguage\":\"ca\"},{\"@type\":\"Organization\",\"@id\":\"https:\/\/avinent.com\/#organization\",\"name\":\"Avinent\",\"url\":\"https:\/\/avinent.com\/\",\"logo\":{\"@type\":\"ImageObject\",\"inLanguage\":\"ca\",\"@id\":\"https:\/\/avinent.com\/#\/schema\/logo\/image\/\",\"url\":\"https:\/\/avinent.com\/wp-content\/uploads\/2021\/10\/cropped-9216650250dc9798b51ff14a0e1c16c7.png\",\"contentUrl\":\"https:\/\/avinent.com\/wp-content\/uploads\/2021\/10\/cropped-9216650250dc9798b51ff14a0e1c16c7.png\",\"width\":122,\"height\":79,\"caption\":\"Avinent\"},\"image\":{\"@id\":\"https:\/\/avinent.com\/#\/schema\/logo\/image\/\"}},{\"@type\":\"Person\",\"@id\":\"https:\/\/avinent.com\/#\/schema\/person\/36b86133d985ef99a16d3a953381b494\",\"name\":\"wwwarcelona\",\"image\":{\"@type\":\"ImageObject\",\"inLanguage\":\"ca\",\"@id\":\"https:\/\/avinent.com\/#\/schema\/person\/image\/\",\"url\":\"https:\/\/secure.gravatar.com\/avatar\/22c6e61b197bfcfe682559e4aa8d3534?s=96&d=mm&r=g\",\"contentUrl\":\"https:\/\/secure.gravatar.com\/avatar\/22c6e61b197bfcfe682559e4aa8d3534?s=96&d=mm&r=g\",\"caption\":\"wwwarcelona\"}}]}<\/script>\n<!-- \/ Yoast SEO plugin. -->","yoast_head_json":{"title":"La revoluci\u00f3n tecnol\u00f3gica de la \u00faltima d\u00e9cada ha llevado","description":"La revoluci\u00f3n tecnol\u00f3gica de la \u00faltima d\u00e9cada ha llevado a pr\u00e1cticamente la totalidad de sectores de actividad econ\u00f3mica a evolucionar. En el campo de las","robots":{"index":"index","follow":"follow","max-snippet":"max-snippet:-1","max-image-preview":"max-image-preview:large","max-video-preview":"max-video-preview:-1"},"og_locale":"ca_ES","og_type":"article","og_title":"La revoluci\u00f3n tecnol\u00f3gica de la \u00faltima d\u00e9cada ha llevado","og_description":"La revoluci\u00f3n tecnol\u00f3gica de la \u00faltima d\u00e9cada ha llevado a pr\u00e1cticamente la totalidad de sectores de actividad econ\u00f3mica a evolucionar. En el campo de las","og_url":"https:\/\/avinent.wwwarcelona.net\/blog\/el-nuevo-paradigma-digital-mejor-calidad-y-participacion-del-profesional\/","og_site_name":"Avinent","article_published_time":"2017-01-12T23:00:00+00:00","article_modified_time":"2024-11-20T11:50:14+00:00","og_image":[{"width":800,"height":480,"url":"https:\/\/avinent.wwwarcelona.net\/wp-content\/uploads\/2019\/12\/fotoportadanova2-800x480-1.jpg","type":"image\/jpeg"}],"author":"wwwarcelona","twitter_card":"summary_large_image","twitter_misc":{"Escrit per":"wwwarcelona","Temps estimat de lectura":"2 minuts"},"schema":{"@context":"https:\/\/schema.org","@graph":[{"@type":"Article","@id":"https:\/\/avinent.wwwarcelona.net\/blog\/el-nuevo-paradigma-digital-mejor-calidad-y-participacion-del-profesional\/#article","isPartOf":{"@id":"https:\/\/avinent.wwwarcelona.net\/blog\/el-nuevo-paradigma-digital-mejor-calidad-y-participacion-del-profesional\/"},"author":{"name":"wwwarcelona","@id":"https:\/\/avinent.com\/#\/schema\/person\/36b86133d985ef99a16d3a953381b494"},"headline":"El nuevo paradigma digital: mejor calidad y participaci\u00f3n del profesional","datePublished":"2017-01-12T23:00:00+00:00","dateModified":"2024-11-20T11:50:14+00:00","mainEntityOfPage":{"@id":"https:\/\/avinent.wwwarcelona.net\/blog\/el-nuevo-paradigma-digital-mejor-calidad-y-participacion-del-profesional\/"},"wordCount":500,"publisher":{"@id":"https:\/\/avinent.com\/#organization"},"image":{"@id":"https:\/\/avinent.wwwarcelona.net\/blog\/el-nuevo-paradigma-digital-mejor-calidad-y-participacion-del-profesional\/#primaryimage"},"thumbnailUrl":"https:\/\/avinent.com\/wp-content\/uploads\/2019\/12\/fotoportadanova2-800x480-1.jpg","articleSection":["Consejos"],"inLanguage":"ca"},{"@type":"WebPage","@id":"https:\/\/avinent.wwwarcelona.net\/blog\/el-nuevo-paradigma-digital-mejor-calidad-y-participacion-del-profesional\/","url":"https:\/\/avinent.wwwarcelona.net\/blog\/el-nuevo-paradigma-digital-mejor-calidad-y-participacion-del-profesional\/","name":"La revoluci\u00f3n tecnol\u00f3gica de la \u00faltima d\u00e9cada ha llevado","isPartOf":{"@id":"https:\/\/avinent.com\/#website"},"primaryImageOfPage":{"@id":"https:\/\/avinent.wwwarcelona.net\/blog\/el-nuevo-paradigma-digital-mejor-calidad-y-participacion-del-profesional\/#primaryimage"},"image":{"@id":"https:\/\/avinent.wwwarcelona.net\/blog\/el-nuevo-paradigma-digital-mejor-calidad-y-participacion-del-profesional\/#primaryimage"},"thumbnailUrl":"https:\/\/avinent.com\/wp-content\/uploads\/2019\/12\/fotoportadanova2-800x480-1.jpg","datePublished":"2017-01-12T23:00:00+00:00","dateModified":"2024-11-20T11:50:14+00:00","description":"La revoluci\u00f3n tecnol\u00f3gica de la \u00faltima d\u00e9cada ha llevado a pr\u00e1cticamente la totalidad de sectores de actividad econ\u00f3mica a evolucionar. En el campo de las","breadcrumb":{"@id":"https:\/\/avinent.wwwarcelona.net\/blog\/el-nuevo-paradigma-digital-mejor-calidad-y-participacion-del-profesional\/#breadcrumb"},"inLanguage":"ca","potentialAction":[{"@type":"ReadAction","target":["https:\/\/avinent.wwwarcelona.net\/blog\/el-nuevo-paradigma-digital-mejor-calidad-y-participacion-del-profesional\/"]}]},{"@type":"ImageObject","inLanguage":"ca","@id":"https:\/\/avinent.wwwarcelona.net\/blog\/el-nuevo-paradigma-digital-mejor-calidad-y-participacion-del-profesional\/#primaryimage","url":"https:\/\/avinent.com\/wp-content\/uploads\/2019\/12\/fotoportadanova2-800x480-1.jpg","contentUrl":"https:\/\/avinent.com\/wp-content\/uploads\/2019\/12\/fotoportadanova2-800x480-1.jpg","width":800,"height":480,"caption":""},{"@type":"BreadcrumbList","@id":"https:\/\/avinent.wwwarcelona.net\/blog\/el-nuevo-paradigma-digital-mejor-calidad-y-participacion-del-profesional\/#breadcrumb","itemListElement":[{"@type":"ListItem","position":1,"name":"Portada","item":"https:\/\/avinent.com\/ca\/home\/"},{"@type":"ListItem","position":2,"name":"El nuevo paradigma digital: mejor calidad y participaci\u00f3n del profesional"}]},{"@type":"WebSite","@id":"https:\/\/avinent.com\/#website","url":"https:\/\/avinent.com\/","name":"Avinent","description":"Todas las soluciones m\u00e9dicas y dentales","publisher":{"@id":"https:\/\/avinent.com\/#organization"},"potentialAction":[{"@type":"SearchAction","target":{"@type":"EntryPoint","urlTemplate":"https:\/\/avinent.com\/?s={search_term_string}"},"query-input":{"@type":"PropertyValueSpecification","valueRequired":true,"valueName":"search_term_string"}}],"inLanguage":"ca"},{"@type":"Organization","@id":"https:\/\/avinent.com\/#organization","name":"Avinent","url":"https:\/\/avinent.com\/","logo":{"@type":"ImageObject","inLanguage":"ca","@id":"https:\/\/avinent.com\/#\/schema\/logo\/image\/","url":"https:\/\/avinent.com\/wp-content\/uploads\/2021\/10\/cropped-9216650250dc9798b51ff14a0e1c16c7.png","contentUrl":"https:\/\/avinent.com\/wp-content\/uploads\/2021\/10\/cropped-9216650250dc9798b51ff14a0e1c16c7.png","width":122,"height":79,"caption":"Avinent"},"image":{"@id":"https:\/\/avinent.com\/#\/schema\/logo\/image\/"}},{"@type":"Person","@id":"https:\/\/avinent.com\/#\/schema\/person\/36b86133d985ef99a16d3a953381b494","name":"wwwarcelona","image":{"@type":"ImageObject","inLanguage":"ca","@id":"https:\/\/avinent.com\/#\/schema\/person\/image\/","url":"https:\/\/secure.gravatar.com\/avatar\/22c6e61b197bfcfe682559e4aa8d3534?s=96&d=mm&r=g","contentUrl":"https:\/\/secure.gravatar.com\/avatar\/22c6e61b197bfcfe682559e4aa8d3534?s=96&d=mm&r=g","caption":"wwwarcelona"}}]}},"_links":{"self":[{"href":"https:\/\/avinent.com\/ca\/wp-json\/wp\/v2\/posts\/5879","targetHints":{"allow":["GET"]}}],"collection":[{"href":"https:\/\/avinent.com\/ca\/wp-json\/wp\/v2\/posts"}],"about":[{"href":"https:\/\/avinent.com\/ca\/wp-json\/wp\/v2\/types\/post"}],"author":[{"embeddable":true,"href":"https:\/\/avinent.com\/ca\/wp-json\/wp\/v2\/users\/2"}],"replies":[{"embeddable":true,"href":"https:\/\/avinent.com\/ca\/wp-json\/wp\/v2\/comments?post=5879"}],"version-history":[{"count":1,"href":"https:\/\/avinent.com\/ca\/wp-json\/wp\/v2\/posts\/5879\/revisions"}],"predecessor-version":[{"id":14795,"href":"https:\/\/avinent.com\/ca\/wp-json\/wp\/v2\/posts\/5879\/revisions\/14795"}],"wp:featuredmedia":[{"embeddable":true,"href":"https:\/\/avinent.com\/ca\/wp-json\/wp\/v2\/media\/6095"}],"wp:attachment":[{"href":"https:\/\/avinent.com\/ca\/wp-json\/wp\/v2\/media?parent=5879"}],"wp:term":[{"taxonomy":"category","embeddable":true,"href":"https:\/\/avinent.com\/ca\/wp-json\/wp\/v2\/categories?post=5879"},{"taxonomy":"post_tag","embeddable":true,"href":"https:\/\/avinent.com\/ca\/wp-json\/wp\/v2\/tags?post=5879"},{"taxonomy":"profesional_medics","embeddable":true,"href":"https:\/\/avinent.com\/ca\/wp-json\/wp\/v2\/profesional_medics?post=5879"},{"taxonomy":"segments","embeddable":true,"href":"https:\/\/avinent.com\/ca\/wp-json\/wp\/v2\/segment?post=5879"}],"curies":[{"name":"wp","href":"https:\/\/api.w.org\/{rel}","templated":true}]}}