{"id":5896,"date":"2017-02-17T00:00:00","date_gmt":"2017-02-16T23:00:00","guid":{"rendered":"https:\/\/blog.avinent.com\/2017\/02\/17\/avinent-marca-creciente-en-el-benelux\/"},"modified":"2024-11-20T11:39:20","modified_gmt":"2024-11-20T10:39:20","slug":"avinent-marca-creciente-en-el-benelux","status":"publish","type":"post","link":"https:\/\/avinent.com\/ca\/blog\/avinent-marca-creciente-en-el-benelux\/","title":{"rendered":"AVINENT, marca creciente en el Benelux"},"content":{"rendered":"<p>\t\t\t\tEn el contexto de su expansi\u00f3n internacional, <strong>AVINENT<\/strong> tiene en el <strong>Benelux<\/strong> (uni\u00f3n formada por B\u00e9lgica, los Pa\u00edses Bajos y Luxemburgo), una de sus \u00e1reas m\u00e1s fruct\u00edferas a nivel de comercializaci\u00f3n de productos y servicios. La firma ha establecido v\u00ednculos muy positivos con distintas cl\u00ednicas y laboratorios del territorio. En este marco de buenas relaciones, distintas delegaciones de la zona han visitado recientemente la sede central de AVINENT en Santpedor (Barcelona), conociendo as\u00ed de primera mano sus instalaciones, su equipo humano y poni\u00e9ndose al d\u00eda de las nuevas posibilidades que ofrece la corporaci\u00f3n a trav\u00e9s de workshops formativos.<\/p>\n<p>Las visitas provenientes de todo el mundo forman parte de la cultura de AVINENT, que <strong>hace de las puertas abiertas y la transparencia un ejercicio de pol\u00edtica corporativa y responsabilidad empresarial<\/strong>. A trav\u00e9s de tours completos en la f\u00e1brica y de forma totalmente interactiva, la firma muestra el alcance de su actividad y sus posibilidades tecnol\u00f3gicas en el marco de la odontolog\u00eda digital.<\/p>\n<p><img fetchpriority=\"high\" decoding=\"async\" class=\"responsive\" src=\"https:\/\/blog.avinent.com\/wp-content\/uploads\/sites\/9\/2019\/12\/fets\/ronald-hovius.jpg?1489835079451\" alt=\"\" width=\"744\" height=\"163\" \/><\/p>\n<p>Recientemente, dos delegaciones de Benelux han visitado AVINENT. El <strong>Dr. Bouke de Vries<\/strong>, dentista en Praktijk voor Implantologie Rozenburg, una cl\u00ednica del municipio de Rozenburg, al lado de Rotterdam (Pa\u00edses Bajos), explica que \u201c<em>es fant\u00e1stico poder tener una visi\u00f3n completa de la familia que elabora el producto. Nosotros trabajamos para garantizar la salud del paciente y agradecemos mucho que se nos d\u00e9 este tipo de soporte y visi\u00f3n global<\/em>\u201d. En la misma l\u00ednea opina el <strong>Dr. Ronald Hovius<\/strong>, dentista de la cl\u00ednica Mondzorgcentrum, situada en el municipio de Etten-Leur, justo al lado de la ciudad de Breda: \u201c<em>ha sido toda una experiencia conocer el alcance de AVINENT, su conocimiento y sus motivaciones en crear un producto de calidad<\/em>\u201d. Por su parte, el <strong>Dr. Alexander Swinkels<\/strong>, dentista del centro PPIA en la ciudad holandesa de Arnhem, explica que recibieron presentaciones de cada uno de los departamentos de AVINENT \u201c<em>pudiendo as\u00ed entender la firma desde muchas perspectivas<\/em>\u201d.<\/p>\n<p><img decoding=\"async\" class=\"responsive\" src=\"https:\/\/blog.avinent.com\/wp-content\/uploads\/sites\/9\/2019\/12\/fets\/fotointerior1-1.jpg?1489835141901\" alt=\"\" width=\"750\" height=\"618\" \/><\/p>\n<p><strong>Una relaci\u00f3n basada en la calidad del producto<br \/>\n<\/strong>La mayor\u00eda de usuarios de AVINENT en el Benelux conocieron y accedieron a la firma a trav\u00e9s de sus respectivos laboratorios. <strong>Una de las caracter\u00edsticas que m\u00e1s aprecian es el flujo digital<\/strong>. \u201c<em>Es la raz\u00f3n por la que trabajo con AVINENT. Creo que la seguridad del paciente es lo principal y el flujo digital me ha ayudado enormemente a reducir las imperfecciones y los fallos<\/em>\u201d, dice el Dr. de Vries. \u201c<em>AVINENT est\u00e1 un paso por delante en odontolog\u00eda digital por lo que es muy agradecido poder trabajar con ellos<\/em>\u201d, a\u00f1ade el Dr. Hovius. A su vez, el <strong>Dr. Haakon Kuit<\/strong>, dentista en la cl\u00ednica PPIA en Arnhem, se\u00f1ala la comodidad de usar el flujo digital en el sentido que \u201c<em>representa una reducci\u00f3n en tareas de papeleo y facilita la comunicaci\u00f3n cuando tienes que transferir archivos por e-mail. Ganas mucho espacio<\/em>\u201d. Sobre el sistema digital de AVINENT, el Dr. Kuit destaca que \u201c<em>tenemos que empezar a aplicarlo ahora porque en diez a\u00f1os quiz\u00e1 sea ya demasiado tarde<\/em>\u201d.<\/p>\n<p><img decoding=\"async\" class=\"responsive\" src=\"https:\/\/blog.avinent.com\/wp-content\/uploads\/sites\/9\/2019\/12\/fets\/bouke-de-vries.jpg?1489835181939\" alt=\"\" width=\"744\" height=\"163\" \/><\/p>\n<p><img loading=\"lazy\" decoding=\"async\" class=\"responsive\" src=\"https:\/\/blog.avinent.com\/wp-content\/uploads\/sites\/9\/2019\/12\/fets\/haakon-kuit.jpg?1489835213884\" alt=\"\" width=\"744\" height=\"163\" \/><\/p>\n<p><img loading=\"lazy\" decoding=\"async\" class=\"responsive\" src=\"https:\/\/blog.avinent.com\/wp-content\/uploads\/sites\/9\/2019\/12\/fets\/alexander-swinkels.jpg?1489835248443\" alt=\"\" width=\"744\" height=\"163\" \/><\/p>\n<p>No obstante, los doctores tambi\u00e9n destacan otros productos como, por ejemplo, los <strong>implantes OCEAN<\/strong> de conexi\u00f3n c\u00f3nica (CC), al ser un producto compacto, f\u00e1cil de usar e implantar: \u201c<em>se adaptan muy bien al hueso<\/em>\u201d, dice la <strong>Dra. Maike Prick Huisman<\/strong>, que trabaja en el centro H2 Tandartsen, en la ciudad de Nijmegen, mientras que el Dr. Swinkels valora positivamente \u201c<em>los protocolos de fresado<\/em>\u201d.<\/p>\n<p>El servicio y<strong> la atenci\u00f3n al cliente son otros de los factores que aprecian de forma especial<\/strong>. <em>\u201cNo existe ocasi\u00f3n en la que AVINENT no sea capaz de solucionarte un problema\u201d<\/em>, dice el Dr. de Vries. \u201cDa igual cu\u00e1l sea la pregunta que tengas. Siempre tienes totales garant\u00edas que te ayudar\u00e1n\u201d, expone el Dr. Swinkels.<\/p>\n<p><img loading=\"lazy\" decoding=\"async\" class=\"responsive\" src=\"https:\/\/blog.avinent.com\/wp-content\/uploads\/sites\/9\/2019\/12\/fets\/maike-prick-huisman.jpg?1489835285161\" alt=\"\" width=\"744\" height=\"163\" \/><\/p>\n<p><img loading=\"lazy\" decoding=\"async\" class=\"responsive\" src=\"https:\/\/blog.avinent.com\/wp-content\/uploads\/sites\/9\/2019\/12\/fets\/fotointerior2-2.jpg?1489835323480\" alt=\"\" width=\"750\" height=\"330\" \/><\/p>\n<p><strong>AVINENT, una apuesta en auge en la regi\u00f3n<br \/>\n<\/strong>El Benelux es uno de los territorios por los que AVINENT ha apostado especialmente durante estos \u00faltimos a\u00f1os. Aunque todav\u00eda no es una de las principales marcas de la zona, la firma va abri\u00e9ndose paso poco a poco. \u201c<em>Se trata de un \u00e1rea con mucha competencia y donde operan las grandes marcas mundiales<\/em>\u201d, explica el Dr. Haakon Kuit. Teniendo en cuenta esta coyuntura, profesionales como el Dr. Kuit han puesto en pr\u00e1ctica distintos cursos y presentaciones en la zona para dar a conocer el modelo de AVINENT y sus ventajas. Las facilidades que brinda la empresa se unen, adem\u00e1s, a otros factores: \u201c<em>la relaci\u00f3n calidad-precio que ofrece AVINENT es especialmente buena<\/em>\u201d, resalta la Dra. Prick Huisman.<\/p>\n<p>El creciente conocimiento de la marca en la regi\u00f3n ha hecho aumentar el n\u00famero de viajes y visitas de doctores y prot\u00e9sicos de Benelux a las instalaciones de AVINENT durante los \u00faltimos a\u00f1os. Este hecho ha ayudado a conformar un marco de comunicaci\u00f3n y confianza entre la industria y los profesionales, por lo que AVINENT pretende seguir apostando por esta cultura de conocimiento mutuo entre partes. \u201c<em>El viaje ha sido precioso y muy provechoso. Adem\u00e1s de recibir mucha informaci\u00f3n y formaci\u00f3n, tambi\u00e9n aprendimos aspectos culturales del pa\u00eds y hemos podido disfrutar de una comida deliciosa y del fant\u00e1stico entorno de M\u00f3n Sant Benet<\/em>\u201d, expresa el Dr. Swinkels. \u201c<em>AVINENT es como una familia: gente muy cercana, amigable y siempre dispuesta a ayudarte<\/em>\u201d, concluye el Dr. Kuit.\t\t<\/p>\n","protected":false},"excerpt":{"rendered":"<p>En el contexto de su expansi\u00f3n internacional, AVINENT tiene en el Benelux (uni\u00f3n formada por B\u00e9lgica, los Pa\u00edses Bajos y Luxemburgo), una de sus \u00e1reas m\u00e1s fruct\u00edferas a nivel de comercializaci\u00f3n de productos y servicios. La firma ha establecido v\u00ednculos muy positivos con distintas cl\u00ednicas y laboratorios del territorio. En este marco de buenas relaciones, [&hellip;]<\/p>\n","protected":false},"author":2,"featured_media":6105,"comment_status":"closed","ping_status":"closed","sticky":false,"template":"","format":"standard","meta":{"_acf_changed":false,"inline_featured_image":false,"footnotes":""},"categories":[38],"tags":[],"profesional_medics":[],"segment":[],"class_list":["post-5896","post","type-post","status-publish","format-standard","has-post-thumbnail","hentry","category-actualidad"],"acf":[],"yoast_head":"<!-- This site is optimized with the Yoast SEO plugin v26.8 - https:\/\/yoast.com\/product\/yoast-seo-wordpress\/ -->\n<title>Expansi\u00f3n internacional, AVINENT tiene en el Benelux<\/title>\n<meta name=\"description\" content=\"En el contexto de su expansi\u00f3n internacional, AVINENT tiene en el Benelux (uni\u00f3n formada por B\u00e9lgica, los Pa\u00edses Bajos y Luxemburgo),\" \/>\n<meta name=\"robots\" content=\"index, follow, max-snippet:-1, max-image-preview:large, max-video-preview:-1\" \/>\n<meta property=\"og:locale\" content=\"ca_ES\" \/>\n<meta property=\"og:type\" content=\"article\" \/>\n<meta property=\"og:title\" content=\"Expansi\u00f3n internacional, AVINENT tiene en el Benelux\" \/>\n<meta property=\"og:description\" content=\"En el contexto de su expansi\u00f3n internacional, AVINENT tiene en el Benelux (uni\u00f3n formada por B\u00e9lgica, los Pa\u00edses Bajos y Luxemburgo),\" \/>\n<meta property=\"og:url\" content=\"https:\/\/avinent.wwwarcelona.net\/blog\/avinent-marca-creciente-en-el-benelux\/\" \/>\n<meta property=\"og:site_name\" content=\"Avinent\" \/>\n<meta property=\"article:published_time\" content=\"2017-02-16T23:00:00+00:00\" \/>\n<meta property=\"article:modified_time\" content=\"2024-11-20T10:39:20+00:00\" \/>\n<meta property=\"og:image\" content=\"https:\/\/avinent.wwwarcelona.net\/wp-content\/uploads\/2019\/12\/fotoportada5-744x480-1.jpg\" \/>\n\t<meta property=\"og:image:width\" content=\"744\" \/>\n\t<meta property=\"og:image:height\" content=\"480\" \/>\n\t<meta property=\"og:image:type\" content=\"image\/jpeg\" \/>\n<meta name=\"author\" content=\"wwwarcelona\" \/>\n<meta name=\"twitter:card\" content=\"summary_large_image\" \/>\n<meta name=\"twitter:label1\" content=\"Escrit per\" \/>\n\t<meta name=\"twitter:data1\" content=\"wwwarcelona\" \/>\n\t<meta name=\"twitter:label2\" content=\"Temps estimat de lectura\" \/>\n\t<meta name=\"twitter:data2\" content=\"5 minuts\" \/>\n<script type=\"application\/ld+json\" class=\"yoast-schema-graph\">{\"@context\":\"https:\/\/schema.org\",\"@graph\":[{\"@type\":\"Article\",\"@id\":\"https:\/\/avinent.wwwarcelona.net\/blog\/avinent-marca-creciente-en-el-benelux\/#article\",\"isPartOf\":{\"@id\":\"https:\/\/avinent.wwwarcelona.net\/blog\/avinent-marca-creciente-en-el-benelux\/\"},\"author\":{\"name\":\"wwwarcelona\",\"@id\":\"https:\/\/avinent.com\/#\/schema\/person\/36b86133d985ef99a16d3a953381b494\"},\"headline\":\"AVINENT, marca creciente en el Benelux\",\"datePublished\":\"2017-02-16T23:00:00+00:00\",\"dateModified\":\"2024-11-20T10:39:20+00:00\",\"mainEntityOfPage\":{\"@id\":\"https:\/\/avinent.wwwarcelona.net\/blog\/avinent-marca-creciente-en-el-benelux\/\"},\"wordCount\":929,\"publisher\":{\"@id\":\"https:\/\/avinent.com\/#organization\"},\"image\":{\"@id\":\"https:\/\/avinent.wwwarcelona.net\/blog\/avinent-marca-creciente-en-el-benelux\/#primaryimage\"},\"thumbnailUrl\":\"https:\/\/avinent.com\/wp-content\/uploads\/2019\/12\/fotoportada5-744x480-1.jpg\",\"articleSection\":[\"Actualidad\"],\"inLanguage\":\"ca\"},{\"@type\":\"WebPage\",\"@id\":\"https:\/\/avinent.wwwarcelona.net\/blog\/avinent-marca-creciente-en-el-benelux\/\",\"url\":\"https:\/\/avinent.wwwarcelona.net\/blog\/avinent-marca-creciente-en-el-benelux\/\",\"name\":\"Expansi\u00f3n internacional, AVINENT tiene en el Benelux\",\"isPartOf\":{\"@id\":\"https:\/\/avinent.com\/#website\"},\"primaryImageOfPage\":{\"@id\":\"https:\/\/avinent.wwwarcelona.net\/blog\/avinent-marca-creciente-en-el-benelux\/#primaryimage\"},\"image\":{\"@id\":\"https:\/\/avinent.wwwarcelona.net\/blog\/avinent-marca-creciente-en-el-benelux\/#primaryimage\"},\"thumbnailUrl\":\"https:\/\/avinent.com\/wp-content\/uploads\/2019\/12\/fotoportada5-744x480-1.jpg\",\"datePublished\":\"2017-02-16T23:00:00+00:00\",\"dateModified\":\"2024-11-20T10:39:20+00:00\",\"description\":\"En el contexto de su expansi\u00f3n internacional, AVINENT tiene en el Benelux (uni\u00f3n formada por B\u00e9lgica, los Pa\u00edses Bajos y Luxemburgo),\",\"breadcrumb\":{\"@id\":\"https:\/\/avinent.wwwarcelona.net\/blog\/avinent-marca-creciente-en-el-benelux\/#breadcrumb\"},\"inLanguage\":\"ca\",\"potentialAction\":[{\"@type\":\"ReadAction\",\"target\":[\"https:\/\/avinent.wwwarcelona.net\/blog\/avinent-marca-creciente-en-el-benelux\/\"]}]},{\"@type\":\"ImageObject\",\"inLanguage\":\"ca\",\"@id\":\"https:\/\/avinent.wwwarcelona.net\/blog\/avinent-marca-creciente-en-el-benelux\/#primaryimage\",\"url\":\"https:\/\/avinent.com\/wp-content\/uploads\/2019\/12\/fotoportada5-744x480-1.jpg\",\"contentUrl\":\"https:\/\/avinent.com\/wp-content\/uploads\/2019\/12\/fotoportada5-744x480-1.jpg\",\"width\":744,\"height\":480,\"caption\":\"\"},{\"@type\":\"BreadcrumbList\",\"@id\":\"https:\/\/avinent.wwwarcelona.net\/blog\/avinent-marca-creciente-en-el-benelux\/#breadcrumb\",\"itemListElement\":[{\"@type\":\"ListItem\",\"position\":1,\"name\":\"Portada\",\"item\":\"https:\/\/avinent.com\/ca\/home\/\"},{\"@type\":\"ListItem\",\"position\":2,\"name\":\"AVINENT, marca creciente en el Benelux\"}]},{\"@type\":\"WebSite\",\"@id\":\"https:\/\/avinent.com\/#website\",\"url\":\"https:\/\/avinent.com\/\",\"name\":\"Avinent\",\"description\":\"Todas las soluciones m\u00e9dicas y dentales\",\"publisher\":{\"@id\":\"https:\/\/avinent.com\/#organization\"},\"potentialAction\":[{\"@type\":\"SearchAction\",\"target\":{\"@type\":\"EntryPoint\",\"urlTemplate\":\"https:\/\/avinent.com\/?s={search_term_string}\"},\"query-input\":{\"@type\":\"PropertyValueSpecification\",\"valueRequired\":true,\"valueName\":\"search_term_string\"}}],\"inLanguage\":\"ca\"},{\"@type\":\"Organization\",\"@id\":\"https:\/\/avinent.com\/#organization\",\"name\":\"Avinent\",\"url\":\"https:\/\/avinent.com\/\",\"logo\":{\"@type\":\"ImageObject\",\"inLanguage\":\"ca\",\"@id\":\"https:\/\/avinent.com\/#\/schema\/logo\/image\/\",\"url\":\"https:\/\/avinent.com\/wp-content\/uploads\/2021\/10\/cropped-9216650250dc9798b51ff14a0e1c16c7.png\",\"contentUrl\":\"https:\/\/avinent.com\/wp-content\/uploads\/2021\/10\/cropped-9216650250dc9798b51ff14a0e1c16c7.png\",\"width\":122,\"height\":79,\"caption\":\"Avinent\"},\"image\":{\"@id\":\"https:\/\/avinent.com\/#\/schema\/logo\/image\/\"}},{\"@type\":\"Person\",\"@id\":\"https:\/\/avinent.com\/#\/schema\/person\/36b86133d985ef99a16d3a953381b494\",\"name\":\"wwwarcelona\",\"image\":{\"@type\":\"ImageObject\",\"inLanguage\":\"ca\",\"@id\":\"https:\/\/avinent.com\/#\/schema\/person\/image\/\",\"url\":\"https:\/\/secure.gravatar.com\/avatar\/22c6e61b197bfcfe682559e4aa8d3534?s=96&d=mm&r=g\",\"contentUrl\":\"https:\/\/secure.gravatar.com\/avatar\/22c6e61b197bfcfe682559e4aa8d3534?s=96&d=mm&r=g\",\"caption\":\"wwwarcelona\"}}]}<\/script>\n<!-- \/ Yoast SEO plugin. -->","yoast_head_json":{"title":"Expansi\u00f3n internacional, AVINENT tiene en el Benelux","description":"En el contexto de su expansi\u00f3n internacional, AVINENT tiene en el Benelux (uni\u00f3n formada por B\u00e9lgica, los Pa\u00edses Bajos y Luxemburgo),","robots":{"index":"index","follow":"follow","max-snippet":"max-snippet:-1","max-image-preview":"max-image-preview:large","max-video-preview":"max-video-preview:-1"},"og_locale":"ca_ES","og_type":"article","og_title":"Expansi\u00f3n internacional, AVINENT tiene en el Benelux","og_description":"En el contexto de su expansi\u00f3n internacional, AVINENT tiene en el Benelux (uni\u00f3n formada por B\u00e9lgica, los Pa\u00edses Bajos y Luxemburgo),","og_url":"https:\/\/avinent.wwwarcelona.net\/blog\/avinent-marca-creciente-en-el-benelux\/","og_site_name":"Avinent","article_published_time":"2017-02-16T23:00:00+00:00","article_modified_time":"2024-11-20T10:39:20+00:00","og_image":[{"width":744,"height":480,"url":"https:\/\/avinent.wwwarcelona.net\/wp-content\/uploads\/2019\/12\/fotoportada5-744x480-1.jpg","type":"image\/jpeg"}],"author":"wwwarcelona","twitter_card":"summary_large_image","twitter_misc":{"Escrit per":"wwwarcelona","Temps estimat de lectura":"5 minuts"},"schema":{"@context":"https:\/\/schema.org","@graph":[{"@type":"Article","@id":"https:\/\/avinent.wwwarcelona.net\/blog\/avinent-marca-creciente-en-el-benelux\/#article","isPartOf":{"@id":"https:\/\/avinent.wwwarcelona.net\/blog\/avinent-marca-creciente-en-el-benelux\/"},"author":{"name":"wwwarcelona","@id":"https:\/\/avinent.com\/#\/schema\/person\/36b86133d985ef99a16d3a953381b494"},"headline":"AVINENT, marca creciente en el Benelux","datePublished":"2017-02-16T23:00:00+00:00","dateModified":"2024-11-20T10:39:20+00:00","mainEntityOfPage":{"@id":"https:\/\/avinent.wwwarcelona.net\/blog\/avinent-marca-creciente-en-el-benelux\/"},"wordCount":929,"publisher":{"@id":"https:\/\/avinent.com\/#organization"},"image":{"@id":"https:\/\/avinent.wwwarcelona.net\/blog\/avinent-marca-creciente-en-el-benelux\/#primaryimage"},"thumbnailUrl":"https:\/\/avinent.com\/wp-content\/uploads\/2019\/12\/fotoportada5-744x480-1.jpg","articleSection":["Actualidad"],"inLanguage":"ca"},{"@type":"WebPage","@id":"https:\/\/avinent.wwwarcelona.net\/blog\/avinent-marca-creciente-en-el-benelux\/","url":"https:\/\/avinent.wwwarcelona.net\/blog\/avinent-marca-creciente-en-el-benelux\/","name":"Expansi\u00f3n internacional, AVINENT tiene en el Benelux","isPartOf":{"@id":"https:\/\/avinent.com\/#website"},"primaryImageOfPage":{"@id":"https:\/\/avinent.wwwarcelona.net\/blog\/avinent-marca-creciente-en-el-benelux\/#primaryimage"},"image":{"@id":"https:\/\/avinent.wwwarcelona.net\/blog\/avinent-marca-creciente-en-el-benelux\/#primaryimage"},"thumbnailUrl":"https:\/\/avinent.com\/wp-content\/uploads\/2019\/12\/fotoportada5-744x480-1.jpg","datePublished":"2017-02-16T23:00:00+00:00","dateModified":"2024-11-20T10:39:20+00:00","description":"En el contexto de su expansi\u00f3n internacional, AVINENT tiene en el Benelux (uni\u00f3n formada por B\u00e9lgica, los Pa\u00edses Bajos y Luxemburgo),","breadcrumb":{"@id":"https:\/\/avinent.wwwarcelona.net\/blog\/avinent-marca-creciente-en-el-benelux\/#breadcrumb"},"inLanguage":"ca","potentialAction":[{"@type":"ReadAction","target":["https:\/\/avinent.wwwarcelona.net\/blog\/avinent-marca-creciente-en-el-benelux\/"]}]},{"@type":"ImageObject","inLanguage":"ca","@id":"https:\/\/avinent.wwwarcelona.net\/blog\/avinent-marca-creciente-en-el-benelux\/#primaryimage","url":"https:\/\/avinent.com\/wp-content\/uploads\/2019\/12\/fotoportada5-744x480-1.jpg","contentUrl":"https:\/\/avinent.com\/wp-content\/uploads\/2019\/12\/fotoportada5-744x480-1.jpg","width":744,"height":480,"caption":""},{"@type":"BreadcrumbList","@id":"https:\/\/avinent.wwwarcelona.net\/blog\/avinent-marca-creciente-en-el-benelux\/#breadcrumb","itemListElement":[{"@type":"ListItem","position":1,"name":"Portada","item":"https:\/\/avinent.com\/ca\/home\/"},{"@type":"ListItem","position":2,"name":"AVINENT, marca creciente en el Benelux"}]},{"@type":"WebSite","@id":"https:\/\/avinent.com\/#website","url":"https:\/\/avinent.com\/","name":"Avinent","description":"Todas las soluciones m\u00e9dicas y dentales","publisher":{"@id":"https:\/\/avinent.com\/#organization"},"potentialAction":[{"@type":"SearchAction","target":{"@type":"EntryPoint","urlTemplate":"https:\/\/avinent.com\/?s={search_term_string}"},"query-input":{"@type":"PropertyValueSpecification","valueRequired":true,"valueName":"search_term_string"}}],"inLanguage":"ca"},{"@type":"Organization","@id":"https:\/\/avinent.com\/#organization","name":"Avinent","url":"https:\/\/avinent.com\/","logo":{"@type":"ImageObject","inLanguage":"ca","@id":"https:\/\/avinent.com\/#\/schema\/logo\/image\/","url":"https:\/\/avinent.com\/wp-content\/uploads\/2021\/10\/cropped-9216650250dc9798b51ff14a0e1c16c7.png","contentUrl":"https:\/\/avinent.com\/wp-content\/uploads\/2021\/10\/cropped-9216650250dc9798b51ff14a0e1c16c7.png","width":122,"height":79,"caption":"Avinent"},"image":{"@id":"https:\/\/avinent.com\/#\/schema\/logo\/image\/"}},{"@type":"Person","@id":"https:\/\/avinent.com\/#\/schema\/person\/36b86133d985ef99a16d3a953381b494","name":"wwwarcelona","image":{"@type":"ImageObject","inLanguage":"ca","@id":"https:\/\/avinent.com\/#\/schema\/person\/image\/","url":"https:\/\/secure.gravatar.com\/avatar\/22c6e61b197bfcfe682559e4aa8d3534?s=96&d=mm&r=g","contentUrl":"https:\/\/secure.gravatar.com\/avatar\/22c6e61b197bfcfe682559e4aa8d3534?s=96&d=mm&r=g","caption":"wwwarcelona"}}]}},"_links":{"self":[{"href":"https:\/\/avinent.com\/ca\/wp-json\/wp\/v2\/posts\/5896","targetHints":{"allow":["GET"]}}],"collection":[{"href":"https:\/\/avinent.com\/ca\/wp-json\/wp\/v2\/posts"}],"about":[{"href":"https:\/\/avinent.com\/ca\/wp-json\/wp\/v2\/types\/post"}],"author":[{"embeddable":true,"href":"https:\/\/avinent.com\/ca\/wp-json\/wp\/v2\/users\/2"}],"replies":[{"embeddable":true,"href":"https:\/\/avinent.com\/ca\/wp-json\/wp\/v2\/comments?post=5896"}],"version-history":[{"count":1,"href":"https:\/\/avinent.com\/ca\/wp-json\/wp\/v2\/posts\/5896\/revisions"}],"predecessor-version":[{"id":14789,"href":"https:\/\/avinent.com\/ca\/wp-json\/wp\/v2\/posts\/5896\/revisions\/14789"}],"wp:featuredmedia":[{"embeddable":true,"href":"https:\/\/avinent.com\/ca\/wp-json\/wp\/v2\/media\/6105"}],"wp:attachment":[{"href":"https:\/\/avinent.com\/ca\/wp-json\/wp\/v2\/media?parent=5896"}],"wp:term":[{"taxonomy":"category","embeddable":true,"href":"https:\/\/avinent.com\/ca\/wp-json\/wp\/v2\/categories?post=5896"},{"taxonomy":"post_tag","embeddable":true,"href":"https:\/\/avinent.com\/ca\/wp-json\/wp\/v2\/tags?post=5896"},{"taxonomy":"profesional_medics","embeddable":true,"href":"https:\/\/avinent.com\/ca\/wp-json\/wp\/v2\/profesional_medics?post=5896"},{"taxonomy":"segments","embeddable":true,"href":"https:\/\/avinent.com\/ca\/wp-json\/wp\/v2\/segment?post=5896"}],"curies":[{"name":"wp","href":"https:\/\/api.w.org\/{rel}","templated":true}]}}