{"id":6032,"date":"2022-12-16T16:10:23","date_gmt":"2022-12-16T15:10:23","guid":{"rendered":"https:\/\/blog.avinent.com\/?p=2889"},"modified":"2024-11-20T11:36:25","modified_gmt":"2024-11-20T10:36:25","slug":"aumento-encia-queratinizada","status":"publish","type":"post","link":"https:\/\/avinent.com\/ca\/blog\/aumento-encia-queratinizada\/","title":{"rendered":"Aumento de enc\u00eda queratinizada en sectores posteriores mandibulares para conseguir estabilidad de los tratamientos con implantes a largo plazo"},"content":{"rendered":"\n\t\t\t\t\n<h2 class=\"wp-block-heading\"><strong>Introducci\u00f3n<\/strong><\/h2>\n\n\n\n<p>Aunque en la actualidad todav\u00eda existe controversia respecto al rol de la enc\u00eda queratinizada alrededor de los implantes, cada vez hay m\u00e1s estudios que observan una correlaci\u00f3n entre la ausencia de una banda adecuada de enc\u00eda queratinizada y diferentes patolog\u00edas en los tejidos alrededor de los implantes a medio-largo plazo (mayor inflamaci\u00f3n, sangrado al sondaje, recesiones e incluso mayor p\u00e9rdida de hueso cristal)<\/p>\n\n\n\n<p>Existen estudios que justifican el tratamiento\nmucogingival periimplantario previo, simult\u00e1neo o posterior a la\ncolocaci\u00f3n de implantes dentales cuando se detecta escasez de estos tejidos,\ncon el objetivo de optimizar el ancho y el espesor de mucosa queratinizada y\nevitar exponer al implante a condiciones adversas. Pero para ello, al igual que\nsucede en los dientes, no existen unos criterios uniformes, aunque los injertos\ngingivales libres asociados a un colgajo de reposici\u00f3n apical, son considerados\ngold standard cuando el objetivo de la cirug\u00eda es el aumento de tejido\nqueratinizado.<\/p>\n\n\n\n<p>El estudio detallado del caso y la experiencia del\ncl\u00ednico, van a ser los factores que determinara el plan de tratamiento del caso\nhaci\u00e9ndolo predictible a largo plazo como se muestra en el caso\nsiguiente.<\/p>\n\n\n\n<h2 class=\"wp-block-heading\"><strong>Presentaci\u00f3n del caso<\/strong><\/h2>\n\n\n\n<p>Paciente mujer de 62 a\u00f1os, sin antecedentes m\u00e9dicos de inter\u00e9s, solamente\nhipertensi\u00f3n controlada, acudi\u00f3 a la\nconsulta con la intenci\u00f3n de sustituir su pr\u00f3tesis removible inferior por una\nrehabilitaci\u00f3n fija.<\/p>\n\n\n\n<div class=\"wp-block-image\"><figure class=\"aligncenter\"><img decoding=\"async\" src=\"https:\/\/avinent.com\/wp-content\/uploads\/2024\/11\/11_1.jpg\" alt=\"Sustituci\u00f3n de pr\u00f3tesis removible inferiorpor una rehabilitaci\u00f3n fija.\" class=\"wp-image-2890\" \/><figcaption>Estado inicial del caso<\/figcaption><\/figure><\/div>\n\n\n\n<p>Despu\u00e9s de un examen exhaustivo, viendo la\ndisposici\u00f3n de los dientes y la mordida que presentaba, se le plante\u00f3 a la\npaciente realizar primero un tratamiento de ortodoncia para alinear los dientes\ny distribuir bien los espacios, para poder posteriormente colocar cuatro\nimplantes dentales en las zonas posteriores ed\u00e9ntulas.<\/p>\n\n\n\n<p>Durante la fase de ortodoncia y la planificaci\u00f3n de los implantes\ndentales, se detect\u00f3 una cantidad insuficiente de enc\u00eda\nqueratinizada en la zona vestibular de los dos cuadrantes inferiores, lo que\npodr\u00eda afectar a la estabilidad del tratamiento a largo plazo.<\/p>\n\n\n\n<ul class=\"wp-block-gallery columns-2 is-cropped wp-block-gallery-1 is-layout-flex wp-block-gallery-is-layout-flex\"><li class=\"blocks-gallery-item\"><figure><img decoding=\"async\" src=\"https:\/\/avinent.com\/wp-content\/uploads\/2024\/11\/17_2.jpg\" alt=\"\" data-id=\"2891\" data-link=\"https:\/\/blog.avinent.com\/?attachment_id=2891\" class=\"wp-image-2891\" \/><figcaption>Situaci\u00f3n inicial de la zona implantar<\/figcaption><\/figure><\/li><li class=\"blocks-gallery-item\"><figure><img decoding=\"async\" src=\"https:\/\/avinent.com\/wp-content\/uploads\/2024\/11\/15_3.jpg\" alt=\"\" data-id=\"2892\" data-link=\"https:\/\/blog.avinent.com\/?attachment_id=2892\" class=\"wp-image-2892\" \/><figcaption> Situaci\u00f3n inicial de la zona implantar <\/figcaption><\/figure><\/li><\/ul>\n\n\n\n<p>Se decici\u00f3\nrealizar\ndos injertos gingivales libres (IGL), previos a la cirug\u00eda de\nimplantes, con el objetivo de aumentar la banda mucosa queratinizada en las dos\nzonas posteriores para facilitar los procedimientos prot\u00e9sicos y el\nposterior mantenimiento de los implantes.<\/p>\n\n\n\n<ul class=\"wp-block-gallery columns-3 is-cropped wp-block-gallery-2 is-layout-flex wp-block-gallery-is-layout-flex\"><li class=\"blocks-gallery-item\"><figure><img decoding=\"async\" src=\"https:\/\/avinent.com\/wp-content\/uploads\/2024\/11\/7_4-2.jpg\" alt=\"\" data-id=\"3016\" data-link=\"https:\/\/blog.avinent.com\/es\/aumento-encia-queratinizada\/4-48\/\" class=\"wp-image-3016\" \/><figcaption>Preparaci\u00f3n del lecho receptor del injerto del 3r cuadrante<\/figcaption><\/figure><\/li><li class=\"blocks-gallery-item\"><figure><img decoding=\"async\" src=\"https:\/\/avinent.com\/wp-content\/uploads\/2024\/11\/9_5-2.jpg\" alt=\"\" data-id=\"3017\" data-link=\"https:\/\/blog.avinent.com\/es\/aumento-encia-queratinizada\/5-35\/\" class=\"wp-image-3017\" \/><figcaption>Obtenci\u00f3n del injerto gingival libre de 20x7mm con un grosos aproximado de 1,5 mm<\/figcaption><\/figure><\/li><li class=\"blocks-gallery-item\"><figure><img decoding=\"async\" src=\"https:\/\/avinent.com\/wp-content\/uploads\/2024\/11\/14_6.jpg\" alt=\"\" data-id=\"2895\" data-link=\"https:\/\/blog.avinent.com\/es\/aumento-encia-queratinizada\/6-43\/\" class=\"wp-image-2895\" \/><figcaption>Detalle de la cura de la zona donante del paladar con esponjas hemost\u00e1ticas de col\u00e1geno y suturas en cruz<\/figcaption><\/figure><\/li><li class=\"blocks-gallery-item\"><figure><img decoding=\"async\" src=\"https:\/\/avinent.com\/wp-content\/uploads\/2024\/11\/5_7.jpg\" alt=\"\" data-id=\"2896\" data-link=\"https:\/\/blog.avinent.com\/es\/aumento-encia-queratinizada\/7-33\/\" class=\"wp-image-2896\" \/><figcaption>Comprobaci\u00f3n del injerto y sus dimensiones en el lecho receptor<\/figcaption><\/figure><\/li><li class=\"blocks-gallery-item\"><figure><img decoding=\"async\" src=\"https:\/\/avinent.com\/wp-content\/uploads\/2024\/11\/17_8.jpg\" alt=\"\" data-id=\"2897\" data-link=\"https:\/\/blog.avinent.com\/es\/aumento-encia-queratinizada\/8-36\/\" class=\"wp-image-2897\" \/><figcaption>Estabilizaci\u00f3n del injerto con puntos simples y suturas compresivas con monofilamento de 6 ceros<\/figcaption><\/figure><\/li><li class=\"blocks-gallery-item\"><figure><img decoding=\"async\" src=\"https:\/\/avinent.com\/wp-content\/uploads\/2024\/11\/9_9.jpg\" alt=\"\" data-id=\"2898\" data-link=\"https:\/\/blog.avinent.com\/es\/aumento-encia-queratinizada\/9-28\/\" class=\"wp-image-2898\" \/><figcaption>Estabilizaci\u00f3n del injerto con puntos simples y suturas compresivas con monofilamento de 6 ceros<\/figcaption><\/figure><\/li><li class=\"blocks-gallery-item\"><figure><img decoding=\"async\" src=\"https:\/\/avinent.com\/wp-content\/uploads\/2024\/11\/10_10.jpg\" alt=\"\" data-id=\"2899\" data-link=\"https:\/\/blog.avinent.com\/es\/aumento-encia-queratinizada\/10-30\/\" class=\"wp-image-2899\" \/><figcaption>Cicatrizaci\u00f3n a los 15 d\u00edas postcirug\u00eda<\/figcaption><\/figure><\/li><li class=\"blocks-gallery-item\"><figure><img decoding=\"async\" src=\"https:\/\/avinent.com\/wp-content\/uploads\/2024\/11\/12_11.jpg\" alt=\"\" data-id=\"2900\" data-link=\"https:\/\/blog.avinent.com\/es\/aumento-encia-queratinizada\/11-28\/\" class=\"wp-image-2900\" \/><figcaption>Vista lateral de la completa revascularizaci\u00f3n e integraci\u00f3n del injerto en el lecho a las 8 semanas<\/figcaption><\/figure><\/li><li class=\"blocks-gallery-item\"><figure><img decoding=\"async\" src=\"https:\/\/avinent.com\/wp-content\/uploads\/2024\/11\/20_12.jpg\" alt=\"\" data-id=\"2901\" data-link=\"https:\/\/blog.avinent.com\/es\/aumento-encia-queratinizada\/12-29\/\" class=\"wp-image-2901\" \/><figcaption>Vista oclusal de la ganancia de tejido queratinizado a las 8 semanas<\/figcaption><\/figure><\/li><\/ul>\n\n\n\n<ul class=\"wp-block-gallery columns-3 is-cropped wp-block-gallery-3 is-layout-flex wp-block-gallery-is-layout-flex\"><li class=\"blocks-gallery-item\"><figure><img decoding=\"async\" src=\"https:\/\/avinent.com\/wp-content\/uploads\/2024\/11\/3_13.jpg\" alt=\"\" data-id=\"2902\" data-link=\"https:\/\/blog.avinent.com\/?attachment_id=2902\" class=\"wp-image-2902\" \/><figcaption>Detalle del lecho receptor del injerto en el 4rto cuadrante<\/figcaption><\/figure><\/li><li class=\"blocks-gallery-item\"><figure><img decoding=\"async\" src=\"https:\/\/avinent.com\/wp-content\/uploads\/2024\/11\/19_14.jpg\" alt=\"\" data-id=\"2903\" data-link=\"https:\/\/blog.avinent.com\/?attachment_id=2903\" class=\"wp-image-2903\" \/><figcaption>Estabilizaci\u00f3n y sutura del injerto<\/figcaption><\/figure><\/li><li class=\"blocks-gallery-item\"><figure><img decoding=\"async\" src=\"https:\/\/avinent.com\/wp-content\/uploads\/2024\/11\/13_15.jpg\" alt=\"\" data-id=\"2904\" data-link=\"https:\/\/blog.avinent.com\/?attachment_id=2904\" class=\"wp-image-2904\" \/><figcaption>Detalle de la zona donante<\/figcaption><\/figure><\/li><li class=\"blocks-gallery-item\"><figure><img decoding=\"async\" src=\"https:\/\/avinent.com\/wp-content\/uploads\/2024\/11\/18_16.jpg\" alt=\"\" data-id=\"2905\" data-link=\"https:\/\/blog.avinent.com\/?attachment_id=2905\" class=\"wp-image-2905\" \/><figcaption>Cicatrizaci\u00f3n del injerto a los 15 d\u00edas<\/figcaption><\/figure><\/li><li class=\"blocks-gallery-item\"><figure><img decoding=\"async\" src=\"https:\/\/avinent.com\/wp-content\/uploads\/2024\/11\/17_17.jpg\" alt=\"\" data-id=\"2906\" data-link=\"https:\/\/blog.avinent.com\/?attachment_id=2906\" class=\"wp-image-2906\" \/><figcaption>Cicatrizaci\u00f3n de la zona donante a los 15 d\u00edas<\/figcaption><\/figure><\/li><li class=\"blocks-gallery-item\"><figure><img fetchpriority=\"high\" decoding=\"async\" width=\"800\" height=\"450\" src=\"https:\/\/avinent.com\/wp-content\/uploads\/2024\/11\/12_18.jpg\" alt=\"\" data-id=\"2907\" data-link=\"https:\/\/blog.avinent.com\/?attachment_id=2907\" class=\"wp-image-2907\" \/><figcaption>Detalle del aumento de la banda de enc\u00eda queratinizada a las 8 semanas<\/figcaption><\/figure><\/li><\/ul>\n\n\n\n<p>Tras un\nperiodo de cicatrizaci\u00f3n de 8 semanas, se procedi\u00f3 a la\ncolocaci\u00f3n sumergida de dos implantes Avinent Biomimetic Ocean CC de 3.5&#215;11.5 y\n4.0&#215;10 en posici\u00f3n 35 y 36 respectivamente, con regeneraci\u00f3n simultanea de la\nparte vestibular con xenoinjerto y membrana reabsorbible. <\/p>\n\n\n\n<ul class=\"wp-block-gallery columns-3 is-cropped wp-block-gallery-4 is-layout-flex wp-block-gallery-is-layout-flex\"><li class=\"blocks-gallery-item\"><figure><img decoding=\"async\" src=\"https:\/\/avinent.com\/wp-content\/uploads\/2024\/11\/11_19.jpg\" alt=\"\" data-id=\"2908\" data-link=\"https:\/\/blog.avinent.com\/?attachment_id=2908\" class=\"wp-image-2908\" \/><figcaption>Secuencia de colocaci\u00f3n de los implantes Avinent Biomimetic CC<\/figcaption><\/figure><\/li><li class=\"blocks-gallery-item\"><figure><img decoding=\"async\" width=\"800\" height=\"450\" src=\"https:\/\/avinent.com\/wp-content\/uploads\/2024\/11\/13_20.jpg\" alt=\"\" data-id=\"2909\" data-link=\"https:\/\/blog.avinent.com\/?attachment_id=2909\" class=\"wp-image-2909\" \/><figcaption>Secuencia de colocaci\u00f3n de los implantes Avinent Biomimetic CC <\/figcaption><\/figure><\/li><li class=\"blocks-gallery-item\"><figure><img decoding=\"async\" src=\"https:\/\/avinent.com\/wp-content\/uploads\/2024\/11\/11_21.jpg\" alt=\"\" data-id=\"2910\" data-link=\"https:\/\/blog.avinent.com\/?attachment_id=2910\" class=\"wp-image-2910\" \/><figcaption>Secuencia de colocaci\u00f3n de los implantes Avinent Biomimetic CC <\/figcaption><\/figure><\/li><li class=\"blocks-gallery-item\"><figure><img decoding=\"async\" src=\"https:\/\/avinent.com\/wp-content\/uploads\/2024\/11\/6_22-2.jpg\" alt=\"\" data-id=\"3018\" data-link=\"https:\/\/blog.avinent.com\/aumento-encia-queratinizada\/22-21\/\" class=\"wp-image-3018\" \/><figcaption>Regeneraci\u00f3n \u00f3sea guiada simultanea a la colocaci\u00f3n de los implantes <\/figcaption><\/figure><\/li><li class=\"blocks-gallery-item\"><figure><img decoding=\"async\" src=\"https:\/\/avinent.com\/wp-content\/uploads\/2024\/11\/8_23-2.jpg\" alt=\"\" data-id=\"3019\" data-link=\"https:\/\/blog.avinent.com\/aumento-encia-queratinizada\/23-16\/\" class=\"wp-image-3019\" \/><figcaption>Regeneraci\u00f3n \u00f3sea guiada simultanea a la colocaci\u00f3n de los implantes  <\/figcaption><\/figure><\/li><li class=\"blocks-gallery-item\"><figure><img decoding=\"async\" width=\"800\" height=\"450\" src=\"https:\/\/avinent.com\/wp-content\/uploads\/2024\/11\/5_24-2.jpg\" alt=\"\" data-id=\"3020\" data-link=\"https:\/\/blog.avinent.com\/aumento-encia-queratinizada\/24-24\/\" class=\"wp-image-3020\" \/><figcaption> Cierre total de los tejidos tras la regeneraci\u00f3n \u00f3sea <\/figcaption><\/figure><\/li><li class=\"blocks-gallery-item\"><figure><img decoding=\"async\" src=\"https:\/\/avinent.com\/wp-content\/uploads\/2024\/11\/5_25-2.jpg\" alt=\"\" data-id=\"3021\" data-link=\"https:\/\/blog.avinent.com\/aumento-encia-queratinizada\/25-20\/\" class=\"wp-image-3021\" \/><figcaption> Cierre total de los tejidos tras la regeneraci\u00f3n \u00f3sea  <\/figcaption><\/figure><\/li><li class=\"blocks-gallery-item\"><figure><img decoding=\"async\" src=\"https:\/\/avinent.com\/wp-content\/uploads\/2024\/11\/5_26-2.jpg\" alt=\"\" data-id=\"3022\" data-link=\"https:\/\/blog.avinent.com\/aumento-encia-queratinizada\/26-16\/\" class=\"wp-image-3022\" \/><figcaption>Cicatrizaci\u00f3n a los 15 d\u00edas <\/figcaption><\/figure><\/li><li class=\"blocks-gallery-item\"><figure><img loading=\"lazy\" decoding=\"async\" width=\"800\" height=\"450\" src=\"https:\/\/avinent.com\/wp-content\/uploads\/2024\/11\/5_27-2.jpg\" alt=\"\" data-id=\"3023\" data-link=\"https:\/\/blog.avinent.com\/aumento-encia-queratinizada\/27-14\/\" class=\"wp-image-3023\" \/><figcaption>Vista oclusal del volument conseguido a los 4 meses <\/figcaption><\/figure><\/li><li class=\"blocks-gallery-item\"><figure><img loading=\"lazy\" decoding=\"async\" width=\"800\" height=\"450\" src=\"https:\/\/avinent.com\/wp-content\/uploads\/2024\/11\/5_28-2.jpg\" alt=\"\" data-id=\"3024\" data-link=\"https:\/\/blog.avinent.com\/aumento-encia-queratinizada\/28-10\/\" class=\"wp-image-3024\" \/><figcaption>Vista lateral de los tejidos a los 4 meses <\/figcaption><\/figure><\/li><\/ul>\n\n\n\n<p>En la misma sesi\u00f3n quir\u00fargica se repiti\u00f3 el mismo procedimiento de colocaci\u00f3n de implantes sumergidos con tap\u00f3n de cierre en el otro cuadrante, colocando dos implantes Avinent Biomimetic Ocean CC de 3.5&#215;11.5 y 4.0&#215;10 en posici\u00f3n 44 y 46 respectivamente y regenerando con xenoinjerto y membrana reabsorbible la zona vestibular.<\/p>\n\n\n\n<ul class=\"wp-block-gallery columns-3 is-cropped wp-block-gallery-5 is-layout-flex wp-block-gallery-is-layout-flex\"><li class=\"blocks-gallery-item\"><figure><img loading=\"lazy\" decoding=\"async\" width=\"800\" height=\"450\" src=\"https:\/\/avinent.com\/wp-content\/uploads\/2024\/11\/7_29.jpg\" alt=\"\" data-id=\"2918\" data-link=\"https:\/\/blog.avinent.com\/?attachment_id=2918\" class=\"wp-image-2918\" \/><figcaption>Colocaci\u00f3n de los implantes en el 4rto cuadrante con regeneraci\u00f3n simultanea<\/figcaption><\/figure><\/li><li class=\"blocks-gallery-item\"><figure><img decoding=\"async\" src=\"https:\/\/avinent.com\/wp-content\/uploads\/2024\/11\/3_30.jpg\" alt=\"\" data-id=\"2919\" data-link=\"https:\/\/blog.avinent.com\/?attachment_id=2919\" class=\"wp-image-2919\" \/><figcaption>Colocaci\u00f3n de los implantes en el 4rto cuadrante con regeneraci\u00f3n simultanea <\/figcaption><\/figure><\/li><li class=\"blocks-gallery-item\"><figure><img decoding=\"async\" src=\"https:\/\/avinent.com\/wp-content\/uploads\/2024\/11\/4_31.jpg\" alt=\"\" data-id=\"2920\" data-link=\"https:\/\/blog.avinent.com\/?attachment_id=2920\" class=\"wp-image-2920\" \/><figcaption>Sutura de los congajos sin tensi\u00f3n<\/figcaption><\/figure><\/li><li class=\"blocks-gallery-item\"><figure><img decoding=\"async\" src=\"https:\/\/avinent.com\/wp-content\/uploads\/2024\/11\/7_32.jpg\" alt=\"\" data-id=\"2921\" data-link=\"https:\/\/blog.avinent.com\/?attachment_id=2921\" class=\"wp-image-2921\" \/><figcaption>Detalle del volumen regenerado<\/figcaption><\/figure><\/li><\/ul>\n\n\n\n<p>Despu\u00e9s de 5 meses tras la regeneraci\u00f3n \u00f3sea, se procedi\u00f3 a realizar la segunda fase de la cirug\u00eda de los cuatro implantes simult\u00e1neamente, colocando pilares de cicatrizaci\u00f3n y suturando para conformar los tejidos. En esta cirug\u00eda se dividi\u00f3 el tejido queratinizado por la mitad para que los implantes tuvieras una buena banda de tejido queratinizado tanto por la parte vestibular como por la parte linguae. <\/p>\n\n\n\n<ul class=\"wp-block-gallery columns-3 is-cropped wp-block-gallery-6 is-layout-flex wp-block-gallery-is-layout-flex\"><li class=\"blocks-gallery-item\"><figure><img decoding=\"async\" src=\"https:\/\/avinent.com\/wp-content\/uploads\/2024\/11\/3_34.jpg\" alt=\"\" data-id=\"2922\" data-link=\"https:\/\/blog.avinent.com\/?attachment_id=2922\" class=\"wp-image-2922\" \/><figcaption>Colocaci\u00f3n de los pilares de cicatrizaci\u00f3n a los 5 meses de la regeneraci\u00f3n \u00f3sea guiada<\/figcaption><\/figure><\/li><li class=\"blocks-gallery-item\"><figure><img decoding=\"async\" src=\"https:\/\/avinent.com\/wp-content\/uploads\/2024\/11\/4_35.jpg\" alt=\"\" data-id=\"2923\" data-link=\"https:\/\/blog.avinent.com\/?attachment_id=2923\" class=\"wp-image-2923\" \/><figcaption>Colocaci\u00f3n de los pilares de cicatrizaci\u00f3n a los 5 meses de la regeneraci\u00f3n \u00f3sea guiada <\/figcaption><\/figure><\/li><li class=\"blocks-gallery-item\"><figure><img decoding=\"async\" src=\"https:\/\/avinent.com\/wp-content\/uploads\/2024\/11\/3_36.jpg\" alt=\"\" data-id=\"2924\" data-link=\"https:\/\/blog.avinent.com\/?attachment_id=2924\" class=\"wp-image-2924\" \/><figcaption>Cicatrizaci\u00f3n a los 15 d\u00edas<\/figcaption><\/figure><\/li><\/ul>\n\n\n\n<ul class=\"wp-block-gallery columns-2 is-cropped wp-block-gallery-7 is-layout-flex wp-block-gallery-is-layout-flex\"><li class=\"blocks-gallery-item\"><figure><img decoding=\"async\" src=\"https:\/\/avinent.com\/wp-content\/uploads\/2024\/11\/7_37.jpg\" alt=\"\" data-id=\"2925\" data-link=\"https:\/\/blog.avinent.com\/?attachment_id=2925\" class=\"wp-image-2925\" \/><figcaption>Situaci\u00f3n inicial y aspecto final de los tejidos periimplantarios<\/figcaption><\/figure><\/li><li class=\"blocks-gallery-item\"><figure><img loading=\"lazy\" decoding=\"async\" width=\"800\" height=\"450\" src=\"https:\/\/avinent.com\/wp-content\/uploads\/2024\/11\/7_38.jpg\" alt=\"\" data-id=\"2926\" data-link=\"https:\/\/blog.avinent.com\/?attachment_id=2926\" class=\"wp-image-2926\" \/><figcaption>Situaci\u00f3n inicial y aspecto final de los tejidos periimplantarios <\/figcaption><\/figure><\/li><\/ul>\n\n\n\n<ul class=\"wp-block-gallery columns-3 is-cropped wp-block-gallery-8 is-layout-flex wp-block-gallery-is-layout-flex\"><li class=\"blocks-gallery-item\"><figure><img loading=\"lazy\" decoding=\"async\" width=\"800\" height=\"450\" src=\"https:\/\/avinent.com\/wp-content\/uploads\/2024\/11\/8_39.jpg\" alt=\"\" data-id=\"2927\" data-link=\"https:\/\/blog.avinent.com\/?attachment_id=2927\" class=\"wp-image-2927\" \/><figcaption>Reentrada en el 4rto cuadrante despu\u00e9s de la regeneraci\u00f3n<\/figcaption><\/figure><\/li><li class=\"blocks-gallery-item\"><figure><img decoding=\"async\" src=\"https:\/\/avinent.com\/wp-content\/uploads\/2024\/11\/5_40.jpg\" alt=\"\" data-id=\"2928\" data-link=\"https:\/\/blog.avinent.com\/?attachment_id=2928\" class=\"wp-image-2928\" \/><figcaption>Reentrada en el 4rto cuadrante despu\u00e9s de la regeneraci\u00f3n <\/figcaption><\/figure><\/li><li class=\"blocks-gallery-item\"><figure><img loading=\"lazy\" decoding=\"async\" width=\"800\" height=\"450\" src=\"https:\/\/avinent.com\/wp-content\/uploads\/2024\/11\/8_41.jpg\" alt=\"\" data-id=\"2929\" data-link=\"https:\/\/blog.avinent.com\/?attachment_id=2929\" class=\"wp-image-2929\" \/><figcaption>Colocaci\u00f3n de los pilares de cicatrizaci\u00f3n en una segunda fase<\/figcaption><\/figure><\/li><li class=\"blocks-gallery-item\"><figure><img loading=\"lazy\" decoding=\"async\" width=\"800\" height=\"450\" src=\"https:\/\/avinent.com\/wp-content\/uploads\/2024\/11\/6_42.jpg\" alt=\"\" data-id=\"2930\" data-link=\"https:\/\/blog.avinent.com\/?attachment_id=2930\" class=\"wp-image-2930\" \/><figcaption>Colocaci\u00f3n de los pilares de cicatrizaci\u00f3n en una segunda fase <\/figcaption><\/figure><\/li><li class=\"blocks-gallery-item\"><figure><img decoding=\"async\" src=\"https:\/\/avinent.com\/wp-content\/uploads\/2024\/11\/4_43-2.jpg\" alt=\"\" data-id=\"3025\" data-link=\"https:\/\/blog.avinent.com\/aumento-encia-queratinizada\/43-3\/\" class=\"wp-image-3025\" \/><figcaption> Sutura de los colgajos en la segunda cirug\u00eda <\/figcaption><\/figure><\/li><li class=\"blocks-gallery-item\"><figure><img decoding=\"async\" src=\"https:\/\/avinent.com\/wp-content\/uploads\/2024\/11\/4_44-2.jpg\" alt=\"\" data-id=\"3026\" data-link=\"https:\/\/blog.avinent.com\/aumento-encia-queratinizada\/44-3\/\" class=\"wp-image-3026\" \/><figcaption>Cicatrizaci\u00f3n a los 15 d\u00edas <\/figcaption><\/figure><\/li><\/ul>\n\n\n\n<ul class=\"wp-block-gallery columns-2 is-cropped wp-block-gallery-9 is-layout-flex wp-block-gallery-is-layout-flex\"><li class=\"blocks-gallery-item\"><figure><img loading=\"lazy\" decoding=\"async\" width=\"800\" height=\"450\" src=\"https:\/\/avinent.com\/wp-content\/uploads\/2024\/11\/3_45.jpg\" alt=\"\" data-id=\"2933\" data-link=\"https:\/\/blog.avinent.com\/?attachment_id=2933\" class=\"wp-image-2933\" \/><figcaption>Aspecto inicial y final de los tejidos periimplantarios<\/figcaption><\/figure><\/li><li class=\"blocks-gallery-item\"><figure><img decoding=\"async\" src=\"https:\/\/avinent.com\/wp-content\/uploads\/2024\/11\/4_46.jpg\" alt=\"\" data-id=\"2934\" data-link=\"https:\/\/blog.avinent.com\/?attachment_id=2934\" class=\"wp-image-2934\" \/><figcaption>Aspecto inicial y final de los tejidos periimplantarios <\/figcaption><\/figure><\/li><\/ul>\n\n\n\n<p>Una vez terminado el tratamiento de ortodoncia, se procedi\u00f3 a rehabilitar a la paciente con dos coronas ferulizadas implantosoportadas en metal-cer\u00e1mica en 35 y 36 y con un puente fijo implantosoportado de 44 a 46 tambi\u00e9n metal cer\u00e1mica.<\/p>\n\n\n\n<ul class=\"wp-block-gallery columns-3 is-cropped wp-block-gallery-10 is-layout-flex wp-block-gallery-is-layout-flex\"><li class=\"blocks-gallery-item\"><figure><img decoding=\"async\" src=\"https:\/\/avinent.com\/wp-content\/uploads\/2024\/11\/6_47.jpg\" alt=\"\" data-id=\"2935\" data-link=\"https:\/\/blog.avinent.com\/?attachment_id=2935\" class=\"wp-image-2935\" \/><figcaption>Ajuste de las coronas 35 y 36<\/figcaption><\/figure><\/li><li class=\"blocks-gallery-item\"><figure><img loading=\"lazy\" decoding=\"async\" width=\"800\" height=\"450\" src=\"https:\/\/avinent.com\/wp-content\/uploads\/2024\/11\/3_48.jpg\" alt=\"\" data-id=\"2936\" data-link=\"https:\/\/blog.avinent.com\/?attachment_id=2936\" class=\"wp-image-2936\" \/><figcaption>Pr\u00f3tesis final en boca<\/figcaption><\/figure><\/li><li class=\"blocks-gallery-item\"><figure><img decoding=\"async\" src=\"https:\/\/avinent.com\/wp-content\/uploads\/2024\/11\/5_49.jpg\" alt=\"\" data-id=\"2937\" data-link=\"https:\/\/blog.avinent.com\/?attachment_id=2937\" class=\"wp-image-2937\" \/><figcaption>Pr\u00f3tesis final en boca <\/figcaption><\/figure><\/li><\/ul>\n\n\n\n<ul class=\"wp-block-gallery columns-3 is-cropped wp-block-gallery-11 is-layout-flex wp-block-gallery-is-layout-flex\"><li class=\"blocks-gallery-item\"><figure><img decoding=\"async\" src=\"https:\/\/avinent.com\/wp-content\/uploads\/2024\/11\/3_50.jpg\" alt=\"\" data-id=\"2938\" data-link=\"https:\/\/blog.avinent.com\/?attachment_id=2938\" class=\"wp-image-2938\" \/><figcaption>Im\u00e1gen radiogr\u00e1fica de la carga prot\u00e9sica<\/figcaption><\/figure><\/li><li class=\"blocks-gallery-item\"><figure><img decoding=\"async\" src=\"https:\/\/avinent.com\/wp-content\/uploads\/2024\/11\/4_51.jpg\" alt=\"\" data-id=\"2939\" data-link=\"https:\/\/blog.avinent.com\/?attachment_id=2939\" class=\"wp-image-2939\" \/><figcaption>Pr\u00f3tesis metal-cer\u00e1mica en boca<\/figcaption><\/figure><\/li><li class=\"blocks-gallery-item\"><figure><img decoding=\"async\" src=\"https:\/\/avinent.com\/wp-content\/uploads\/2024\/11\/4_52.jpg\" alt=\"\" data-id=\"2940\" data-link=\"https:\/\/blog.avinent.com\/?attachment_id=2940\" class=\"wp-image-2940\" \/><figcaption>Pr\u00f3tesis metal-cer\u00e1mica en boca <\/figcaption><\/figure><\/li><\/ul>\n\n\n\n<p>Finalmente, como las expectativas de la paciente de sustituir su pr\u00f3tesis inferior removible por una soluci\u00f3n fija fueron ampliamente cumplidas, accedi\u00f3 a cambiar los puentes superiores consiguiendo as\u00ed un resultado global m\u00e1s est\u00e9tico.<\/p>\n\n\n\n<div class=\"wp-block-image\"><figure class=\"aligncenter\"><img loading=\"lazy\" decoding=\"async\" width=\"800\" height=\"450\" src=\"https:\/\/avinent.com\/wp-content\/uploads\/2024\/11\/4_53.jpg\" alt=\"Im\u00e1gen final de la sustituci\u00f3n de pr\u00f3tesis removible inferiorpor una rehabilitaci\u00f3n fija.\" class=\"wp-image-2941\" \/><figcaption>Im\u00e1gen final del caso rehabilitado<\/figcaption><\/figure><\/div>\n\n\n\n<ul class=\"wp-block-gallery columns-2 is-cropped wp-block-gallery-12 is-layout-flex wp-block-gallery-is-layout-flex\"><li class=\"blocks-gallery-item\"><figure><img decoding=\"async\" src=\"https:\/\/avinent.com\/wp-content\/uploads\/2024\/11\/3_54.jpg\" alt=\"\" data-id=\"2942\" data-link=\"https:\/\/blog.avinent.com\/?attachment_id=2942\" class=\"wp-image-2942\" \/><figcaption>Im\u00e1gen inicial y final del paciente<\/figcaption><\/figure><\/li><li class=\"blocks-gallery-item\"><figure><img decoding=\"async\" src=\"https:\/\/avinent.com\/wp-content\/uploads\/2024\/11\/3_55.jpg\" alt=\"\" data-id=\"2943\" data-link=\"https:\/\/blog.avinent.com\/?attachment_id=2943\" class=\"wp-image-2943\" \/><figcaption>Im\u00e1gen final del caso rehabilitado <\/figcaption><\/figure><\/li><\/ul>\n\n\n\n<p>En el control cl\u00ednico y radiogr\u00e1fico 5 a\u00f1os despu\u00e9s\nde finalizar el tratamiento, se puede observar una total estabilidad tanto de\nlos tejidos duros como de los tejidos blandos. <\/p>\n\n\n\n<ul class=\"wp-block-gallery columns-3 is-cropped wp-block-gallery-13 is-layout-flex wp-block-gallery-is-layout-flex\"><li class=\"blocks-gallery-item\"><figure><img decoding=\"async\" src=\"https:\/\/avinent.com\/wp-content\/uploads\/2024\/11\/1_56.jpg\" alt=\"\" data-id=\"2944\" data-link=\"https:\/\/blog.avinent.com\/?attachment_id=2944\" class=\"wp-image-2944\" \/><figcaption>Control de los implantes y la pr\u00f3tesis a los 5 a\u00f1os en el tercer cuadrante<\/figcaption><\/figure><\/li><li class=\"blocks-gallery-item\"><figure><img decoding=\"async\" src=\"https:\/\/avinent.com\/wp-content\/uploads\/2024\/11\/3_57.jpg\" alt=\"\" data-id=\"2945\" data-link=\"https:\/\/blog.avinent.com\/?attachment_id=2945\" class=\"wp-image-2945\" \/><figcaption>Control de los implantes y la pr\u00f3tesis a los 5 a\u00f1os en el tercer cuadrante <\/figcaption><\/figure><\/li><li class=\"blocks-gallery-item\"><figure><img loading=\"lazy\" decoding=\"async\" width=\"800\" height=\"450\" src=\"https:\/\/avinent.com\/wp-content\/uploads\/2024\/11\/58.jpg\" alt=\"\" data-id=\"2946\" data-link=\"https:\/\/blog.avinent.com\/?attachment_id=2946\" class=\"wp-image-2946\" \/><figcaption>Control de los implantes y la pr\u00f3tesis a los 5 a\u00f1os en el cuarto cuadrante <\/figcaption><\/figure><\/li><li class=\"blocks-gallery-item\"><figure><img loading=\"lazy\" decoding=\"async\" width=\"800\" height=\"450\" src=\"https:\/\/avinent.com\/wp-content\/uploads\/2024\/11\/59.jpg\" alt=\"\" data-id=\"2947\" data-link=\"https:\/\/blog.avinent.com\/?attachment_id=2947\" class=\"wp-image-2947\" \/><figcaption><br>Control de los implantes y la pr\u00f3tesis a los 5 a\u00f1os en el cuarto cuadrante  <\/figcaption><\/figure><\/li><\/ul>\n\n\n\n<h2 class=\"wp-block-heading\"><strong>Conclusi\u00f3n<\/strong><\/h2>\n\n\n\n<p>Cada vez son m\u00e1s los estudios que indican que los implantes necesitan una adecuada banda de enc\u00eda queratinizada para mantener una situaci\u00f3n de salud a largo plazo, sobre todo en pacientes que una higiene oral inadecuada o que no cumplen con las sesiones de mantenimiento periodontal. <\/p>\n\n\n\n<p>Adem\u00e1s, seg\u00fan los diferentes estudios, la zonas\nposteriores mandibulares son las que menor cantidad de enc\u00eda queratinizada\npresentan a la hora de colocar nuestros implantes.<\/p>\n\n\n\n<p>Por tanto, en este caso podemos observar como con una cirug\u00eda sencilla de Injerto Gingival Libre, aumentamos la banda de enc\u00eda queratinizada alrededor de los implantes colocados y as\u00ed conseguimos un resultado estable y libre de inflamaci\u00f3n al menos a 5 a\u00f1os. <\/p>\n\n\n\n<ul class=\"wp-block-gallery columns-3 is-cropped wp-block-gallery-14 is-layout-flex wp-block-gallery-is-layout-flex\"><li class=\"blocks-gallery-item\"><figure><img decoding=\"async\" src=\"https:\/\/avinent.com\/wp-content\/uploads\/2024\/11\/8_1-1.jpg\" alt=\"\" data-id=\"2949\" data-link=\"https:\/\/blog.avinent.com\/?attachment_id=2949\" class=\"wp-image-2949\" \/><figcaption>Estado inicial del caso <\/figcaption><\/figure><\/li><li class=\"blocks-gallery-item\"><figure><img decoding=\"async\" src=\"https:\/\/avinent.com\/wp-content\/uploads\/2024\/11\/8_2-1.jpg\" alt=\"\" data-id=\"2950\" data-link=\"https:\/\/blog.avinent.com\/?attachment_id=2950\" class=\"wp-image-2950\" \/><figcaption>Situaci\u00f3n inicial de la zona implantar <\/figcaption><\/figure><\/li><li class=\"blocks-gallery-item\"><figure><img decoding=\"async\" src=\"https:\/\/avinent.com\/wp-content\/uploads\/2024\/11\/11_3-1.jpg\" alt=\"\" data-id=\"2951\" data-link=\"https:\/\/blog.avinent.com\/?attachment_id=2951\" class=\"wp-image-2951\" \/><figcaption>Situaci\u00f3n inicial de la zona implantar <\/figcaption><\/figure><\/li><li class=\"blocks-gallery-item\"><figure><img decoding=\"async\" src=\"https:\/\/avinent.com\/wp-content\/uploads\/2024\/11\/9_4-1.jpg\" alt=\"\" data-id=\"2952\" data-link=\"https:\/\/blog.avinent.com\/?attachment_id=2952\" class=\"wp-image-2952\" \/><figcaption>Preparaci\u00f3n del lecho receptor del injerto del 3r cuadrante <\/figcaption><\/figure><\/li><li class=\"blocks-gallery-item\"><figure><img decoding=\"async\" src=\"https:\/\/avinent.com\/wp-content\/uploads\/2024\/11\/11_5-1.jpg\" alt=\"\" data-id=\"2953\" data-link=\"https:\/\/blog.avinent.com\/?attachment_id=2953\" class=\"wp-image-2953\" \/><figcaption> <br>Obtenci\u00f3n del injerto gingival libre de 20x7mm con un grosos aproximado de 1,5 mm <\/figcaption><\/figure><\/li><li class=\"blocks-gallery-item\"><figure><img loading=\"lazy\" decoding=\"async\" width=\"800\" height=\"450\" src=\"https:\/\/avinent.com\/wp-content\/uploads\/2024\/11\/13_6-1.jpg\" alt=\"\" data-id=\"2954\" data-link=\"https:\/\/blog.avinent.com\/?attachment_id=2954\" class=\"wp-image-2954\" \/><figcaption>Detalle de la cura de la zona donante del paladar con esponjar hemost\u00e1ticas de col\u00e1geno y suturas en cruz <\/figcaption><\/figure><\/li><li class=\"blocks-gallery-item\"><figure><img loading=\"lazy\" decoding=\"async\" width=\"800\" height=\"450\" src=\"https:\/\/avinent.com\/wp-content\/uploads\/2024\/11\/8_7-1.jpg\" alt=\"\" data-id=\"2955\" data-link=\"https:\/\/blog.avinent.com\/?attachment_id=2955\" class=\"wp-image-2955\" \/><figcaption>Comprobaci\u00f3n del injerto y sus dimensiones en el lecho receptor <\/figcaption><\/figure><\/li><li class=\"blocks-gallery-item\"><figure><img loading=\"lazy\" decoding=\"async\" width=\"800\" height=\"450\" src=\"https:\/\/avinent.com\/wp-content\/uploads\/2024\/11\/13_8-1.jpg\" alt=\"\" data-id=\"2956\" data-link=\"https:\/\/blog.avinent.com\/?attachment_id=2956\" class=\"wp-image-2956\" \/><figcaption>Estabilizaci\u00f3n del injerto con puntos simples y suturas compresivas con monofilamento de 6 ceros <\/figcaption><\/figure><\/li><li class=\"blocks-gallery-item\"><figure><img loading=\"lazy\" decoding=\"async\" width=\"800\" height=\"450\" src=\"https:\/\/avinent.com\/wp-content\/uploads\/2024\/11\/8_9-1.jpg\" alt=\"\" data-id=\"2957\" data-link=\"https:\/\/blog.avinent.com\/?attachment_id=2957\" class=\"wp-image-2957\" \/><figcaption>Estabilizaci\u00f3n del injerto con puntos simples y suturas compresivas con monofilamento de 6 ceros  <\/figcaption><\/figure><\/li><li class=\"blocks-gallery-item\"><figure><img decoding=\"async\" src=\"https:\/\/avinent.com\/wp-content\/uploads\/2024\/11\/11_10-1.jpg\" alt=\"\" data-id=\"2958\" data-link=\"https:\/\/blog.avinent.com\/?attachment_id=2958\" class=\"wp-image-2958\" \/><figcaption>Cicatrizaci\u00f3n a los 15 d\u00edas post-cirug\u00eda <\/figcaption><\/figure><\/li><li class=\"blocks-gallery-item\"><figure><img loading=\"lazy\" decoding=\"async\" width=\"800\" height=\"450\" src=\"https:\/\/avinent.com\/wp-content\/uploads\/2024\/11\/14_11-1.jpg\" alt=\"\" data-id=\"2959\" data-link=\"https:\/\/blog.avinent.com\/?attachment_id=2959\" class=\"wp-image-2959\" \/><figcaption>Vista lateral de la completa revascularizaci\u00f3n e integraci\u00f3n del injerto en el lecho de las 8 semanas <\/figcaption><\/figure><\/li><li class=\"blocks-gallery-item\"><figure><img loading=\"lazy\" decoding=\"async\" width=\"800\" height=\"450\" src=\"https:\/\/avinent.com\/wp-content\/uploads\/2024\/11\/10_12-1.jpg\" alt=\"\" data-id=\"2960\" data-link=\"https:\/\/blog.avinent.com\/?attachment_id=2960\" class=\"wp-image-2960\" \/><figcaption>Vista oclusal de la ganancia del tejido queratinizado a las 8 semanas <\/figcaption><\/figure><\/li><li class=\"blocks-gallery-item\"><figure><img loading=\"lazy\" decoding=\"async\" width=\"800\" height=\"450\" src=\"https:\/\/avinent.com\/wp-content\/uploads\/2024\/11\/11_13-1.jpg\" alt=\"\" data-id=\"2961\" data-link=\"https:\/\/blog.avinent.com\/?attachment_id=2961\" class=\"wp-image-2961\" \/><figcaption>Detalle del lecho receptor del injerto en el 4rto cuadrante <\/figcaption><\/figure><\/li><li class=\"blocks-gallery-item\"><figure><img decoding=\"async\" src=\"https:\/\/avinent.com\/wp-content\/uploads\/2024\/11\/11_14-1.jpg\" alt=\"\" data-id=\"2962\" data-link=\"https:\/\/blog.avinent.com\/?attachment_id=2962\" class=\"wp-image-2962\" \/><figcaption>Estabilizaci\u00f3n y sutura del injerto <\/figcaption><\/figure><\/li><li class=\"blocks-gallery-item\"><figure><img decoding=\"async\" src=\"https:\/\/avinent.com\/wp-content\/uploads\/2024\/11\/5_15-1.jpg\" alt=\"\" data-id=\"2963\" data-link=\"https:\/\/blog.avinent.com\/?attachment_id=2963\" class=\"wp-image-2963\" \/><figcaption>Detalle de la zona donante <\/figcaption><\/figure><\/li><li class=\"blocks-gallery-item\"><figure><img loading=\"lazy\" decoding=\"async\" width=\"800\" height=\"450\" src=\"https:\/\/avinent.com\/wp-content\/uploads\/2024\/11\/6_16-1.jpg\" alt=\"\" data-id=\"2964\" data-link=\"https:\/\/blog.avinent.com\/?attachment_id=2964\" class=\"wp-image-2964\" \/><figcaption>Cicatrizaci\u00f3n del injerto a los 15 d\u00edas <\/figcaption><\/figure><\/li><li class=\"blocks-gallery-item\"><figure><img decoding=\"async\" src=\"https:\/\/avinent.com\/wp-content\/uploads\/2024\/11\/3_17-1.jpg\" alt=\"\" data-id=\"2965\" data-link=\"https:\/\/blog.avinent.com\/?attachment_id=2965\" class=\"wp-image-2965\" \/><figcaption>Cicatrizaci\u00f3n de la zona donante a los 15 d\u00edas <\/figcaption><\/figure><\/li><li class=\"blocks-gallery-item\"><figure><img decoding=\"async\" src=\"https:\/\/avinent.com\/wp-content\/uploads\/2024\/11\/10_18-1.jpg\" alt=\"\" data-id=\"2966\" data-link=\"https:\/\/blog.avinent.com\/?attachment_id=2966\" class=\"wp-image-2966\" \/><figcaption>Detalle del aumento de la banda de enc\u00eda queratinizada a las 8 semanas <\/figcaption><\/figure><\/li><li class=\"blocks-gallery-item\"><figure><img decoding=\"async\" src=\"https:\/\/avinent.com\/wp-content\/uploads\/2024\/11\/6_19-1.jpg\" alt=\"\" data-id=\"2967\" data-link=\"https:\/\/blog.avinent.com\/?attachment_id=2967\" class=\"wp-image-2967\" \/><figcaption>Secuencia de colocaci\u00f3n de los implantes Avinent Biomimetic CC <\/figcaption><\/figure><\/li><li class=\"blocks-gallery-item\"><figure><img decoding=\"async\" src=\"https:\/\/avinent.com\/wp-content\/uploads\/2024\/11\/5_20-1.jpg\" alt=\"\" data-id=\"2968\" data-link=\"https:\/\/blog.avinent.com\/?attachment_id=2968\" class=\"wp-image-2968\" \/><figcaption>Secuencia de colocaci\u00f3n de los implantes Avinent Biomimetic CC <\/figcaption><\/figure><\/li><li class=\"blocks-gallery-item\"><figure><img decoding=\"async\" src=\"https:\/\/avinent.com\/wp-content\/uploads\/2024\/11\/6_21-1.jpg\" alt=\"\" data-id=\"2969\" data-link=\"https:\/\/blog.avinent.com\/?attachment_id=2969\" class=\"wp-image-2969\" \/><figcaption>Secuencia de colocaci\u00f3n de los implantes Avinent Biomimetic CC <\/figcaption><\/figure><\/li><li class=\"blocks-gallery-item\"><figure><img loading=\"lazy\" decoding=\"async\" width=\"800\" height=\"450\" src=\"https:\/\/avinent.com\/wp-content\/uploads\/2024\/11\/4_22-1.jpg\" alt=\"\" data-id=\"2970\" data-link=\"https:\/\/blog.avinent.com\/?attachment_id=2970\" class=\"wp-image-2970\" \/><figcaption>Regeneraci\u00f3n \u00f3sea guiada simultanea a la colocaci\u00f3n de los implantes <\/figcaption><\/figure><\/li><li class=\"blocks-gallery-item\"><figure><img loading=\"lazy\" decoding=\"async\" width=\"800\" height=\"450\" src=\"https:\/\/avinent.com\/wp-content\/uploads\/2024\/11\/5_23-1.jpg\" alt=\"\" data-id=\"2971\" data-link=\"https:\/\/blog.avinent.com\/?attachment_id=2971\" class=\"wp-image-2971\" \/><figcaption>Regeneraci\u00f3n \u00f3sea guiada simultanea a la colocaci\u00f3n de los implantes <\/figcaption><\/figure><\/li><li class=\"blocks-gallery-item\"><figure><img loading=\"lazy\" decoding=\"async\" width=\"800\" height=\"450\" src=\"https:\/\/avinent.com\/wp-content\/uploads\/2024\/11\/3_24-1.jpg\" alt=\"\" data-id=\"2972\" data-link=\"https:\/\/blog.avinent.com\/?attachment_id=2972\" class=\"wp-image-2972\" \/><figcaption>Cierre total de los tejidos tras la regeneraci\u00f3n \u00f3sea <\/figcaption><\/figure><\/li><li class=\"blocks-gallery-item\"><figure><img decoding=\"async\" src=\"https:\/\/avinent.com\/wp-content\/uploads\/2024\/11\/25-1-1.jpg\" alt=\"\" data-id=\"2973\" data-link=\"https:\/\/blog.avinent.com\/?attachment_id=2973\" class=\"wp-image-2973\" \/><figcaption>Cierre total de los tejidos tras la regeneraci\u00f3n \u00f3sea  <\/figcaption><\/figure><\/li><li class=\"blocks-gallery-item\"><figure><img loading=\"lazy\" decoding=\"async\" width=\"800\" height=\"450\" src=\"https:\/\/avinent.com\/wp-content\/uploads\/2024\/11\/3_26-1.jpg\" alt=\"\" data-id=\"2974\" data-link=\"https:\/\/blog.avinent.com\/?attachment_id=2974\" class=\"wp-image-2974\" \/><figcaption>Cicatrizaci\u00f3n a los 15 d\u00edas <\/figcaption><\/figure><\/li><li class=\"blocks-gallery-item\"><figure><img loading=\"lazy\" decoding=\"async\" width=\"800\" height=\"450\" src=\"https:\/\/avinent.com\/wp-content\/uploads\/2024\/11\/2_27-1.jpg\" alt=\"\" data-id=\"2975\" data-link=\"https:\/\/blog.avinent.com\/?attachment_id=2975\" class=\"wp-image-2975\" \/><figcaption>Vista oclusal del volument conseguido a los 4 meses <\/figcaption><\/figure><\/li><li class=\"blocks-gallery-item\"><figure><img decoding=\"async\" src=\"https:\/\/avinent.com\/wp-content\/uploads\/2024\/11\/3_28-1.jpg\" alt=\"\" data-id=\"2976\" data-link=\"https:\/\/blog.avinent.com\/?attachment_id=2976\" class=\"wp-image-2976\" \/><figcaption>Vista lateral de los tejidos a los 4 meses <\/figcaption><\/figure><\/li><li class=\"blocks-gallery-item\"><figure><img loading=\"lazy\" decoding=\"async\" width=\"800\" height=\"450\" src=\"https:\/\/avinent.com\/wp-content\/uploads\/2024\/11\/2_29-1.jpg\" alt=\"\" data-id=\"2977\" data-link=\"https:\/\/blog.avinent.com\/?attachment_id=2977\" class=\"wp-image-2977\" \/><figcaption>Colocaci\u00f3n de los implantes en el 4rto cuadrante con regeneraci\u00f3n simultanea <\/figcaption><\/figure><\/li><li class=\"blocks-gallery-item\"><figure><img loading=\"lazy\" decoding=\"async\" width=\"800\" height=\"450\" src=\"https:\/\/avinent.com\/wp-content\/uploads\/2024\/11\/2_30-1.jpg\" alt=\"\" data-id=\"2978\" data-link=\"https:\/\/blog.avinent.com\/?attachment_id=2978\" class=\"wp-image-2978\" \/><figcaption>Colocaci\u00f3n de los implantes en el 4rto cuadrante con regeneraci\u00f3n simultanea  <\/figcaption><\/figure><\/li><li class=\"blocks-gallery-item\"><figure><img loading=\"lazy\" decoding=\"async\" width=\"800\" height=\"450\" src=\"https:\/\/avinent.com\/wp-content\/uploads\/2024\/11\/5_31-1.jpg\" alt=\"\" data-id=\"2979\" data-link=\"https:\/\/blog.avinent.com\/?attachment_id=2979\" class=\"wp-image-2979\" \/><figcaption>Sutura de los congajos sin tensi\u00f3n <\/figcaption><\/figure><\/li><li class=\"blocks-gallery-item\"><figure><img decoding=\"async\" src=\"https:\/\/avinent.com\/wp-content\/uploads\/2024\/11\/5_32-1.jpg\" alt=\"\" data-id=\"2980\" data-link=\"https:\/\/blog.avinent.com\/?attachment_id=2980\" class=\"wp-image-2980\" \/><figcaption>Detalle del volumen regenerado <\/figcaption><\/figure><\/li><li class=\"blocks-gallery-item\"><figure><img loading=\"lazy\" decoding=\"async\" width=\"800\" height=\"450\" src=\"https:\/\/avinent.com\/wp-content\/uploads\/2024\/11\/3_34-1.jpg\" alt=\"\" data-id=\"2981\" data-link=\"https:\/\/blog.avinent.com\/?attachment_id=2981\" class=\"wp-image-2981\" \/><figcaption>Colocaci\u00f3n de los pilares de cicatrizaci\u00f3n a los 5 meses de la regeneraci\u00f3n \u00f3sea guiada <\/figcaption><\/figure><\/li><li class=\"blocks-gallery-item\"><figure><img loading=\"lazy\" decoding=\"async\" width=\"800\" height=\"450\" src=\"https:\/\/avinent.com\/wp-content\/uploads\/2024\/11\/3_35-1.jpg\" alt=\"\" data-id=\"2982\" data-link=\"https:\/\/blog.avinent.com\/?attachment_id=2982\" class=\"wp-image-2982\" \/><figcaption>Colocaci\u00f3n de los pilares de cicatrizaci\u00f3n a los 5 meses de la regeneraci\u00f3n \u00f3sea guiada  <\/figcaption><\/figure><\/li><li class=\"blocks-gallery-item\"><figure><img loading=\"lazy\" decoding=\"async\" width=\"800\" height=\"450\" src=\"https:\/\/avinent.com\/wp-content\/uploads\/2024\/11\/3_36-1.jpg\" alt=\"\" data-id=\"2983\" data-link=\"https:\/\/blog.avinent.com\/?attachment_id=2983\" class=\"wp-image-2983\" \/><figcaption>Cicatrizaci\u00f3n a los 15 d\u00edas <\/figcaption><\/figure><\/li><li class=\"blocks-gallery-item\"><figure><img decoding=\"async\" src=\"https:\/\/avinent.com\/wp-content\/uploads\/2024\/11\/4_37-1.jpg\" alt=\"\" data-id=\"2984\" data-link=\"https:\/\/blog.avinent.com\/?attachment_id=2984\" class=\"wp-image-2984\" \/><figcaption>Situaci\u00f3n inicial y aspecto final de los tejidos periimplantarios <\/figcaption><\/figure><\/li><li class=\"blocks-gallery-item\"><figure><img decoding=\"async\" src=\"https:\/\/avinent.com\/wp-content\/uploads\/2024\/11\/4_38-1.jpg\" alt=\"\" data-id=\"2985\" data-link=\"https:\/\/blog.avinent.com\/?attachment_id=2985\" class=\"wp-image-2985\" \/><figcaption>Situaci\u00f3n inicial y aspecto final de los tejidos periimplantarios <\/figcaption><\/figure><\/li><li class=\"blocks-gallery-item\"><figure><img decoding=\"async\" src=\"https:\/\/avinent.com\/wp-content\/uploads\/2024\/11\/2_39-1.jpg\" alt=\"\" data-id=\"2986\" data-link=\"https:\/\/blog.avinent.com\/?attachment_id=2986\" class=\"wp-image-2986\" \/><figcaption>Reentrada en el 4rto cuadrante despu\u00e9s de la regeneraci\u00f3n <\/figcaption><\/figure><\/li><li class=\"blocks-gallery-item\"><figure><img decoding=\"async\" src=\"https:\/\/avinent.com\/wp-content\/uploads\/2024\/11\/6_40-1.jpg\" alt=\"\" data-id=\"2987\" data-link=\"https:\/\/blog.avinent.com\/?attachment_id=2987\" class=\"wp-image-2987\" \/><figcaption>Reentrada en el 4rto cuadrante despu\u00e9s de la regeneraci\u00f3n <\/figcaption><\/figure><\/li><li class=\"blocks-gallery-item\"><figure><img decoding=\"async\" src=\"https:\/\/avinent.com\/wp-content\/uploads\/2024\/11\/3_41-1.jpg\" alt=\"\" data-id=\"2988\" data-link=\"https:\/\/blog.avinent.com\/?attachment_id=2988\" class=\"wp-image-2988\" \/><figcaption>Colocaci\u00f3n de los pilares de cicatrizaci\u00f3n en una segunda fase <\/figcaption><\/figure><\/li><li class=\"blocks-gallery-item\"><figure><img decoding=\"async\" src=\"https:\/\/avinent.com\/wp-content\/uploads\/2024\/11\/3_42-1.jpg\" alt=\"\" data-id=\"2989\" data-link=\"https:\/\/blog.avinent.com\/?attachment_id=2989\" class=\"wp-image-2989\" \/><figcaption>Colocaci\u00f3n de los pilares de cicatrizaci\u00f3n en una segunda fase <\/figcaption><\/figure><\/li><li class=\"blocks-gallery-item\"><figure><img decoding=\"async\" src=\"https:\/\/avinent.com\/wp-content\/uploads\/2024\/11\/3_43-1.jpg\" alt=\"\" data-id=\"2990\" data-link=\"https:\/\/blog.avinent.com\/?attachment_id=2990\" class=\"wp-image-2990\" \/><figcaption>Sutura de los colgajos en la segunda cirug\u00eda <\/figcaption><\/figure><\/li><li class=\"blocks-gallery-item\"><figure><img decoding=\"async\" src=\"https:\/\/avinent.com\/wp-content\/uploads\/2024\/11\/3_44-1.jpg\" alt=\"\" data-id=\"2991\" data-link=\"https:\/\/blog.avinent.com\/?attachment_id=2991\" class=\"wp-image-2991\" \/><figcaption>Cicatrizaci\u00f3n a los 15 d\u00edas <\/figcaption><\/figure><\/li><li class=\"blocks-gallery-item\"><figure><img decoding=\"async\" src=\"https:\/\/avinent.com\/wp-content\/uploads\/2024\/11\/4_45-1.jpg\" alt=\"\" data-id=\"2992\" data-link=\"https:\/\/blog.avinent.com\/?attachment_id=2992\" class=\"wp-image-2992\" \/><figcaption>Aspecto inicial y final de los tejidos periimplantarios <\/figcaption><\/figure><\/li><li class=\"blocks-gallery-item\"><figure><img loading=\"lazy\" decoding=\"async\" width=\"800\" height=\"450\" src=\"https:\/\/avinent.com\/wp-content\/uploads\/2024\/11\/5_46-1.jpg\" alt=\"\" data-id=\"2993\" data-link=\"https:\/\/blog.avinent.com\/?attachment_id=2993\" class=\"wp-image-2993\" \/><figcaption>Aspecto inicial y final de los tejidos periimplantarios <\/figcaption><\/figure><\/li><li class=\"blocks-gallery-item\"><figure><img decoding=\"async\" src=\"https:\/\/avinent.com\/wp-content\/uploads\/2024\/11\/3_47-1.jpg\" alt=\"\" data-id=\"2994\" data-link=\"https:\/\/blog.avinent.com\/?attachment_id=2994\" class=\"wp-image-2994\" \/><figcaption>Ajuste de las coronas 35 y 36 <\/figcaption><\/figure><\/li><li class=\"blocks-gallery-item\"><figure><img decoding=\"async\" src=\"https:\/\/avinent.com\/wp-content\/uploads\/2024\/11\/2_48-1.jpg\" alt=\"\" data-id=\"2995\" data-link=\"https:\/\/blog.avinent.com\/?attachment_id=2995\" class=\"wp-image-2995\" \/><figcaption>Pr\u00f3tesis final en boca <\/figcaption><\/figure><\/li><li class=\"blocks-gallery-item\"><figure><img loading=\"lazy\" decoding=\"async\" width=\"800\" height=\"450\" src=\"https:\/\/avinent.com\/wp-content\/uploads\/2024\/11\/3_49-1.jpg\" alt=\"\" data-id=\"2996\" data-link=\"https:\/\/blog.avinent.com\/?attachment_id=2996\" class=\"wp-image-2996\" \/><figcaption>Pr\u00f3tesis final en boca <\/figcaption><\/figure><\/li><li class=\"blocks-gallery-item\"><figure><img decoding=\"async\" src=\"https:\/\/avinent.com\/wp-content\/uploads\/2024\/11\/3_50-1.jpg\" alt=\"\" data-id=\"2997\" data-link=\"https:\/\/blog.avinent.com\/?attachment_id=2997\" class=\"wp-image-2997\" \/><figcaption>Im\u00e1gen radiogr\u00e1fica de la carga prot\u00e9sica <\/figcaption><\/figure><\/li><li class=\"blocks-gallery-item\"><figure><img decoding=\"async\" src=\"https:\/\/avinent.com\/wp-content\/uploads\/2024\/11\/2_51-1.jpg\" alt=\"\" data-id=\"2999\" data-link=\"https:\/\/blog.avinent.com\/?attachment_id=2999\" class=\"wp-image-2999\" \/><figcaption>Pr\u00f3tesis metal-cer\u00e1mica en boca <\/figcaption><\/figure><\/li><li class=\"blocks-gallery-item\"><figure><img decoding=\"async\" src=\"https:\/\/avinent.com\/wp-content\/uploads\/2024\/11\/2_52-1.jpg\" alt=\"\" data-id=\"3000\" data-link=\"https:\/\/blog.avinent.com\/?attachment_id=3000\" class=\"wp-image-3000\" \/><figcaption>Pr\u00f3tesis metal-cer\u00e1mica en boca <\/figcaption><\/figure><\/li><li class=\"blocks-gallery-item\"><figure><img decoding=\"async\" src=\"https:\/\/avinent.com\/wp-content\/uploads\/2024\/11\/2_53-1.jpg\" alt=\"\" data-id=\"3001\" data-link=\"https:\/\/blog.avinent.com\/?attachment_id=3001\" class=\"wp-image-3001\" \/><figcaption>Im\u00e1gen final del caso rehabilitado <\/figcaption><\/figure><\/li><li class=\"blocks-gallery-item\"><figure><img loading=\"lazy\" decoding=\"async\" width=\"800\" height=\"450\" src=\"https:\/\/avinent.com\/wp-content\/uploads\/2024\/11\/2_54-1.jpg\" alt=\"\" data-id=\"3002\" data-link=\"https:\/\/blog.avinent.com\/?attachment_id=3002\" class=\"wp-image-3002\" \/><figcaption>Im\u00e1gen inicial y final del paciente <\/figcaption><\/figure><\/li><li class=\"blocks-gallery-item\"><figure><img decoding=\"async\" src=\"https:\/\/avinent.com\/wp-content\/uploads\/2024\/11\/2_55-1.jpg\" alt=\"\" data-id=\"3003\" data-link=\"https:\/\/blog.avinent.com\/?attachment_id=3003\" class=\"wp-image-3003\" \/><figcaption>Im\u00e1gen final del caso rehabilitado  <\/figcaption><\/figure><\/li><li class=\"blocks-gallery-item\"><figure><img decoding=\"async\" src=\"https:\/\/avinent.com\/wp-content\/uploads\/2024\/11\/56-1.jpg\" alt=\"\" data-id=\"3004\" data-link=\"https:\/\/blog.avinent.com\/?attachment_id=3004\" class=\"wp-image-3004\" \/><figcaption> <br> Control de los implantes y la pr\u00f3tesis a los 5 a\u00f1os en el tercer cuadrante  <\/figcaption><\/figure><\/li><li class=\"blocks-gallery-item\"><figure><img decoding=\"async\" src=\"https:\/\/avinent.com\/wp-content\/uploads\/2024\/11\/57-1.jpg\" alt=\"\" data-id=\"3005\" data-link=\"https:\/\/blog.avinent.com\/?attachment_id=3005\" class=\"wp-image-3005\" \/><figcaption> <br> Control de los implantes y la pr\u00f3tesis a los 5 a\u00f1os en el tercer cuadrante  <\/figcaption><\/figure><\/li><li class=\"blocks-gallery-item\"><figure><img decoding=\"async\" src=\"https:\/\/avinent.com\/wp-content\/uploads\/2024\/11\/58-1.jpg\" alt=\"\" data-id=\"3006\" data-link=\"https:\/\/blog.avinent.com\/?attachment_id=3006\" class=\"wp-image-3006\" \/><figcaption> <br>Control de los implantes y la pr\u00f3tesis a los 5 a\u00f1os en el cuarto cuadrante  <\/figcaption><\/figure><\/li><li class=\"blocks-gallery-item\"><figure><img loading=\"lazy\" decoding=\"async\" width=\"800\" height=\"450\" src=\"https:\/\/avinent.com\/wp-content\/uploads\/2024\/11\/59-1.jpg\" alt=\"\" data-id=\"3007\" data-link=\"https:\/\/blog.avinent.com\/?attachment_id=3007\" class=\"wp-image-3007\" \/><figcaption> <br>Control de los implantes y la pr\u00f3tesis a los 5 a\u00f1os en el cuarto cuadrante  <\/figcaption><\/figure><\/li><\/ul>\n\t\t","protected":false},"excerpt":{"rendered":"<p>Introducci\u00f3n Aunque en la actualidad todav\u00eda existe controversia respecto al rol de la enc\u00eda queratinizada alrededor de los implantes, cada vez hay m\u00e1s estudios que observan una correlaci\u00f3n entre la ausencia de una banda adecuada de enc\u00eda queratinizada y diferentes patolog\u00edas en los tejidos alrededor de los implantes a medio-largo plazo (mayor inflamaci\u00f3n, sangrado al [&hellip;]<\/p>\n","protected":false},"author":2,"featured_media":7030,"comment_status":"closed","ping_status":"closed","sticky":false,"template":"","format":"standard","meta":{"_acf_changed":false,"inline_featured_image":false,"footnotes":""},"categories":[37],"tags":[44],"profesional_medics":[157],"segment":[170],"class_list":["post-6032","post","type-post","status-publish","format-standard","has-post-thumbnail","hentry","category-casos-clinicos","tag-implante-ocean","profesional_medics-dr-julen-arocena","segments-implantes"],"acf":[],"yoast_head":"<!-- This site is optimized with the Yoast SEO plugin v26.8 - https:\/\/yoast.com\/product\/yoast-seo-wordpress\/ -->\n<title>Aumento de enc\u00eda queratinizada - Implantes de largo plazo | Avinent<\/title>\n<meta name=\"description\" content=\"En doctor Julen Arocena nos cuenta como llev\u00f3 a cabo un aumento de enc\u00eda queratinizada en sectores posteriores mandibulares, para conseguir estabilidad de los tratamientos con implantes a largo plazo.\" \/>\n<meta name=\"robots\" content=\"index, follow, max-snippet:-1, max-image-preview:large, max-video-preview:-1\" \/>\n<meta property=\"og:locale\" content=\"ca_ES\" \/>\n<meta property=\"og:type\" content=\"article\" \/>\n<meta property=\"og:title\" content=\"Aumento de enc\u00eda queratinizada - Implantes de largo plazo | Avinent\" \/>\n<meta property=\"og:description\" content=\"En doctor Julen Arocena nos cuenta como llev\u00f3 a cabo un aumento de enc\u00eda queratinizada en sectores posteriores mandibulares, para conseguir estabilidad de los tratamientos con implantes a largo plazo.\" \/>\n<meta property=\"og:url\" content=\"https:\/\/avinent.wwwarcelona.net\/blog\/aumento-encia-queratinizada\/\" \/>\n<meta property=\"og:site_name\" content=\"Avinent\" \/>\n<meta property=\"article:published_time\" content=\"2022-12-16T15:10:23+00:00\" \/>\n<meta property=\"article:modified_time\" content=\"2024-11-20T10:36:25+00:00\" \/>\n<meta property=\"og:image\" content=\"https:\/\/avinent.wwwarcelona.net\/wp-content\/uploads\/2022\/12\/banner.jpg\" \/>\n\t<meta property=\"og:image:width\" content=\"2000\" \/>\n\t<meta property=\"og:image:height\" content=\"800\" \/>\n\t<meta property=\"og:image:type\" content=\"image\/jpeg\" \/>\n<meta name=\"author\" content=\"wwwarcelona\" \/>\n<meta name=\"twitter:card\" content=\"summary_large_image\" \/>\n<meta name=\"twitter:label1\" content=\"Escrit per\" \/>\n\t<meta name=\"twitter:data1\" content=\"wwwarcelona\" \/>\n\t<meta name=\"twitter:label2\" content=\"Temps estimat de lectura\" \/>\n\t<meta name=\"twitter:data2\" content=\"10 minuts\" \/>\n<script type=\"application\/ld+json\" class=\"yoast-schema-graph\">{\"@context\":\"https:\/\/schema.org\",\"@graph\":[{\"@type\":\"Article\",\"@id\":\"https:\/\/avinent.wwwarcelona.net\/blog\/aumento-encia-queratinizada\/#article\",\"isPartOf\":{\"@id\":\"https:\/\/avinent.wwwarcelona.net\/blog\/aumento-encia-queratinizada\/\"},\"author\":{\"name\":\"wwwarcelona\",\"@id\":\"https:\/\/avinent.com\/#\/schema\/person\/36b86133d985ef99a16d3a953381b494\"},\"headline\":\"Aumento de enc\u00eda queratinizada en sectores posteriores mandibulares para conseguir estabilidad de los tratamientos con implantes a largo plazo\",\"datePublished\":\"2022-12-16T15:10:23+00:00\",\"dateModified\":\"2024-11-20T10:36:25+00:00\",\"mainEntityOfPage\":{\"@id\":\"https:\/\/avinent.wwwarcelona.net\/blog\/aumento-encia-queratinizada\/\"},\"wordCount\":1960,\"publisher\":{\"@id\":\"https:\/\/avinent.com\/#organization\"},\"image\":{\"@id\":\"https:\/\/avinent.wwwarcelona.net\/blog\/aumento-encia-queratinizada\/#primaryimage\"},\"thumbnailUrl\":\"https:\/\/avinent.com\/wp-content\/uploads\/2022\/12\/banner.jpg\",\"keywords\":[\"Implante OCEAN\"],\"articleSection\":[\"Casos Cl\u00ednicos\"],\"inLanguage\":\"ca\"},{\"@type\":\"WebPage\",\"@id\":\"https:\/\/avinent.wwwarcelona.net\/blog\/aumento-encia-queratinizada\/\",\"url\":\"https:\/\/avinent.wwwarcelona.net\/blog\/aumento-encia-queratinizada\/\",\"name\":\"Aumento de enc\u00eda queratinizada - Implantes de largo plazo | Avinent\",\"isPartOf\":{\"@id\":\"https:\/\/avinent.com\/#website\"},\"primaryImageOfPage\":{\"@id\":\"https:\/\/avinent.wwwarcelona.net\/blog\/aumento-encia-queratinizada\/#primaryimage\"},\"image\":{\"@id\":\"https:\/\/avinent.wwwarcelona.net\/blog\/aumento-encia-queratinizada\/#primaryimage\"},\"thumbnailUrl\":\"https:\/\/avinent.com\/wp-content\/uploads\/2022\/12\/banner.jpg\",\"datePublished\":\"2022-12-16T15:10:23+00:00\",\"dateModified\":\"2024-11-20T10:36:25+00:00\",\"description\":\"En doctor Julen Arocena nos cuenta como llev\u00f3 a cabo un aumento de enc\u00eda queratinizada en sectores posteriores mandibulares, para conseguir estabilidad de los tratamientos con implantes a largo plazo.\",\"breadcrumb\":{\"@id\":\"https:\/\/avinent.wwwarcelona.net\/blog\/aumento-encia-queratinizada\/#breadcrumb\"},\"inLanguage\":\"ca\",\"potentialAction\":[{\"@type\":\"ReadAction\",\"target\":[\"https:\/\/avinent.wwwarcelona.net\/blog\/aumento-encia-queratinizada\/\"]}]},{\"@type\":\"ImageObject\",\"inLanguage\":\"ca\",\"@id\":\"https:\/\/avinent.wwwarcelona.net\/blog\/aumento-encia-queratinizada\/#primaryimage\",\"url\":\"https:\/\/avinent.com\/wp-content\/uploads\/2022\/12\/banner.jpg\",\"contentUrl\":\"https:\/\/avinent.com\/wp-content\/uploads\/2022\/12\/banner.jpg\",\"width\":2000,\"height\":800,\"caption\":\"\"},{\"@type\":\"BreadcrumbList\",\"@id\":\"https:\/\/avinent.wwwarcelona.net\/blog\/aumento-encia-queratinizada\/#breadcrumb\",\"itemListElement\":[{\"@type\":\"ListItem\",\"position\":1,\"name\":\"Portada\",\"item\":\"https:\/\/avinent.com\/ca\/home\/\"},{\"@type\":\"ListItem\",\"position\":2,\"name\":\"Aumento de enc\u00eda queratinizada en sectores posteriores mandibulares para conseguir estabilidad de los tratamientos con implantes a largo plazo\"}]},{\"@type\":\"WebSite\",\"@id\":\"https:\/\/avinent.com\/#website\",\"url\":\"https:\/\/avinent.com\/\",\"name\":\"Avinent\",\"description\":\"Todas las soluciones m\u00e9dicas y dentales\",\"publisher\":{\"@id\":\"https:\/\/avinent.com\/#organization\"},\"potentialAction\":[{\"@type\":\"SearchAction\",\"target\":{\"@type\":\"EntryPoint\",\"urlTemplate\":\"https:\/\/avinent.com\/?s={search_term_string}\"},\"query-input\":{\"@type\":\"PropertyValueSpecification\",\"valueRequired\":true,\"valueName\":\"search_term_string\"}}],\"inLanguage\":\"ca\"},{\"@type\":\"Organization\",\"@id\":\"https:\/\/avinent.com\/#organization\",\"name\":\"Avinent\",\"url\":\"https:\/\/avinent.com\/\",\"logo\":{\"@type\":\"ImageObject\",\"inLanguage\":\"ca\",\"@id\":\"https:\/\/avinent.com\/#\/schema\/logo\/image\/\",\"url\":\"https:\/\/avinent.com\/wp-content\/uploads\/2021\/10\/cropped-9216650250dc9798b51ff14a0e1c16c7.png\",\"contentUrl\":\"https:\/\/avinent.com\/wp-content\/uploads\/2021\/10\/cropped-9216650250dc9798b51ff14a0e1c16c7.png\",\"width\":122,\"height\":79,\"caption\":\"Avinent\"},\"image\":{\"@id\":\"https:\/\/avinent.com\/#\/schema\/logo\/image\/\"}},{\"@type\":\"Person\",\"@id\":\"https:\/\/avinent.com\/#\/schema\/person\/36b86133d985ef99a16d3a953381b494\",\"name\":\"wwwarcelona\",\"image\":{\"@type\":\"ImageObject\",\"inLanguage\":\"ca\",\"@id\":\"https:\/\/avinent.com\/#\/schema\/person\/image\/\",\"url\":\"https:\/\/secure.gravatar.com\/avatar\/22c6e61b197bfcfe682559e4aa8d3534?s=96&d=mm&r=g\",\"contentUrl\":\"https:\/\/secure.gravatar.com\/avatar\/22c6e61b197bfcfe682559e4aa8d3534?s=96&d=mm&r=g\",\"caption\":\"wwwarcelona\"}}]}<\/script>\n<!-- \/ Yoast SEO plugin. -->","yoast_head_json":{"title":"Aumento de enc\u00eda queratinizada - Implantes de largo plazo | Avinent","description":"En doctor Julen Arocena nos cuenta como llev\u00f3 a cabo un aumento de enc\u00eda queratinizada en sectores posteriores mandibulares, para conseguir estabilidad de los tratamientos con implantes a largo plazo.","robots":{"index":"index","follow":"follow","max-snippet":"max-snippet:-1","max-image-preview":"max-image-preview:large","max-video-preview":"max-video-preview:-1"},"og_locale":"ca_ES","og_type":"article","og_title":"Aumento de enc\u00eda queratinizada - Implantes de largo plazo | Avinent","og_description":"En doctor Julen Arocena nos cuenta como llev\u00f3 a cabo un aumento de enc\u00eda queratinizada en sectores posteriores mandibulares, para conseguir estabilidad de los tratamientos con implantes a largo plazo.","og_url":"https:\/\/avinent.wwwarcelona.net\/blog\/aumento-encia-queratinizada\/","og_site_name":"Avinent","article_published_time":"2022-12-16T15:10:23+00:00","article_modified_time":"2024-11-20T10:36:25+00:00","og_image":[{"width":2000,"height":800,"url":"https:\/\/avinent.wwwarcelona.net\/wp-content\/uploads\/2022\/12\/banner.jpg","type":"image\/jpeg"}],"author":"wwwarcelona","twitter_card":"summary_large_image","twitter_misc":{"Escrit per":"wwwarcelona","Temps estimat de lectura":"10 minuts"},"schema":{"@context":"https:\/\/schema.org","@graph":[{"@type":"Article","@id":"https:\/\/avinent.wwwarcelona.net\/blog\/aumento-encia-queratinizada\/#article","isPartOf":{"@id":"https:\/\/avinent.wwwarcelona.net\/blog\/aumento-encia-queratinizada\/"},"author":{"name":"wwwarcelona","@id":"https:\/\/avinent.com\/#\/schema\/person\/36b86133d985ef99a16d3a953381b494"},"headline":"Aumento de enc\u00eda queratinizada en sectores posteriores mandibulares para conseguir estabilidad de los tratamientos con implantes a largo plazo","datePublished":"2022-12-16T15:10:23+00:00","dateModified":"2024-11-20T10:36:25+00:00","mainEntityOfPage":{"@id":"https:\/\/avinent.wwwarcelona.net\/blog\/aumento-encia-queratinizada\/"},"wordCount":1960,"publisher":{"@id":"https:\/\/avinent.com\/#organization"},"image":{"@id":"https:\/\/avinent.wwwarcelona.net\/blog\/aumento-encia-queratinizada\/#primaryimage"},"thumbnailUrl":"https:\/\/avinent.com\/wp-content\/uploads\/2022\/12\/banner.jpg","keywords":["Implante OCEAN"],"articleSection":["Casos Cl\u00ednicos"],"inLanguage":"ca"},{"@type":"WebPage","@id":"https:\/\/avinent.wwwarcelona.net\/blog\/aumento-encia-queratinizada\/","url":"https:\/\/avinent.wwwarcelona.net\/blog\/aumento-encia-queratinizada\/","name":"Aumento de enc\u00eda queratinizada - Implantes de largo plazo | Avinent","isPartOf":{"@id":"https:\/\/avinent.com\/#website"},"primaryImageOfPage":{"@id":"https:\/\/avinent.wwwarcelona.net\/blog\/aumento-encia-queratinizada\/#primaryimage"},"image":{"@id":"https:\/\/avinent.wwwarcelona.net\/blog\/aumento-encia-queratinizada\/#primaryimage"},"thumbnailUrl":"https:\/\/avinent.com\/wp-content\/uploads\/2022\/12\/banner.jpg","datePublished":"2022-12-16T15:10:23+00:00","dateModified":"2024-11-20T10:36:25+00:00","description":"En doctor Julen Arocena nos cuenta como llev\u00f3 a cabo un aumento de enc\u00eda queratinizada en sectores posteriores mandibulares, para conseguir estabilidad de los tratamientos con implantes a largo plazo.","breadcrumb":{"@id":"https:\/\/avinent.wwwarcelona.net\/blog\/aumento-encia-queratinizada\/#breadcrumb"},"inLanguage":"ca","potentialAction":[{"@type":"ReadAction","target":["https:\/\/avinent.wwwarcelona.net\/blog\/aumento-encia-queratinizada\/"]}]},{"@type":"ImageObject","inLanguage":"ca","@id":"https:\/\/avinent.wwwarcelona.net\/blog\/aumento-encia-queratinizada\/#primaryimage","url":"https:\/\/avinent.com\/wp-content\/uploads\/2022\/12\/banner.jpg","contentUrl":"https:\/\/avinent.com\/wp-content\/uploads\/2022\/12\/banner.jpg","width":2000,"height":800,"caption":""},{"@type":"BreadcrumbList","@id":"https:\/\/avinent.wwwarcelona.net\/blog\/aumento-encia-queratinizada\/#breadcrumb","itemListElement":[{"@type":"ListItem","position":1,"name":"Portada","item":"https:\/\/avinent.com\/ca\/home\/"},{"@type":"ListItem","position":2,"name":"Aumento de enc\u00eda queratinizada en sectores posteriores mandibulares para conseguir estabilidad de los tratamientos con implantes a largo plazo"}]},{"@type":"WebSite","@id":"https:\/\/avinent.com\/#website","url":"https:\/\/avinent.com\/","name":"Avinent","description":"Todas las soluciones m\u00e9dicas y dentales","publisher":{"@id":"https:\/\/avinent.com\/#organization"},"potentialAction":[{"@type":"SearchAction","target":{"@type":"EntryPoint","urlTemplate":"https:\/\/avinent.com\/?s={search_term_string}"},"query-input":{"@type":"PropertyValueSpecification","valueRequired":true,"valueName":"search_term_string"}}],"inLanguage":"ca"},{"@type":"Organization","@id":"https:\/\/avinent.com\/#organization","name":"Avinent","url":"https:\/\/avinent.com\/","logo":{"@type":"ImageObject","inLanguage":"ca","@id":"https:\/\/avinent.com\/#\/schema\/logo\/image\/","url":"https:\/\/avinent.com\/wp-content\/uploads\/2021\/10\/cropped-9216650250dc9798b51ff14a0e1c16c7.png","contentUrl":"https:\/\/avinent.com\/wp-content\/uploads\/2021\/10\/cropped-9216650250dc9798b51ff14a0e1c16c7.png","width":122,"height":79,"caption":"Avinent"},"image":{"@id":"https:\/\/avinent.com\/#\/schema\/logo\/image\/"}},{"@type":"Person","@id":"https:\/\/avinent.com\/#\/schema\/person\/36b86133d985ef99a16d3a953381b494","name":"wwwarcelona","image":{"@type":"ImageObject","inLanguage":"ca","@id":"https:\/\/avinent.com\/#\/schema\/person\/image\/","url":"https:\/\/secure.gravatar.com\/avatar\/22c6e61b197bfcfe682559e4aa8d3534?s=96&d=mm&r=g","contentUrl":"https:\/\/secure.gravatar.com\/avatar\/22c6e61b197bfcfe682559e4aa8d3534?s=96&d=mm&r=g","caption":"wwwarcelona"}}]}},"_links":{"self":[{"href":"https:\/\/avinent.com\/ca\/wp-json\/wp\/v2\/posts\/6032","targetHints":{"allow":["GET"]}}],"collection":[{"href":"https:\/\/avinent.com\/ca\/wp-json\/wp\/v2\/posts"}],"about":[{"href":"https:\/\/avinent.com\/ca\/wp-json\/wp\/v2\/types\/post"}],"author":[{"embeddable":true,"href":"https:\/\/avinent.com\/ca\/wp-json\/wp\/v2\/users\/2"}],"replies":[{"embeddable":true,"href":"https:\/\/avinent.com\/ca\/wp-json\/wp\/v2\/comments?post=6032"}],"version-history":[{"count":1,"href":"https:\/\/avinent.com\/ca\/wp-json\/wp\/v2\/posts\/6032\/revisions"}],"predecessor-version":[{"id":14521,"href":"https:\/\/avinent.com\/ca\/wp-json\/wp\/v2\/posts\/6032\/revisions\/14521"}],"wp:featuredmedia":[{"embeddable":true,"href":"https:\/\/avinent.com\/ca\/wp-json\/wp\/v2\/media\/7030"}],"wp:attachment":[{"href":"https:\/\/avinent.com\/ca\/wp-json\/wp\/v2\/media?parent=6032"}],"wp:term":[{"taxonomy":"category","embeddable":true,"href":"https:\/\/avinent.com\/ca\/wp-json\/wp\/v2\/categories?post=6032"},{"taxonomy":"post_tag","embeddable":true,"href":"https:\/\/avinent.com\/ca\/wp-json\/wp\/v2\/tags?post=6032"},{"taxonomy":"profesional_medics","embeddable":true,"href":"https:\/\/avinent.com\/ca\/wp-json\/wp\/v2\/profesional_medics?post=6032"},{"taxonomy":"segments","embeddable":true,"href":"https:\/\/avinent.com\/ca\/wp-json\/wp\/v2\/segment?post=6032"}],"curies":[{"name":"wp","href":"https:\/\/api.w.org\/{rel}","templated":true}]}}