{"id":7453,"date":"2023-05-29T12:53:12","date_gmt":"2023-05-29T10:53:12","guid":{"rendered":"http:\/\/www.avinent.com\/?p=7453"},"modified":"2024-11-20T10:27:28","modified_gmt":"2024-11-20T09:27:28","slug":"formacion-practica-operarios-produccion-2","status":"publish","type":"post","link":"https:\/\/avinent.com\/ca\/blog\/formacion-practica-operarios-produccion-2\/","title":{"rendered":"Avinent apuesta por la formaci\u00f3n pr\u00e1ctica para sus operarios\/as de producci\u00f3n"},"content":{"rendered":"\n\t\t\t\t\n<p>Avinent Group, l\u00edder en su sector, anuncia su en\u00e9rgica apuesta por la <strong>formaci\u00f3n pr\u00e1ctica dirigida a los trabajadores y trabajadoras de f\u00e1brica<\/strong> de la divisi\u00f3n m\u00e9dica (Avinent Implant System, CAD CAM, CMF y Orthodontics) y de la divisi\u00f3n industrial (Vilardell Purti).<br><br>Consciente de la importancia de la capacitaci\u00f3n continua y el desarrollo profesional, Avinent Group ha implementado <strong>un programa integral de formaci\u00f3n que garantiza el crecimiento y la adquisici\u00f3n de habilidades pr\u00e1cticas por parte de sus empleados de f\u00e1brica<\/strong>. <\/p>\n\n\n\n<blockquote class=\"wp-block-quote is-layout-flow wp-block-quote-is-layout-flow\"><p><small>La formaci\u00f3n se realizar\u00e1 a un total de 175 personas aproximadamente, empezando por la secci\u00f3n de CNC (turnos de control num\u00e9rico) y siguiendo con otras secciones que componen la planta productiva de la empresa. Adem\u00e1s, cada formaci\u00f3n se dise\u00f1a de forma personalizada para cada una de las secciones.<\/small><\/p><cite>Seg\u00fan especificaciones de Eugeni Lorenzana, Director de RRHH del Grupo<\/cite><\/blockquote>\n\n\n\n<figure class=\"wp-block-image\"><img fetchpriority=\"high\" decoding=\"async\" width=\"800\" height=\"534\" src=\"https:\/\/avinent.com\/wp-content\/uploads\/2024\/11\/Blog-Imatges-articles-3.jpg\" alt=\"\" class=\"wp-image-7460\"\/><figcaption>Las formaciones se realizan en grupos reducidos, con sesiones de un d\u00eda a la semana y durante diez semanas consecutivas, con un total de 30 horas de formaci\u00f3n en cada secci\u00f3n. <\/figcaption><\/figure>\n\n\n\n<div style=\"height:10px\" aria-hidden=\"true\" class=\"wp-block-spacer\"><\/div>\n\n\n\n<p>La compa\u00f1\u00eda y el <strong><em>Centro de Formaci\u00f3n Pr\u00e1ctica<\/em><\/strong>, como partner, han creado el plan formativo que combina sesiones te\u00f3ricas con una amplia variedad de actividades pr\u00e1cticas que permiten a los empleados <strong>aplicar los conocimientos adquiridos en situaciones reales de trabajo<\/strong>. Desde el manejo de maquinaria especializada hasta la implementaci\u00f3n de t\u00e9cnicas de producci\u00f3n eficientes, el programa abarca diversas \u00e1reas para garantizar una formaci\u00f3n integral.<\/p>\n\n\n\n<div style=\"height:25px\" aria-hidden=\"true\" class=\"wp-block-spacer\"><\/div>\n\n\n\n<h3 class=\"wp-block-heading\">La formaci\u00f3n pr\u00e1ctica es fundamental para estar en la vanguardia de la industria<\/h3>\n\n\n\n<p>Adaptarse a los r\u00e1pidos cambios tecnol\u00f3gicos del mercado y apostar por la innovaci\u00f3n, siempre ha sido uno de los valores de Avinent. Y en esta ocasi\u00f3n, se ha reconocido la necesidad de invertir recursos significativos en la creaci\u00f3n de un programa formativo que se enfoca en<strong> mejorar las habilidades t\u00e9cnicas y pr\u00e1cticas de los trabajadores de f\u00e1brica<\/strong>.<\/p>\n\n\n\n<figure class=\"wp-block-image\"><img decoding=\"async\" width=\"800\" height=\"534\" src=\"https:\/\/avinent.com\/wp-content\/uploads\/2024\/11\/Blog-Imatges-articles-1-1.jpg\" alt=\"\" class=\"wp-image-7461\"\/><\/figure>\n\n\n\n<p>Al invertir en el desarrollo de habilidades pr\u00e1cticas, Avinent asegura que los operarios y operarias de producci\u00f3n se mantengan actualizados en las \u00faltimas t\u00e9cnicas y tecnolog\u00edas, permitiendo a la vez <strong>ofrecer productos y servicios de m\u00e1s alta calidad a los clientes<\/strong>.<\/p>\n\n\n\n<blockquote class=\"wp-block-quote is-layout-flow wp-block-quote-is-layout-flow\"><p><small>Reconocemos que nuestros empleados son el pilar fundamental de nuestro \u00e9xito. Por eso, estamos comprometidos en el desarrollo y crecimiento profesional, y la formaci\u00f3n pr\u00e1ctica es parte esencial de este proceso.<\/small><\/p><cite>Afirma el Director de RRHH, Eugeni Lorenzana.<\/cite><\/blockquote>\n\n\n\n<div style=\"height:20px\" aria-hidden=\"true\" class=\"wp-block-spacer\"><\/div>\n\n\n\n<p>Avinent Group reafirma su <strong>compromiso de seguir invirtiendo en la formaci\u00f3n pr\u00e1ctica de sus empleados<\/strong> de f\u00e1brica y continuar proporcionando oportunidades de desarrollo profesional.<\/p>\n\n\n\n<p>A trav\u00e9s de esta apuesta, Avinent est\u00e1 forjando un futuro s\u00f3lido para sus empleados, fomentando la cultura corporativa, y consolidando su posici\u00f3n como l\u00edder en la industria.<\/p>\n\n\n\n<div style=\"height:20px\" aria-hidden=\"true\" class=\"wp-block-spacer\"><\/div>\n\n\n\n<p style=\"text-align:center\"><strong>\u00bfQuieres unirte al equipo Avinent?<\/strong><\/p>\n\n\n\n<div class=\"wp-block-button aligncenter is-style-outline is-style-outline--1\"><a class=\"wp-block-button__link\" href=\"https:\/\/www.avinent.com\/trabaja-con-nosotros\/?utm_source=Web&amp;utm_medium=Organic&amp;utm_term=&amp;utm_content=&amp;utm_campaign=NP\">Descubre las ofertas laborales<\/a><\/div>\n\t\t","protected":false},"excerpt":{"rendered":"<p>\t\t\t\tUn programa integral de formaci\u00f3n que mejora las habilidades t\u00e9cnicas y pr\u00e1cticas de los empleados, la calidad de los productos y la cultura corporativa de la empresa.\t\t<\/p>\n","protected":false},"author":2,"featured_media":7459,"comment_status":"closed","ping_status":"closed","sticky":false,"template":"","format":"standard","meta":{"_acf_changed":false,"inline_featured_image":false,"footnotes":""},"categories":[38],"tags":[],"profesional_medics":[],"segment":[],"class_list":["post-7453","post","type-post","status-publish","format-standard","has-post-thumbnail","hentry","category-actualidad"],"acf":[],"yoast_head":"<!-- This site is optimized with the Yoast SEO plugin v26.8 - https:\/\/yoast.com\/product\/yoast-seo-wordpress\/ -->\n<title>Avinent organiza un consenso | Implantes Subperi\u00f3sticos Personalizados<\/title>\n<meta name=\"description\" content=\"Se re\u00fanen expertos del campo de la cirug\u00eda maxilofacial para avanzar en la utilizaci\u00f3n de los Implantes Subperi\u00f3sticos Personalizados. Descubre Avinent CMF.\" \/>\n<meta name=\"robots\" content=\"index, follow, max-snippet:-1, max-image-preview:large, max-video-preview:-1\" \/>\n<meta property=\"og:locale\" content=\"ca_ES\" \/>\n<meta property=\"og:type\" content=\"article\" \/>\n<meta property=\"og:title\" content=\"Avinent organiza un consenso | Implantes Subperi\u00f3sticos Personalizados\" \/>\n<meta property=\"og:description\" content=\"Se re\u00fanen expertos del campo de la cirug\u00eda maxilofacial para avanzar en la utilizaci\u00f3n de los Implantes Subperi\u00f3sticos Personalizados. Descubre Avinent CMF.\" \/>\n<meta property=\"og:url\" content=\"https:\/\/avinent.wwwarcelona.net\/blog\/formacion-practica-operarios-produccion-2\/\" \/>\n<meta property=\"og:site_name\" content=\"Avinent\" \/>\n<meta property=\"article:published_time\" content=\"2023-05-29T10:53:12+00:00\" \/>\n<meta property=\"article:modified_time\" content=\"2024-11-20T09:27:28+00:00\" \/>\n<meta property=\"og:image\" content=\"https:\/\/avinent.wwwarcelona.net\/wp-content\/uploads\/2023\/05\/Blog_Banner-articles-Avinent-1.jpg\" \/>\n\t<meta property=\"og:image:width\" content=\"1440\" \/>\n\t<meta property=\"og:image:height\" content=\"586\" \/>\n\t<meta property=\"og:image:type\" content=\"image\/jpeg\" \/>\n<meta name=\"author\" content=\"wwwarcelona\" \/>\n<meta name=\"twitter:card\" content=\"summary_large_image\" \/>\n<meta name=\"twitter:label1\" content=\"Escrit per\" \/>\n\t<meta name=\"twitter:data1\" content=\"wwwarcelona\" \/>\n\t<meta name=\"twitter:label2\" content=\"Temps estimat de lectura\" \/>\n\t<meta name=\"twitter:data2\" content=\"2 minuts\" \/>\n<script type=\"application\/ld+json\" class=\"yoast-schema-graph\">{\"@context\":\"https:\/\/schema.org\",\"@graph\":[{\"@type\":\"Article\",\"@id\":\"https:\/\/avinent.wwwarcelona.net\/blog\/formacion-practica-operarios-produccion-2\/#article\",\"isPartOf\":{\"@id\":\"https:\/\/avinent.wwwarcelona.net\/blog\/formacion-practica-operarios-produccion-2\/\"},\"author\":{\"name\":\"wwwarcelona\",\"@id\":\"https:\/\/avinent.com\/#\/schema\/person\/36b86133d985ef99a16d3a953381b494\"},\"headline\":\"Avinent apuesta por la formaci\u00f3n pr\u00e1ctica para sus operarios\/as de producci\u00f3n\",\"datePublished\":\"2023-05-29T10:53:12+00:00\",\"dateModified\":\"2024-11-20T09:27:28+00:00\",\"mainEntityOfPage\":{\"@id\":\"https:\/\/avinent.wwwarcelona.net\/blog\/formacion-practica-operarios-produccion-2\/\"},\"wordCount\":510,\"publisher\":{\"@id\":\"https:\/\/avinent.com\/#organization\"},\"image\":{\"@id\":\"https:\/\/avinent.wwwarcelona.net\/blog\/formacion-practica-operarios-produccion-2\/#primaryimage\"},\"thumbnailUrl\":\"https:\/\/avinent.com\/wp-content\/uploads\/2023\/05\/Blog_Banner-articles-Avinent-1.jpg\",\"articleSection\":[\"Actualidad\"],\"inLanguage\":\"ca\"},{\"@type\":\"WebPage\",\"@id\":\"https:\/\/avinent.wwwarcelona.net\/blog\/formacion-practica-operarios-produccion-2\/\",\"url\":\"https:\/\/avinent.wwwarcelona.net\/blog\/formacion-practica-operarios-produccion-2\/\",\"name\":\"Avinent organiza un consenso | Implantes Subperi\u00f3sticos Personalizados\",\"isPartOf\":{\"@id\":\"https:\/\/avinent.com\/#website\"},\"primaryImageOfPage\":{\"@id\":\"https:\/\/avinent.wwwarcelona.net\/blog\/formacion-practica-operarios-produccion-2\/#primaryimage\"},\"image\":{\"@id\":\"https:\/\/avinent.wwwarcelona.net\/blog\/formacion-practica-operarios-produccion-2\/#primaryimage\"},\"thumbnailUrl\":\"https:\/\/avinent.com\/wp-content\/uploads\/2023\/05\/Blog_Banner-articles-Avinent-1.jpg\",\"datePublished\":\"2023-05-29T10:53:12+00:00\",\"dateModified\":\"2024-11-20T09:27:28+00:00\",\"description\":\"Se re\u00fanen expertos del campo de la cirug\u00eda maxilofacial para avanzar en la utilizaci\u00f3n de los Implantes Subperi\u00f3sticos Personalizados. Descubre Avinent CMF.\",\"breadcrumb\":{\"@id\":\"https:\/\/avinent.wwwarcelona.net\/blog\/formacion-practica-operarios-produccion-2\/#breadcrumb\"},\"inLanguage\":\"ca\",\"potentialAction\":[{\"@type\":\"ReadAction\",\"target\":[\"https:\/\/avinent.wwwarcelona.net\/blog\/formacion-practica-operarios-produccion-2\/\"]}]},{\"@type\":\"ImageObject\",\"inLanguage\":\"ca\",\"@id\":\"https:\/\/avinent.wwwarcelona.net\/blog\/formacion-practica-operarios-produccion-2\/#primaryimage\",\"url\":\"https:\/\/avinent.com\/wp-content\/uploads\/2023\/05\/Blog_Banner-articles-Avinent-1.jpg\",\"contentUrl\":\"https:\/\/avinent.com\/wp-content\/uploads\/2023\/05\/Blog_Banner-articles-Avinent-1.jpg\",\"width\":1440,\"height\":586,\"caption\":\"\"},{\"@type\":\"BreadcrumbList\",\"@id\":\"https:\/\/avinent.wwwarcelona.net\/blog\/formacion-practica-operarios-produccion-2\/#breadcrumb\",\"itemListElement\":[{\"@type\":\"ListItem\",\"position\":1,\"name\":\"Portada\",\"item\":\"https:\/\/avinent.com\/ca\/home\/\"},{\"@type\":\"ListItem\",\"position\":2,\"name\":\"Avinent apuesta por la formaci\u00f3n pr\u00e1ctica para sus operarios\/as de producci\u00f3n\"}]},{\"@type\":\"WebSite\",\"@id\":\"https:\/\/avinent.com\/#website\",\"url\":\"https:\/\/avinent.com\/\",\"name\":\"Avinent\",\"description\":\"Todas las soluciones m\u00e9dicas y dentales\",\"publisher\":{\"@id\":\"https:\/\/avinent.com\/#organization\"},\"potentialAction\":[{\"@type\":\"SearchAction\",\"target\":{\"@type\":\"EntryPoint\",\"urlTemplate\":\"https:\/\/avinent.com\/?s={search_term_string}\"},\"query-input\":{\"@type\":\"PropertyValueSpecification\",\"valueRequired\":true,\"valueName\":\"search_term_string\"}}],\"inLanguage\":\"ca\"},{\"@type\":\"Organization\",\"@id\":\"https:\/\/avinent.com\/#organization\",\"name\":\"Avinent\",\"url\":\"https:\/\/avinent.com\/\",\"logo\":{\"@type\":\"ImageObject\",\"inLanguage\":\"ca\",\"@id\":\"https:\/\/avinent.com\/#\/schema\/logo\/image\/\",\"url\":\"https:\/\/avinent.com\/wp-content\/uploads\/2021\/10\/cropped-9216650250dc9798b51ff14a0e1c16c7.png\",\"contentUrl\":\"https:\/\/avinent.com\/wp-content\/uploads\/2021\/10\/cropped-9216650250dc9798b51ff14a0e1c16c7.png\",\"width\":122,\"height\":79,\"caption\":\"Avinent\"},\"image\":{\"@id\":\"https:\/\/avinent.com\/#\/schema\/logo\/image\/\"}},{\"@type\":\"Person\",\"@id\":\"https:\/\/avinent.com\/#\/schema\/person\/36b86133d985ef99a16d3a953381b494\",\"name\":\"wwwarcelona\",\"image\":{\"@type\":\"ImageObject\",\"inLanguage\":\"ca\",\"@id\":\"https:\/\/avinent.com\/#\/schema\/person\/image\/\",\"url\":\"https:\/\/secure.gravatar.com\/avatar\/22c6e61b197bfcfe682559e4aa8d3534?s=96&d=mm&r=g\",\"contentUrl\":\"https:\/\/secure.gravatar.com\/avatar\/22c6e61b197bfcfe682559e4aa8d3534?s=96&d=mm&r=g\",\"caption\":\"wwwarcelona\"}}]}<\/script>\n<!-- \/ Yoast SEO plugin. -->","yoast_head_json":{"title":"Avinent organiza un consenso | Implantes Subperi\u00f3sticos Personalizados","description":"Se re\u00fanen expertos del campo de la cirug\u00eda maxilofacial para avanzar en la utilizaci\u00f3n de los Implantes Subperi\u00f3sticos Personalizados. Descubre Avinent CMF.","robots":{"index":"index","follow":"follow","max-snippet":"max-snippet:-1","max-image-preview":"max-image-preview:large","max-video-preview":"max-video-preview:-1"},"og_locale":"ca_ES","og_type":"article","og_title":"Avinent organiza un consenso | Implantes Subperi\u00f3sticos Personalizados","og_description":"Se re\u00fanen expertos del campo de la cirug\u00eda maxilofacial para avanzar en la utilizaci\u00f3n de los Implantes Subperi\u00f3sticos Personalizados. Descubre Avinent CMF.","og_url":"https:\/\/avinent.wwwarcelona.net\/blog\/formacion-practica-operarios-produccion-2\/","og_site_name":"Avinent","article_published_time":"2023-05-29T10:53:12+00:00","article_modified_time":"2024-11-20T09:27:28+00:00","og_image":[{"width":1440,"height":586,"url":"https:\/\/avinent.wwwarcelona.net\/wp-content\/uploads\/2023\/05\/Blog_Banner-articles-Avinent-1.jpg","type":"image\/jpeg"}],"author":"wwwarcelona","twitter_card":"summary_large_image","twitter_misc":{"Escrit per":"wwwarcelona","Temps estimat de lectura":"2 minuts"},"schema":{"@context":"https:\/\/schema.org","@graph":[{"@type":"Article","@id":"https:\/\/avinent.wwwarcelona.net\/blog\/formacion-practica-operarios-produccion-2\/#article","isPartOf":{"@id":"https:\/\/avinent.wwwarcelona.net\/blog\/formacion-practica-operarios-produccion-2\/"},"author":{"name":"wwwarcelona","@id":"https:\/\/avinent.com\/#\/schema\/person\/36b86133d985ef99a16d3a953381b494"},"headline":"Avinent apuesta por la formaci\u00f3n pr\u00e1ctica para sus operarios\/as de producci\u00f3n","datePublished":"2023-05-29T10:53:12+00:00","dateModified":"2024-11-20T09:27:28+00:00","mainEntityOfPage":{"@id":"https:\/\/avinent.wwwarcelona.net\/blog\/formacion-practica-operarios-produccion-2\/"},"wordCount":510,"publisher":{"@id":"https:\/\/avinent.com\/#organization"},"image":{"@id":"https:\/\/avinent.wwwarcelona.net\/blog\/formacion-practica-operarios-produccion-2\/#primaryimage"},"thumbnailUrl":"https:\/\/avinent.com\/wp-content\/uploads\/2023\/05\/Blog_Banner-articles-Avinent-1.jpg","articleSection":["Actualidad"],"inLanguage":"ca"},{"@type":"WebPage","@id":"https:\/\/avinent.wwwarcelona.net\/blog\/formacion-practica-operarios-produccion-2\/","url":"https:\/\/avinent.wwwarcelona.net\/blog\/formacion-practica-operarios-produccion-2\/","name":"Avinent organiza un consenso | Implantes Subperi\u00f3sticos Personalizados","isPartOf":{"@id":"https:\/\/avinent.com\/#website"},"primaryImageOfPage":{"@id":"https:\/\/avinent.wwwarcelona.net\/blog\/formacion-practica-operarios-produccion-2\/#primaryimage"},"image":{"@id":"https:\/\/avinent.wwwarcelona.net\/blog\/formacion-practica-operarios-produccion-2\/#primaryimage"},"thumbnailUrl":"https:\/\/avinent.com\/wp-content\/uploads\/2023\/05\/Blog_Banner-articles-Avinent-1.jpg","datePublished":"2023-05-29T10:53:12+00:00","dateModified":"2024-11-20T09:27:28+00:00","description":"Se re\u00fanen expertos del campo de la cirug\u00eda maxilofacial para avanzar en la utilizaci\u00f3n de los Implantes Subperi\u00f3sticos Personalizados. Descubre Avinent CMF.","breadcrumb":{"@id":"https:\/\/avinent.wwwarcelona.net\/blog\/formacion-practica-operarios-produccion-2\/#breadcrumb"},"inLanguage":"ca","potentialAction":[{"@type":"ReadAction","target":["https:\/\/avinent.wwwarcelona.net\/blog\/formacion-practica-operarios-produccion-2\/"]}]},{"@type":"ImageObject","inLanguage":"ca","@id":"https:\/\/avinent.wwwarcelona.net\/blog\/formacion-practica-operarios-produccion-2\/#primaryimage","url":"https:\/\/avinent.com\/wp-content\/uploads\/2023\/05\/Blog_Banner-articles-Avinent-1.jpg","contentUrl":"https:\/\/avinent.com\/wp-content\/uploads\/2023\/05\/Blog_Banner-articles-Avinent-1.jpg","width":1440,"height":586,"caption":""},{"@type":"BreadcrumbList","@id":"https:\/\/avinent.wwwarcelona.net\/blog\/formacion-practica-operarios-produccion-2\/#breadcrumb","itemListElement":[{"@type":"ListItem","position":1,"name":"Portada","item":"https:\/\/avinent.com\/ca\/home\/"},{"@type":"ListItem","position":2,"name":"Avinent apuesta por la formaci\u00f3n pr\u00e1ctica para sus operarios\/as de producci\u00f3n"}]},{"@type":"WebSite","@id":"https:\/\/avinent.com\/#website","url":"https:\/\/avinent.com\/","name":"Avinent","description":"Todas las soluciones m\u00e9dicas y dentales","publisher":{"@id":"https:\/\/avinent.com\/#organization"},"potentialAction":[{"@type":"SearchAction","target":{"@type":"EntryPoint","urlTemplate":"https:\/\/avinent.com\/?s={search_term_string}"},"query-input":{"@type":"PropertyValueSpecification","valueRequired":true,"valueName":"search_term_string"}}],"inLanguage":"ca"},{"@type":"Organization","@id":"https:\/\/avinent.com\/#organization","name":"Avinent","url":"https:\/\/avinent.com\/","logo":{"@type":"ImageObject","inLanguage":"ca","@id":"https:\/\/avinent.com\/#\/schema\/logo\/image\/","url":"https:\/\/avinent.com\/wp-content\/uploads\/2021\/10\/cropped-9216650250dc9798b51ff14a0e1c16c7.png","contentUrl":"https:\/\/avinent.com\/wp-content\/uploads\/2021\/10\/cropped-9216650250dc9798b51ff14a0e1c16c7.png","width":122,"height":79,"caption":"Avinent"},"image":{"@id":"https:\/\/avinent.com\/#\/schema\/logo\/image\/"}},{"@type":"Person","@id":"https:\/\/avinent.com\/#\/schema\/person\/36b86133d985ef99a16d3a953381b494","name":"wwwarcelona","image":{"@type":"ImageObject","inLanguage":"ca","@id":"https:\/\/avinent.com\/#\/schema\/person\/image\/","url":"https:\/\/secure.gravatar.com\/avatar\/22c6e61b197bfcfe682559e4aa8d3534?s=96&d=mm&r=g","contentUrl":"https:\/\/secure.gravatar.com\/avatar\/22c6e61b197bfcfe682559e4aa8d3534?s=96&d=mm&r=g","caption":"wwwarcelona"}}]}},"_links":{"self":[{"href":"https:\/\/avinent.com\/ca\/wp-json\/wp\/v2\/posts\/7453","targetHints":{"allow":["GET"]}}],"collection":[{"href":"https:\/\/avinent.com\/ca\/wp-json\/wp\/v2\/posts"}],"about":[{"href":"https:\/\/avinent.com\/ca\/wp-json\/wp\/v2\/types\/post"}],"author":[{"embeddable":true,"href":"https:\/\/avinent.com\/ca\/wp-json\/wp\/v2\/users\/2"}],"replies":[{"embeddable":true,"href":"https:\/\/avinent.com\/ca\/wp-json\/wp\/v2\/comments?post=7453"}],"version-history":[{"count":1,"href":"https:\/\/avinent.com\/ca\/wp-json\/wp\/v2\/posts\/7453\/revisions"}],"predecessor-version":[{"id":13513,"href":"https:\/\/avinent.com\/ca\/wp-json\/wp\/v2\/posts\/7453\/revisions\/13513"}],"wp:featuredmedia":[{"embeddable":true,"href":"https:\/\/avinent.com\/ca\/wp-json\/wp\/v2\/media\/7459"}],"wp:attachment":[{"href":"https:\/\/avinent.com\/ca\/wp-json\/wp\/v2\/media?parent=7453"}],"wp:term":[{"taxonomy":"category","embeddable":true,"href":"https:\/\/avinent.com\/ca\/wp-json\/wp\/v2\/categories?post=7453"},{"taxonomy":"post_tag","embeddable":true,"href":"https:\/\/avinent.com\/ca\/wp-json\/wp\/v2\/tags?post=7453"},{"taxonomy":"profesional_medics","embeddable":true,"href":"https:\/\/avinent.com\/ca\/wp-json\/wp\/v2\/profesional_medics?post=7453"},{"taxonomy":"segments","embeddable":true,"href":"https:\/\/avinent.com\/ca\/wp-json\/wp\/v2\/segment?post=7453"}],"curies":[{"name":"wp","href":"https:\/\/api.w.org\/{rel}","templated":true}]}}