{"id":8329,"date":"2023-09-14T10:11:21","date_gmt":"2023-09-14T08:11:21","guid":{"rendered":"http:\/\/www.avinent.com\/?p=8329"},"modified":"2024-11-20T10:27:05","modified_gmt":"2024-11-20T09:27:05","slug":"avinent-convencion-comercial","status":"publish","type":"post","link":"https:\/\/avinent.com\/ca\/blog\/avinent-convencion-comercial\/","title":{"rendered":"Avinent reafirma en su \u00faltima convenci\u00f3n comercial su compromiso con la innovaci\u00f3n en la salud oral y maxilofacial"},"content":{"rendered":"\n\t\t\t\t\n<p>El pasado 12 y 13 de septiembre, la sede de Avinent Group tuvo el placer de acoger a todo el equipo comercial nacional con el objetivo de realizar una jornada interna para reafirmar el prop\u00f3sito empresarial y presentar las emocionantes <strong>novedades de producto que lanzar\u00e1 a corto plazo en el mercado m\u00e9dico y dental<\/strong>.<\/p>\n\n\n\n<p style=\"color:#00afd3\" class=\"has-text-color has-medium-font-size\"><strong>Avinent re\u00fane a su equipo comercial<\/strong><\/p>\n\n\n\n<p>Las jornadas Avinent se realizan peri\u00f3dicamente para mejorar las conexiones interdepartamentales, crear uni\u00f3n y asegurar que todo el equipo se dirige al mismo lugar trazando el mismo camino.<\/p>\n\n\n\n<p style=\"color:#00afd3\" class=\"has-text-color has-medium-font-size\"><strong>Una jornada con resultados<\/strong><\/p>\n\n\n\n<p>En la convenci\u00f3n se habl\u00f3 de reforzar el compromiso de Avinent con la innovaci\u00f3n y el progreso, recordando al equipo el esfuerzo que se invierte d\u00eda a d\u00eda por liderar la industria m\u00e9dico-dental. Su amplio cat\u00e1logo de soluciones ofrece productos vanguardistas que satisfacen las necesidades cambiantes de los clientes y el mercado en general. Siempre con la intenci\u00f3n de impulsar la excelencia en cada paso que dan. <\/p>\n\n\n\n<div class=\"wp-block-image\"><figure class=\"aligncenter\"><img fetchpriority=\"high\" decoding=\"async\" width=\"800\" height=\"600\" src=\"https:\/\/avinent.com\/wp-content\/uploads\/2024\/11\/Sin-titulo-2.jpg\" alt=\"\" class=\"wp-image-8332\" \/><\/figure><\/div>\n\n\n\n<p>Tambi\u00e9n se compartieron detalles sobre lo \u00faltimo en desarrollo de producto que pr\u00f3ximamente estar\u00e1n disponibles para los clientes de Avinent. Estas nuevas soluciones prometen mejorar significativamente la experiencia de los pacientes, posibilitando tratamientos m\u00e1s efectivos y eficientes en diversas \u00e1reas.<\/p>\n\n\n\n<p>Albert Giralt, CEO de Avinent, expres\u00f3 su entusiasmo por el\nfuturo de Avinent y agradeci\u00f3 al equipo comercial su dedicaci\u00f3n diaria.<\/p>\n\n\n\n<div style=\"height:35px\" aria-hidden=\"true\" class=\"wp-block-spacer\"><\/div>\n\n\n\n<blockquote class=\"wp-block-quote is-layout-flow wp-block-quote-is-layout-flow\"><p>No olvidemos que nuestro objetivo siempre ha sido una sociedad m\u00e1s feliz gracias a la mejora de la calidad de vida y el bienestar de aquellas personas afectadas por patolog\u00edas del \u00e1mbito dental, oral y maxilofacial<\/p><cite>Albert Giralt, CEO Avinent<\/cite><\/blockquote>\n\n\n\n<div style=\"height:35px\" aria-hidden=\"true\" class=\"wp-block-spacer\"><\/div>\n\n\n\n<p>La compa\u00f1\u00eda internacional est\u00e1 segura de que estas novedades fortalecer\u00e1n a\u00fan m\u00e1s su posici\u00f3n en el mercado y permitir\u00e1 a los clientes mejorar la calidad de sus tratamientos.<\/p>\n\n\n\n<p>El compromiso de Avinent es firme e inquebrantable: Ofrecer soluciones que benefician a sus clientes y adem\u00e1s, tengan un impacto positivo en la sociedad, contribuyendo al bienestar de las personas.<\/p>\n\t\t","protected":false},"excerpt":{"rendered":"<p>\t\t\t\tAvinent re\u00fane a todo el equipo comercial para realizar una jornada sobre prop\u00f3sito empresarial y novedades de producto\t\t<\/p>\n","protected":false},"author":2,"featured_media":8331,"comment_status":"closed","ping_status":"closed","sticky":false,"template":"","format":"standard","meta":{"_acf_changed":false,"inline_featured_image":false,"footnotes":""},"categories":[38],"tags":[],"profesional_medics":[],"segment":[],"class_list":["post-8329","post","type-post","status-publish","format-standard","has-post-thumbnail","hentry","category-actualidad"],"acf":[],"yoast_head":"<!-- This site is optimized with the Yoast SEO plugin v26.8 - https:\/\/yoast.com\/product\/yoast-seo-wordpress\/ -->\n<title>Avinent reafirma su compromiso con la innovaci\u00f3n | Avinent Group<\/title>\n<meta name=\"description\" content=\"Avinent realiza una jornada interna para reafirmar el prop\u00f3sito empresarial y presentar las novedades de producto que lanzar\u00e1 en el mercado m\u00e9dico y dental.\" \/>\n<meta name=\"robots\" content=\"index, follow, max-snippet:-1, max-image-preview:large, max-video-preview:-1\" \/>\n<meta property=\"og:locale\" content=\"ca_ES\" \/>\n<meta property=\"og:type\" content=\"article\" \/>\n<meta property=\"og:title\" content=\"Avinent reafirma su compromiso con la innovaci\u00f3n | Avinent Group\" \/>\n<meta property=\"og:description\" content=\"Avinent realiza una jornada interna para reafirmar el prop\u00f3sito empresarial y presentar las novedades de producto que lanzar\u00e1 en el mercado m\u00e9dico y dental.\" \/>\n<meta property=\"og:url\" content=\"https:\/\/avinent.wwwarcelona.net\/blog\/avinent-convencion-comercial\/\" \/>\n<meta property=\"og:site_name\" content=\"Avinent\" \/>\n<meta property=\"article:published_time\" content=\"2023-09-14T08:11:21+00:00\" \/>\n<meta property=\"article:modified_time\" content=\"2024-11-20T09:27:05+00:00\" \/>\n<meta property=\"og:image\" content=\"https:\/\/avinent.wwwarcelona.net\/wp-content\/uploads\/2023\/09\/banner-2.jpg\" \/>\n\t<meta property=\"og:image:width\" content=\"2000\" \/>\n\t<meta property=\"og:image:height\" content=\"600\" \/>\n\t<meta property=\"og:image:type\" content=\"image\/jpeg\" \/>\n<meta name=\"author\" content=\"wwwarcelona\" \/>\n<meta name=\"twitter:card\" content=\"summary_large_image\" \/>\n<meta name=\"twitter:label1\" content=\"Escrit per\" \/>\n\t<meta name=\"twitter:data1\" content=\"wwwarcelona\" \/>\n\t<meta name=\"twitter:label2\" content=\"Temps estimat de lectura\" \/>\n\t<meta name=\"twitter:data2\" content=\"2 minuts\" \/>\n<script type=\"application\/ld+json\" class=\"yoast-schema-graph\">{\"@context\":\"https:\/\/schema.org\",\"@graph\":[{\"@type\":\"Article\",\"@id\":\"https:\/\/avinent.wwwarcelona.net\/blog\/avinent-convencion-comercial\/#article\",\"isPartOf\":{\"@id\":\"https:\/\/avinent.wwwarcelona.net\/blog\/avinent-convencion-comercial\/\"},\"author\":{\"name\":\"wwwarcelona\",\"@id\":\"https:\/\/avinent.com\/#\/schema\/person\/36b86133d985ef99a16d3a953381b494\"},\"headline\":\"Avinent reafirma en su \u00faltima convenci\u00f3n comercial su compromiso con la innovaci\u00f3n en la salud oral y maxilofacial\",\"datePublished\":\"2023-09-14T08:11:21+00:00\",\"dateModified\":\"2024-11-20T09:27:05+00:00\",\"mainEntityOfPage\":{\"@id\":\"https:\/\/avinent.wwwarcelona.net\/blog\/avinent-convencion-comercial\/\"},\"wordCount\":361,\"publisher\":{\"@id\":\"https:\/\/avinent.com\/#organization\"},\"image\":{\"@id\":\"https:\/\/avinent.wwwarcelona.net\/blog\/avinent-convencion-comercial\/#primaryimage\"},\"thumbnailUrl\":\"https:\/\/avinent.com\/wp-content\/uploads\/2023\/09\/banner-2.jpg\",\"articleSection\":[\"Actualidad\"],\"inLanguage\":\"ca\"},{\"@type\":\"WebPage\",\"@id\":\"https:\/\/avinent.wwwarcelona.net\/blog\/avinent-convencion-comercial\/\",\"url\":\"https:\/\/avinent.wwwarcelona.net\/blog\/avinent-convencion-comercial\/\",\"name\":\"Avinent reafirma su compromiso con la innovaci\u00f3n | Avinent Group\",\"isPartOf\":{\"@id\":\"https:\/\/avinent.com\/#website\"},\"primaryImageOfPage\":{\"@id\":\"https:\/\/avinent.wwwarcelona.net\/blog\/avinent-convencion-comercial\/#primaryimage\"},\"image\":{\"@id\":\"https:\/\/avinent.wwwarcelona.net\/blog\/avinent-convencion-comercial\/#primaryimage\"},\"thumbnailUrl\":\"https:\/\/avinent.com\/wp-content\/uploads\/2023\/09\/banner-2.jpg\",\"datePublished\":\"2023-09-14T08:11:21+00:00\",\"dateModified\":\"2024-11-20T09:27:05+00:00\",\"description\":\"Avinent realiza una jornada interna para reafirmar el prop\u00f3sito empresarial y presentar las novedades de producto que lanzar\u00e1 en el mercado m\u00e9dico y dental.\",\"breadcrumb\":{\"@id\":\"https:\/\/avinent.wwwarcelona.net\/blog\/avinent-convencion-comercial\/#breadcrumb\"},\"inLanguage\":\"ca\",\"potentialAction\":[{\"@type\":\"ReadAction\",\"target\":[\"https:\/\/avinent.wwwarcelona.net\/blog\/avinent-convencion-comercial\/\"]}]},{\"@type\":\"ImageObject\",\"inLanguage\":\"ca\",\"@id\":\"https:\/\/avinent.wwwarcelona.net\/blog\/avinent-convencion-comercial\/#primaryimage\",\"url\":\"https:\/\/avinent.com\/wp-content\/uploads\/2023\/09\/banner-2.jpg\",\"contentUrl\":\"https:\/\/avinent.com\/wp-content\/uploads\/2023\/09\/banner-2.jpg\",\"width\":2000,\"height\":600,\"caption\":\"\"},{\"@type\":\"BreadcrumbList\",\"@id\":\"https:\/\/avinent.wwwarcelona.net\/blog\/avinent-convencion-comercial\/#breadcrumb\",\"itemListElement\":[{\"@type\":\"ListItem\",\"position\":1,\"name\":\"Portada\",\"item\":\"https:\/\/avinent.com\/ca\/home\/\"},{\"@type\":\"ListItem\",\"position\":2,\"name\":\"Avinent reafirma en su \u00faltima convenci\u00f3n comercial su compromiso con la innovaci\u00f3n en la salud oral y maxilofacial\"}]},{\"@type\":\"WebSite\",\"@id\":\"https:\/\/avinent.com\/#website\",\"url\":\"https:\/\/avinent.com\/\",\"name\":\"Avinent\",\"description\":\"Todas las soluciones m\u00e9dicas y dentales\",\"publisher\":{\"@id\":\"https:\/\/avinent.com\/#organization\"},\"potentialAction\":[{\"@type\":\"SearchAction\",\"target\":{\"@type\":\"EntryPoint\",\"urlTemplate\":\"https:\/\/avinent.com\/?s={search_term_string}\"},\"query-input\":{\"@type\":\"PropertyValueSpecification\",\"valueRequired\":true,\"valueName\":\"search_term_string\"}}],\"inLanguage\":\"ca\"},{\"@type\":\"Organization\",\"@id\":\"https:\/\/avinent.com\/#organization\",\"name\":\"Avinent\",\"url\":\"https:\/\/avinent.com\/\",\"logo\":{\"@type\":\"ImageObject\",\"inLanguage\":\"ca\",\"@id\":\"https:\/\/avinent.com\/#\/schema\/logo\/image\/\",\"url\":\"https:\/\/avinent.com\/wp-content\/uploads\/2021\/10\/cropped-9216650250dc9798b51ff14a0e1c16c7.png\",\"contentUrl\":\"https:\/\/avinent.com\/wp-content\/uploads\/2021\/10\/cropped-9216650250dc9798b51ff14a0e1c16c7.png\",\"width\":122,\"height\":79,\"caption\":\"Avinent\"},\"image\":{\"@id\":\"https:\/\/avinent.com\/#\/schema\/logo\/image\/\"}},{\"@type\":\"Person\",\"@id\":\"https:\/\/avinent.com\/#\/schema\/person\/36b86133d985ef99a16d3a953381b494\",\"name\":\"wwwarcelona\",\"image\":{\"@type\":\"ImageObject\",\"inLanguage\":\"ca\",\"@id\":\"https:\/\/avinent.com\/#\/schema\/person\/image\/\",\"url\":\"https:\/\/secure.gravatar.com\/avatar\/22c6e61b197bfcfe682559e4aa8d3534?s=96&d=mm&r=g\",\"contentUrl\":\"https:\/\/secure.gravatar.com\/avatar\/22c6e61b197bfcfe682559e4aa8d3534?s=96&d=mm&r=g\",\"caption\":\"wwwarcelona\"}}]}<\/script>\n<!-- \/ Yoast SEO plugin. -->","yoast_head_json":{"title":"Avinent reafirma su compromiso con la innovaci\u00f3n | Avinent Group","description":"Avinent realiza una jornada interna para reafirmar el prop\u00f3sito empresarial y presentar las novedades de producto que lanzar\u00e1 en el mercado m\u00e9dico y dental.","robots":{"index":"index","follow":"follow","max-snippet":"max-snippet:-1","max-image-preview":"max-image-preview:large","max-video-preview":"max-video-preview:-1"},"og_locale":"ca_ES","og_type":"article","og_title":"Avinent reafirma su compromiso con la innovaci\u00f3n | Avinent Group","og_description":"Avinent realiza una jornada interna para reafirmar el prop\u00f3sito empresarial y presentar las novedades de producto que lanzar\u00e1 en el mercado m\u00e9dico y dental.","og_url":"https:\/\/avinent.wwwarcelona.net\/blog\/avinent-convencion-comercial\/","og_site_name":"Avinent","article_published_time":"2023-09-14T08:11:21+00:00","article_modified_time":"2024-11-20T09:27:05+00:00","og_image":[{"width":2000,"height":600,"url":"https:\/\/avinent.wwwarcelona.net\/wp-content\/uploads\/2023\/09\/banner-2.jpg","type":"image\/jpeg"}],"author":"wwwarcelona","twitter_card":"summary_large_image","twitter_misc":{"Escrit per":"wwwarcelona","Temps estimat de lectura":"2 minuts"},"schema":{"@context":"https:\/\/schema.org","@graph":[{"@type":"Article","@id":"https:\/\/avinent.wwwarcelona.net\/blog\/avinent-convencion-comercial\/#article","isPartOf":{"@id":"https:\/\/avinent.wwwarcelona.net\/blog\/avinent-convencion-comercial\/"},"author":{"name":"wwwarcelona","@id":"https:\/\/avinent.com\/#\/schema\/person\/36b86133d985ef99a16d3a953381b494"},"headline":"Avinent reafirma en su \u00faltima convenci\u00f3n comercial su compromiso con la innovaci\u00f3n en la salud oral y maxilofacial","datePublished":"2023-09-14T08:11:21+00:00","dateModified":"2024-11-20T09:27:05+00:00","mainEntityOfPage":{"@id":"https:\/\/avinent.wwwarcelona.net\/blog\/avinent-convencion-comercial\/"},"wordCount":361,"publisher":{"@id":"https:\/\/avinent.com\/#organization"},"image":{"@id":"https:\/\/avinent.wwwarcelona.net\/blog\/avinent-convencion-comercial\/#primaryimage"},"thumbnailUrl":"https:\/\/avinent.com\/wp-content\/uploads\/2023\/09\/banner-2.jpg","articleSection":["Actualidad"],"inLanguage":"ca"},{"@type":"WebPage","@id":"https:\/\/avinent.wwwarcelona.net\/blog\/avinent-convencion-comercial\/","url":"https:\/\/avinent.wwwarcelona.net\/blog\/avinent-convencion-comercial\/","name":"Avinent reafirma su compromiso con la innovaci\u00f3n | Avinent Group","isPartOf":{"@id":"https:\/\/avinent.com\/#website"},"primaryImageOfPage":{"@id":"https:\/\/avinent.wwwarcelona.net\/blog\/avinent-convencion-comercial\/#primaryimage"},"image":{"@id":"https:\/\/avinent.wwwarcelona.net\/blog\/avinent-convencion-comercial\/#primaryimage"},"thumbnailUrl":"https:\/\/avinent.com\/wp-content\/uploads\/2023\/09\/banner-2.jpg","datePublished":"2023-09-14T08:11:21+00:00","dateModified":"2024-11-20T09:27:05+00:00","description":"Avinent realiza una jornada interna para reafirmar el prop\u00f3sito empresarial y presentar las novedades de producto que lanzar\u00e1 en el mercado m\u00e9dico y dental.","breadcrumb":{"@id":"https:\/\/avinent.wwwarcelona.net\/blog\/avinent-convencion-comercial\/#breadcrumb"},"inLanguage":"ca","potentialAction":[{"@type":"ReadAction","target":["https:\/\/avinent.wwwarcelona.net\/blog\/avinent-convencion-comercial\/"]}]},{"@type":"ImageObject","inLanguage":"ca","@id":"https:\/\/avinent.wwwarcelona.net\/blog\/avinent-convencion-comercial\/#primaryimage","url":"https:\/\/avinent.com\/wp-content\/uploads\/2023\/09\/banner-2.jpg","contentUrl":"https:\/\/avinent.com\/wp-content\/uploads\/2023\/09\/banner-2.jpg","width":2000,"height":600,"caption":""},{"@type":"BreadcrumbList","@id":"https:\/\/avinent.wwwarcelona.net\/blog\/avinent-convencion-comercial\/#breadcrumb","itemListElement":[{"@type":"ListItem","position":1,"name":"Portada","item":"https:\/\/avinent.com\/ca\/home\/"},{"@type":"ListItem","position":2,"name":"Avinent reafirma en su \u00faltima convenci\u00f3n comercial su compromiso con la innovaci\u00f3n en la salud oral y maxilofacial"}]},{"@type":"WebSite","@id":"https:\/\/avinent.com\/#website","url":"https:\/\/avinent.com\/","name":"Avinent","description":"Todas las soluciones m\u00e9dicas y dentales","publisher":{"@id":"https:\/\/avinent.com\/#organization"},"potentialAction":[{"@type":"SearchAction","target":{"@type":"EntryPoint","urlTemplate":"https:\/\/avinent.com\/?s={search_term_string}"},"query-input":{"@type":"PropertyValueSpecification","valueRequired":true,"valueName":"search_term_string"}}],"inLanguage":"ca"},{"@type":"Organization","@id":"https:\/\/avinent.com\/#organization","name":"Avinent","url":"https:\/\/avinent.com\/","logo":{"@type":"ImageObject","inLanguage":"ca","@id":"https:\/\/avinent.com\/#\/schema\/logo\/image\/","url":"https:\/\/avinent.com\/wp-content\/uploads\/2021\/10\/cropped-9216650250dc9798b51ff14a0e1c16c7.png","contentUrl":"https:\/\/avinent.com\/wp-content\/uploads\/2021\/10\/cropped-9216650250dc9798b51ff14a0e1c16c7.png","width":122,"height":79,"caption":"Avinent"},"image":{"@id":"https:\/\/avinent.com\/#\/schema\/logo\/image\/"}},{"@type":"Person","@id":"https:\/\/avinent.com\/#\/schema\/person\/36b86133d985ef99a16d3a953381b494","name":"wwwarcelona","image":{"@type":"ImageObject","inLanguage":"ca","@id":"https:\/\/avinent.com\/#\/schema\/person\/image\/","url":"https:\/\/secure.gravatar.com\/avatar\/22c6e61b197bfcfe682559e4aa8d3534?s=96&d=mm&r=g","contentUrl":"https:\/\/secure.gravatar.com\/avatar\/22c6e61b197bfcfe682559e4aa8d3534?s=96&d=mm&r=g","caption":"wwwarcelona"}}]}},"_links":{"self":[{"href":"https:\/\/avinent.com\/ca\/wp-json\/wp\/v2\/posts\/8329","targetHints":{"allow":["GET"]}}],"collection":[{"href":"https:\/\/avinent.com\/ca\/wp-json\/wp\/v2\/posts"}],"about":[{"href":"https:\/\/avinent.com\/ca\/wp-json\/wp\/v2\/types\/post"}],"author":[{"embeddable":true,"href":"https:\/\/avinent.com\/ca\/wp-json\/wp\/v2\/users\/2"}],"replies":[{"embeddable":true,"href":"https:\/\/avinent.com\/ca\/wp-json\/wp\/v2\/comments?post=8329"}],"version-history":[{"count":1,"href":"https:\/\/avinent.com\/ca\/wp-json\/wp\/v2\/posts\/8329\/revisions"}],"predecessor-version":[{"id":13507,"href":"https:\/\/avinent.com\/ca\/wp-json\/wp\/v2\/posts\/8329\/revisions\/13507"}],"wp:featuredmedia":[{"embeddable":true,"href":"https:\/\/avinent.com\/ca\/wp-json\/wp\/v2\/media\/8331"}],"wp:attachment":[{"href":"https:\/\/avinent.com\/ca\/wp-json\/wp\/v2\/media?parent=8329"}],"wp:term":[{"taxonomy":"category","embeddable":true,"href":"https:\/\/avinent.com\/ca\/wp-json\/wp\/v2\/categories?post=8329"},{"taxonomy":"post_tag","embeddable":true,"href":"https:\/\/avinent.com\/ca\/wp-json\/wp\/v2\/tags?post=8329"},{"taxonomy":"profesional_medics","embeddable":true,"href":"https:\/\/avinent.com\/ca\/wp-json\/wp\/v2\/profesional_medics?post=8329"},{"taxonomy":"segments","embeddable":true,"href":"https:\/\/avinent.com\/ca\/wp-json\/wp\/v2\/segment?post=8329"}],"curies":[{"name":"wp","href":"https:\/\/api.w.org\/{rel}","templated":true}]}}