{"id":4748,"date":"2022-05-04T17:59:18","date_gmt":"2022-05-04T15:59:18","guid":{"rendered":"http:\/\/www.avinent.com\/?p=4748"},"modified":"2024-11-13T13:26:33","modified_gmt":"2024-11-13T12:26:33","slug":"president-generalitat-inaugurado-avinenthub","status":"publish","type":"post","link":"https:\/\/avinent.com\/fr\/blog\/president-generalitat-inaugurado-avinenthub\/","title":{"rendered":"El President de la Generalitat ha inaugurado el Avinent Hub, el nuevo espacio de innovaci\u00f3n y producci\u00f3n del grupo Avinent"},"content":{"rendered":"\n\t\t\t\t\n<p>El M. Hble El President de la Generalitat de Catalunya, SR. Pere Aragon\u00e8s, ha inaugurado esta ma\u00f1ana el <strong><a href=\"https:\/\/www.avinent.com\/instalaciones-avinent-hub\/\">Avinent Hub<\/a><\/strong>, el nuevo centro de innovaci\u00f3n y producci\u00f3n del grupo Avinent. El nuevo edificio, de 8.000 m2 y que ha supuesto una inversi\u00f3n de 10 M\u20ac, es el reflejo de la ambici\u00f3n, la modernidad y el esp\u00edritu tecnol\u00f3gico de Avinent. Esta ampliaci\u00f3n tiene por objetivo asegurar la capacidad futura de crecimiento empresarial y pasar de los 35 M\u20ac facturados en el \u00faltimo a\u00f1o a los 50 M\u20ac en el a\u00f1o 2025.<\/p>\n\n\n\n<div class=\"wp-block-image\"><figure class=\"aligncenter\"><img fetchpriority=\"high\" decoding=\"async\" width=\"1024\" height=\"546\" src=\"https:\/\/avinent.com\/wp-content\/uploads\/2024\/11\/2-presi-1024x546.jpg\" alt=\"\" class=\"wp-image-4750\" \/><\/figure><\/div>\n\n\n\n<p>El President de la Generalitat ha visitado los diferentes espacios del nuevo edificio acompa\u00f1ado de la delegada del Govern en la Catalunya central, D\u00aa. Rosa Vestit, y del equipo directivo del grupo Avinent. A lo largo del recorrido, Aragon\u00e8s ha visitado el espacio inmersivo experiencial que Avinent tiene en el nuevo edificio y despu\u00e9s han recorrido todo el centro de producci\u00f3n, donde la tecnolog\u00eda y la digitalizaci\u00f3n son el eje central.<\/p>\n\n\n\n<div style=\"height:54px\" aria-hidden=\"true\" class=\"wp-block-spacer\"><\/div>\n\n\n\n<blockquote class=\"wp-block-quote is-style-default is-layout-flow wp-block-quote-is-layout-flow\"><p><small>La visita de hoy a Avinent ha sido de impacto al ver la excelencia y el rigor del trabajo cient\u00edfico y de innovaci\u00f3n que se realiza. (&#8230;)<br>Avinent tambi\u00e9n es un claro ejemplo de cu\u00e1l debe ser el futuro industrial de Catalu\u00f1a, que pasa por la reindustrializaci\u00f3n que debe ser digital y verde<\/small><\/p><cite>M. Hble Presidente de la Generalitat de Catalunya, Sr. Pere Aragon\u00e8s<\/cite><\/blockquote>\n\n\n\n<div style=\"height:54px\" aria-hidden=\"true\" class=\"wp-block-spacer\"><\/div>\n\n\n\n<p>Al acto de inauguraci\u00f3n ha asistido una amplia\nrepresentaci\u00f3n del mundo pol\u00edtico, econ\u00f3mico y social del territorio, que han\nquerido acompa\u00f1ar a Avinent en la puesta de largo de este nuevo espacio de\ninnovaci\u00f3n.<\/p>\n\t\t","protected":false},"excerpt":{"rendered":"<p>\t\t\t\tEl jefe del Ejecutivo catal\u00e1n ha destacado Avinent como modelo de empresa innovadora que debe inspirar la reindustrializaci\u00f3n de Catalu\u00f1a, &#8220;digital y verde&#8221; \t\t<\/p>\n","protected":false},"author":2,"featured_media":5290,"comment_status":"closed","ping_status":"closed","sticky":false,"template":"","format":"standard","meta":{"_acf_changed":false,"inline_featured_image":false,"footnotes":""},"categories":[38],"tags":[],"profesional_medics":[],"segment":[],"class_list":["post-4748","post","type-post","status-publish","format-standard","has-post-thumbnail","hentry","category-actualidad"],"acf":[],"yoast_head":"<!-- This site is optimized with the Yoast SEO plugin v26.8 - https:\/\/yoast.com\/product\/yoast-seo-wordpress\/ -->\n<title>El President de la Generalitat de Catalunya - ha inaugurado<\/title>\n<meta name=\"description\" content=\"El President de la Generalitat de Catalunya, SR. Pere Aragon\u00e8s, ha inaugurado esta ma\u00f1ana el Avinent Hub, el nuevo centro de innovaci\u00f3n y producci\u00f3n.\" \/>\n<meta name=\"robots\" content=\"index, follow, max-snippet:-1, max-image-preview:large, max-video-preview:-1\" \/>\n<meta property=\"og:locale\" content=\"fr_FR\" \/>\n<meta property=\"og:type\" content=\"article\" \/>\n<meta property=\"og:title\" content=\"El President de la Generalitat de Catalunya - ha inaugurado\" \/>\n<meta property=\"og:description\" content=\"El President de la Generalitat de Catalunya, SR. Pere Aragon\u00e8s, ha inaugurado esta ma\u00f1ana el Avinent Hub, el nuevo centro de innovaci\u00f3n y producci\u00f3n.\" \/>\n<meta property=\"og:url\" content=\"https:\/\/avinent.wwwarcelona.net\/blog\/president-generalitat-inaugurado-avinenthub\/\" \/>\n<meta property=\"og:site_name\" content=\"Avinent\" \/>\n<meta property=\"article:published_time\" content=\"2022-05-04T15:59:18+00:00\" \/>\n<meta property=\"article:modified_time\" content=\"2024-11-13T12:26:33+00:00\" \/>\n<meta property=\"og:image\" content=\"https:\/\/avinent.wwwarcelona.net\/wp-content\/uploads\/2023\/01\/3.jpg\" \/>\n\t<meta property=\"og:image:width\" content=\"1440\" \/>\n\t<meta property=\"og:image:height\" content=\"586\" \/>\n\t<meta property=\"og:image:type\" content=\"image\/jpeg\" \/>\n<meta name=\"author\" content=\"wwwarcelona\" \/>\n<meta name=\"twitter:card\" content=\"summary_large_image\" \/>\n<meta name=\"twitter:label1\" content=\"Written by\" \/>\n\t<meta name=\"twitter:data1\" content=\"wwwarcelona\" \/>\n\t<meta name=\"twitter:label2\" content=\"Est. reading time\" \/>\n\t<meta name=\"twitter:data2\" content=\"1 minute\" \/>\n<script type=\"application\/ld+json\" class=\"yoast-schema-graph\">{\"@context\":\"https:\/\/schema.org\",\"@graph\":[{\"@type\":\"Article\",\"@id\":\"https:\/\/avinent.wwwarcelona.net\/blog\/president-generalitat-inaugurado-avinenthub\/#article\",\"isPartOf\":{\"@id\":\"https:\/\/avinent.wwwarcelona.net\/blog\/president-generalitat-inaugurado-avinenthub\/\"},\"author\":{\"name\":\"wwwarcelona\",\"@id\":\"https:\/\/avinent.com\/#\/schema\/person\/36b86133d985ef99a16d3a953381b494\"},\"headline\":\"El President de la Generalitat ha inaugurado el Avinent Hub, el nuevo espacio de innovaci\u00f3n y producci\u00f3n del grupo Avinent\",\"datePublished\":\"2022-05-04T15:59:18+00:00\",\"dateModified\":\"2024-11-13T12:26:33+00:00\",\"mainEntityOfPage\":{\"@id\":\"https:\/\/avinent.wwwarcelona.net\/blog\/president-generalitat-inaugurado-avinenthub\/\"},\"wordCount\":305,\"publisher\":{\"@id\":\"https:\/\/avinent.com\/#organization\"},\"image\":{\"@id\":\"https:\/\/avinent.wwwarcelona.net\/blog\/president-generalitat-inaugurado-avinenthub\/#primaryimage\"},\"thumbnailUrl\":\"https:\/\/avinent.com\/wp-content\/uploads\/2023\/01\/3.jpg\",\"articleSection\":[\"Actualidad\"],\"inLanguage\":\"fr\"},{\"@type\":\"WebPage\",\"@id\":\"https:\/\/avinent.wwwarcelona.net\/blog\/president-generalitat-inaugurado-avinenthub\/\",\"url\":\"https:\/\/avinent.wwwarcelona.net\/blog\/president-generalitat-inaugurado-avinenthub\/\",\"name\":\"El President de la Generalitat de Catalunya - ha inaugurado\",\"isPartOf\":{\"@id\":\"https:\/\/avinent.com\/#website\"},\"primaryImageOfPage\":{\"@id\":\"https:\/\/avinent.wwwarcelona.net\/blog\/president-generalitat-inaugurado-avinenthub\/#primaryimage\"},\"image\":{\"@id\":\"https:\/\/avinent.wwwarcelona.net\/blog\/president-generalitat-inaugurado-avinenthub\/#primaryimage\"},\"thumbnailUrl\":\"https:\/\/avinent.com\/wp-content\/uploads\/2023\/01\/3.jpg\",\"datePublished\":\"2022-05-04T15:59:18+00:00\",\"dateModified\":\"2024-11-13T12:26:33+00:00\",\"description\":\"El President de la Generalitat de Catalunya, SR. Pere Aragon\u00e8s, ha inaugurado esta ma\u00f1ana el Avinent Hub, el nuevo centro de innovaci\u00f3n y producci\u00f3n.\",\"breadcrumb\":{\"@id\":\"https:\/\/avinent.wwwarcelona.net\/blog\/president-generalitat-inaugurado-avinenthub\/#breadcrumb\"},\"inLanguage\":\"fr\",\"potentialAction\":[{\"@type\":\"ReadAction\",\"target\":[\"https:\/\/avinent.wwwarcelona.net\/blog\/president-generalitat-inaugurado-avinenthub\/\"]}]},{\"@type\":\"ImageObject\",\"inLanguage\":\"fr\",\"@id\":\"https:\/\/avinent.wwwarcelona.net\/blog\/president-generalitat-inaugurado-avinenthub\/#primaryimage\",\"url\":\"https:\/\/avinent.com\/wp-content\/uploads\/2023\/01\/3.jpg\",\"contentUrl\":\"https:\/\/avinent.com\/wp-content\/uploads\/2023\/01\/3.jpg\",\"width\":1440,\"height\":586,\"caption\":\"\"},{\"@type\":\"BreadcrumbList\",\"@id\":\"https:\/\/avinent.wwwarcelona.net\/blog\/president-generalitat-inaugurado-avinenthub\/#breadcrumb\",\"itemListElement\":[{\"@type\":\"ListItem\",\"position\":1,\"name\":\"Portada\",\"item\":\"https:\/\/avinent.com\/fr\/home\/\"},{\"@type\":\"ListItem\",\"position\":2,\"name\":\"El President de la Generalitat ha inaugurado el Avinent Hub, el nuevo espacio de innovaci\u00f3n y producci\u00f3n del grupo Avinent\"}]},{\"@type\":\"WebSite\",\"@id\":\"https:\/\/avinent.com\/#website\",\"url\":\"https:\/\/avinent.com\/\",\"name\":\"Avinent\",\"description\":\"Todas las soluciones m\u00e9dicas y dentales\",\"publisher\":{\"@id\":\"https:\/\/avinent.com\/#organization\"},\"potentialAction\":[{\"@type\":\"SearchAction\",\"target\":{\"@type\":\"EntryPoint\",\"urlTemplate\":\"https:\/\/avinent.com\/?s={search_term_string}\"},\"query-input\":{\"@type\":\"PropertyValueSpecification\",\"valueRequired\":true,\"valueName\":\"search_term_string\"}}],\"inLanguage\":\"fr\"},{\"@type\":\"Organization\",\"@id\":\"https:\/\/avinent.com\/#organization\",\"name\":\"Avinent\",\"url\":\"https:\/\/avinent.com\/\",\"logo\":{\"@type\":\"ImageObject\",\"inLanguage\":\"fr\",\"@id\":\"https:\/\/avinent.com\/#\/schema\/logo\/image\/\",\"url\":\"https:\/\/avinent.com\/wp-content\/uploads\/2021\/10\/cropped-9216650250dc9798b51ff14a0e1c16c7.png\",\"contentUrl\":\"https:\/\/avinent.com\/wp-content\/uploads\/2021\/10\/cropped-9216650250dc9798b51ff14a0e1c16c7.png\",\"width\":122,\"height\":79,\"caption\":\"Avinent\"},\"image\":{\"@id\":\"https:\/\/avinent.com\/#\/schema\/logo\/image\/\"}},{\"@type\":\"Person\",\"@id\":\"https:\/\/avinent.com\/#\/schema\/person\/36b86133d985ef99a16d3a953381b494\",\"name\":\"wwwarcelona\",\"image\":{\"@type\":\"ImageObject\",\"inLanguage\":\"fr\",\"@id\":\"https:\/\/avinent.com\/#\/schema\/person\/image\/\",\"url\":\"https:\/\/secure.gravatar.com\/avatar\/22c6e61b197bfcfe682559e4aa8d3534?s=96&d=mm&r=g\",\"contentUrl\":\"https:\/\/secure.gravatar.com\/avatar\/22c6e61b197bfcfe682559e4aa8d3534?s=96&d=mm&r=g\",\"caption\":\"wwwarcelona\"}}]}<\/script>\n<!-- \/ Yoast SEO plugin. -->","yoast_head_json":{"title":"El President de la Generalitat de Catalunya - ha inaugurado","description":"El President de la Generalitat de Catalunya, SR. Pere Aragon\u00e8s, ha inaugurado esta ma\u00f1ana el Avinent Hub, el nuevo centro de innovaci\u00f3n y producci\u00f3n.","robots":{"index":"index","follow":"follow","max-snippet":"max-snippet:-1","max-image-preview":"max-image-preview:large","max-video-preview":"max-video-preview:-1"},"og_locale":"fr_FR","og_type":"article","og_title":"El President de la Generalitat de Catalunya - ha inaugurado","og_description":"El President de la Generalitat de Catalunya, SR. Pere Aragon\u00e8s, ha inaugurado esta ma\u00f1ana el Avinent Hub, el nuevo centro de innovaci\u00f3n y producci\u00f3n.","og_url":"https:\/\/avinent.wwwarcelona.net\/blog\/president-generalitat-inaugurado-avinenthub\/","og_site_name":"Avinent","article_published_time":"2022-05-04T15:59:18+00:00","article_modified_time":"2024-11-13T12:26:33+00:00","og_image":[{"width":1440,"height":586,"url":"https:\/\/avinent.wwwarcelona.net\/wp-content\/uploads\/2023\/01\/3.jpg","type":"image\/jpeg"}],"author":"wwwarcelona","twitter_card":"summary_large_image","twitter_misc":{"Written by":"wwwarcelona","Est. reading time":"1 minute"},"schema":{"@context":"https:\/\/schema.org","@graph":[{"@type":"Article","@id":"https:\/\/avinent.wwwarcelona.net\/blog\/president-generalitat-inaugurado-avinenthub\/#article","isPartOf":{"@id":"https:\/\/avinent.wwwarcelona.net\/blog\/president-generalitat-inaugurado-avinenthub\/"},"author":{"name":"wwwarcelona","@id":"https:\/\/avinent.com\/#\/schema\/person\/36b86133d985ef99a16d3a953381b494"},"headline":"El President de la Generalitat ha inaugurado el Avinent Hub, el nuevo espacio de innovaci\u00f3n y producci\u00f3n del grupo Avinent","datePublished":"2022-05-04T15:59:18+00:00","dateModified":"2024-11-13T12:26:33+00:00","mainEntityOfPage":{"@id":"https:\/\/avinent.wwwarcelona.net\/blog\/president-generalitat-inaugurado-avinenthub\/"},"wordCount":305,"publisher":{"@id":"https:\/\/avinent.com\/#organization"},"image":{"@id":"https:\/\/avinent.wwwarcelona.net\/blog\/president-generalitat-inaugurado-avinenthub\/#primaryimage"},"thumbnailUrl":"https:\/\/avinent.com\/wp-content\/uploads\/2023\/01\/3.jpg","articleSection":["Actualidad"],"inLanguage":"fr"},{"@type":"WebPage","@id":"https:\/\/avinent.wwwarcelona.net\/blog\/president-generalitat-inaugurado-avinenthub\/","url":"https:\/\/avinent.wwwarcelona.net\/blog\/president-generalitat-inaugurado-avinenthub\/","name":"El President de la Generalitat de Catalunya - ha inaugurado","isPartOf":{"@id":"https:\/\/avinent.com\/#website"},"primaryImageOfPage":{"@id":"https:\/\/avinent.wwwarcelona.net\/blog\/president-generalitat-inaugurado-avinenthub\/#primaryimage"},"image":{"@id":"https:\/\/avinent.wwwarcelona.net\/blog\/president-generalitat-inaugurado-avinenthub\/#primaryimage"},"thumbnailUrl":"https:\/\/avinent.com\/wp-content\/uploads\/2023\/01\/3.jpg","datePublished":"2022-05-04T15:59:18+00:00","dateModified":"2024-11-13T12:26:33+00:00","description":"El President de la Generalitat de Catalunya, SR. Pere Aragon\u00e8s, ha inaugurado esta ma\u00f1ana el Avinent Hub, el nuevo centro de innovaci\u00f3n y producci\u00f3n.","breadcrumb":{"@id":"https:\/\/avinent.wwwarcelona.net\/blog\/president-generalitat-inaugurado-avinenthub\/#breadcrumb"},"inLanguage":"fr","potentialAction":[{"@type":"ReadAction","target":["https:\/\/avinent.wwwarcelona.net\/blog\/president-generalitat-inaugurado-avinenthub\/"]}]},{"@type":"ImageObject","inLanguage":"fr","@id":"https:\/\/avinent.wwwarcelona.net\/blog\/president-generalitat-inaugurado-avinenthub\/#primaryimage","url":"https:\/\/avinent.com\/wp-content\/uploads\/2023\/01\/3.jpg","contentUrl":"https:\/\/avinent.com\/wp-content\/uploads\/2023\/01\/3.jpg","width":1440,"height":586,"caption":""},{"@type":"BreadcrumbList","@id":"https:\/\/avinent.wwwarcelona.net\/blog\/president-generalitat-inaugurado-avinenthub\/#breadcrumb","itemListElement":[{"@type":"ListItem","position":1,"name":"Portada","item":"https:\/\/avinent.com\/fr\/home\/"},{"@type":"ListItem","position":2,"name":"El President de la Generalitat ha inaugurado el Avinent Hub, el nuevo espacio de innovaci\u00f3n y producci\u00f3n del grupo Avinent"}]},{"@type":"WebSite","@id":"https:\/\/avinent.com\/#website","url":"https:\/\/avinent.com\/","name":"Avinent","description":"Todas las soluciones m\u00e9dicas y dentales","publisher":{"@id":"https:\/\/avinent.com\/#organization"},"potentialAction":[{"@type":"SearchAction","target":{"@type":"EntryPoint","urlTemplate":"https:\/\/avinent.com\/?s={search_term_string}"},"query-input":{"@type":"PropertyValueSpecification","valueRequired":true,"valueName":"search_term_string"}}],"inLanguage":"fr"},{"@type":"Organization","@id":"https:\/\/avinent.com\/#organization","name":"Avinent","url":"https:\/\/avinent.com\/","logo":{"@type":"ImageObject","inLanguage":"fr","@id":"https:\/\/avinent.com\/#\/schema\/logo\/image\/","url":"https:\/\/avinent.com\/wp-content\/uploads\/2021\/10\/cropped-9216650250dc9798b51ff14a0e1c16c7.png","contentUrl":"https:\/\/avinent.com\/wp-content\/uploads\/2021\/10\/cropped-9216650250dc9798b51ff14a0e1c16c7.png","width":122,"height":79,"caption":"Avinent"},"image":{"@id":"https:\/\/avinent.com\/#\/schema\/logo\/image\/"}},{"@type":"Person","@id":"https:\/\/avinent.com\/#\/schema\/person\/36b86133d985ef99a16d3a953381b494","name":"wwwarcelona","image":{"@type":"ImageObject","inLanguage":"fr","@id":"https:\/\/avinent.com\/#\/schema\/person\/image\/","url":"https:\/\/secure.gravatar.com\/avatar\/22c6e61b197bfcfe682559e4aa8d3534?s=96&d=mm&r=g","contentUrl":"https:\/\/secure.gravatar.com\/avatar\/22c6e61b197bfcfe682559e4aa8d3534?s=96&d=mm&r=g","caption":"wwwarcelona"}}]}},"_links":{"self":[{"href":"https:\/\/avinent.com\/fr\/wp-json\/wp\/v2\/posts\/4748","targetHints":{"allow":["GET"]}}],"collection":[{"href":"https:\/\/avinent.com\/fr\/wp-json\/wp\/v2\/posts"}],"about":[{"href":"https:\/\/avinent.com\/fr\/wp-json\/wp\/v2\/types\/post"}],"author":[{"embeddable":true,"href":"https:\/\/avinent.com\/fr\/wp-json\/wp\/v2\/users\/2"}],"replies":[{"embeddable":true,"href":"https:\/\/avinent.com\/fr\/wp-json\/wp\/v2\/comments?post=4748"}],"version-history":[{"count":1,"href":"https:\/\/avinent.com\/fr\/wp-json\/wp\/v2\/posts\/4748\/revisions"}],"predecessor-version":[{"id":13530,"href":"https:\/\/avinent.com\/fr\/wp-json\/wp\/v2\/posts\/4748\/revisions\/13530"}],"wp:featuredmedia":[{"embeddable":true,"href":"https:\/\/avinent.com\/fr\/wp-json\/wp\/v2\/media\/5290"}],"wp:attachment":[{"href":"https:\/\/avinent.com\/fr\/wp-json\/wp\/v2\/media?parent=4748"}],"wp:term":[{"taxonomy":"category","embeddable":true,"href":"https:\/\/avinent.com\/fr\/wp-json\/wp\/v2\/categories?post=4748"},{"taxonomy":"post_tag","embeddable":true,"href":"https:\/\/avinent.com\/fr\/wp-json\/wp\/v2\/tags?post=4748"},{"taxonomy":"profesional_medics","embeddable":true,"href":"https:\/\/avinent.com\/fr\/wp-json\/wp\/v2\/profesional_medics?post=4748"},{"taxonomy":"segments","embeddable":true,"href":"https:\/\/avinent.com\/fr\/wp-json\/wp\/v2\/segment?post=4748"}],"curies":[{"name":"wp","href":"https:\/\/api.w.org\/{rel}","templated":true}]}}