{"id":10417,"date":"2024-05-21T15:23:00","date_gmt":"2024-05-21T13:23:00","guid":{"rendered":"http:\/\/www.avinent.com\/?p=10417"},"modified":"2025-03-04T12:03:46","modified_gmt":"2025-03-04T11:03:46","slug":"building-a-happier-society-y-el-exito-de-la-jornada-interna","status":"publish","type":"post","link":"https:\/\/avinent.com\/pt-pt\/blog\/building-a-happier-society-y-el-exito-de-la-jornada-interna\/","title":{"rendered":"Building a happier society y el \u00e9xito de la jornada interna"},"content":{"rendered":"\n\t\t\t\t\n<p>El pasado viernes 17 de mayo, Avinent Group celebr\u00f3 una <strong>jornada interna<\/strong> en el M\u00f3n Sant Benet (Sant Fruit\u00f3s de Bages) que junt\u00f3 al equipo de todas las divisiones de negocio que engloban el grupo (Vilardell Purt\u00ed \u2013 divisi\u00f3n industrial-, Avinent \u2013 divisi\u00f3n m\u00e9dica \u2013 e Inmoovs \u2013 Divisi\u00f3n podol\u00f3gica).<\/p>\n\n\n\n<p>Toda la jornada giraba alrededor del prop\u00f3sito empresarial de todas las divisiones \u201c<strong>Building a happier society\u201d,<\/strong> emfatizando que esta declaraci\u00f3n de intenciones es, sin lugar a duda, el alma de la empresa y el motivo de las decisiones que se toman. Este discurso fue reforzado a lo largo de la ma\u00f1ana a trav\u00e9s de distintas exposiciones y din\u00e1micas grupales.<\/p>\n\n\n\n<ul class=\"wp-block-gallery columns-3 is-cropped wp-block-gallery-1 is-layout-flex wp-block-gallery-is-layout-flex\"><li class=\"blocks-gallery-item\"><figure><img fetchpriority=\"high\" decoding=\"async\" width=\"1024\" height=\"604\" src=\"https:\/\/avinent.com\/wp-content\/uploads\/2024\/11\/ok-3-1024x604.jpg\" alt=\"\" data-id=\"10421\" data-link=\"https:\/\/www.avinent.com\/?attachment_id=10421\" class=\"wp-image-10421\" \/><\/figure><\/li><li class=\"blocks-gallery-item\"><figure><img decoding=\"async\" width=\"1024\" height=\"604\" src=\"https:\/\/avinent.com\/wp-content\/uploads\/2024\/11\/ok-4-1024x604.jpg\" alt=\"\" data-id=\"10422\" data-link=\"https:\/\/www.avinent.com\/?attachment_id=10422\" class=\"wp-image-10422\" \/><\/figure><\/li><li class=\"blocks-gallery-item\"><figure><img decoding=\"async\" width=\"1024\" height=\"604\" src=\"https:\/\/avinent.com\/wp-content\/uploads\/2024\/11\/ok-5-1024x604.jpg\" alt=\"\" data-id=\"10423\" data-link=\"https:\/\/www.avinent.com\/?attachment_id=10423\" class=\"wp-image-10423\" \/><\/figure><\/li><\/ul>\n\n\n\n<p>La jornada empez\u00f3 con una exposici\u00f3n de Albert Giralt, CEO de Avinent Group, desarrollando los resultados de la empresa, pr\u00f3ximos proyectos, trayectoria, misi\u00f3n y visi\u00f3n empresarial. Se puso \u00e9nfasis en las <strong>inversiones a nivel de instalaciones y tecnolog\u00eda<\/strong> que ha llevado a cabo la compa\u00f1\u00eda, recordando la importancia del esfuerzo y la perseverancia para mantener el grupo en constante evoluci\u00f3n.<\/p>\n\n\n\n<p>Posteriormente, se tuvo el placer de escuchar la exposici\u00f3n de KYB de la mano de Javier Zudaire y Javier Lizarraga que explicaron los <strong>proyectos actuales que comparten con Vilardell Purt\u00ed<\/strong> y trazaron una hoja de ruta hasta el 2030.<\/p>\n\n\n\n<p>M\u00e1s tarde, El Dr. Carlos Rodado, cirujano maxilofacial, explic\u00f3 a todo el equipo como se utilizan las soluciones de Avinent CMF en el quir\u00f3fano y profundiz\u00f3 en los <strong>Implantes Subperi\u00f3sticos Personalizados<\/strong>.<\/p>\n\n\n\n<p>Por \u00faltimo, N\u00faria Picas, corredora de Ultratrail, realiz\u00f3 una charla motivacional donde explic\u00f3 su trayectoria profesional y record\u00f3 que el esp\u00edritu de superaci\u00f3n, motivaci\u00f3n y la cultura del esfuerzo tienen que estar presentes <strong>para conseguir grandes metas<\/strong>. Una vez finalizadas las charlas, se procedi\u00f3 a actividades dinamizadoras para todo el equipo interno y se cerr\u00f3 la jornada con una agradable comida en el M\u00f3n Sant Benet. <br><\/p>\n\n\n\n<figure class=\"wp-block-image\"><img loading=\"lazy\" decoding=\"async\" width=\"1024\" height=\"493\" src=\"https:\/\/avinent.com\/wp-content\/uploads\/2024\/11\/ok-2-1024x493.jpg\" alt=\"\" class=\"wp-image-10420\" \/><\/figure>\n\t\t","protected":false},"excerpt":{"rendered":"<p>\t\t\t\tEl pasado viernes se celebr\u00f3 la jornada interna anual de Avinent Group que tuvo como eje principal el lema &#8220;Building a happier society&#8221;\t\t<\/p>\n","protected":false},"author":2,"featured_media":10418,"comment_status":"closed","ping_status":"closed","sticky":false,"template":"","format":"standard","meta":{"_acf_changed":false,"inline_featured_image":false,"footnotes":""},"categories":[38],"tags":[],"profesional_medics":[],"segment":[],"class_list":["post-10417","post","type-post","status-publish","format-standard","has-post-thumbnail","hentry","category-actualidad"],"acf":[],"yoast_head":"<!-- This site is optimized with the Yoast SEO plugin v26.8 - https:\/\/yoast.com\/product\/yoast-seo-wordpress\/ -->\n<title>\u25b7Building a happier society y el \u00e9xito de la jornada interna - \u3010 Avinent \u3011<\/title>\n<meta name=\"description\" content=\"El pasado viernes se celebr\u00f3 la jornada interna anual de Avinent Group que tuvo como eje principal el lema &quot;Building a happier society&quot; \u2713\" \/>\n<meta name=\"robots\" content=\"index, follow, max-snippet:-1, max-image-preview:large, max-video-preview:-1\" \/>\n<meta property=\"og:locale\" content=\"pt_PT\" \/>\n<meta property=\"og:type\" content=\"article\" \/>\n<meta property=\"og:title\" content=\"\u25b7Building a happier society y el \u00e9xito de la jornada interna - \u3010 Avinent \u3011\" \/>\n<meta property=\"og:description\" content=\"El pasado viernes se celebr\u00f3 la jornada interna anual de Avinent Group que tuvo como eje principal el lema &quot;Building a happier society&quot; \u2713\" \/>\n<meta property=\"og:url\" content=\"https:\/\/avinent.wwwarcelona.net\/blog\/building-a-happier-society-y-el-exito-de-la-jornada-interna\/\" \/>\n<meta property=\"og:site_name\" content=\"Avinent\" \/>\n<meta property=\"article:published_time\" content=\"2024-05-21T13:23:00+00:00\" \/>\n<meta property=\"article:modified_time\" content=\"2025-03-04T11:03:46+00:00\" \/>\n<meta property=\"og:image\" content=\"https:\/\/avinent.wwwarcelona.net\/wp-content\/uploads\/2024\/05\/ok-1-scaled.jpg\" \/>\n\t<meta property=\"og:image:width\" content=\"2560\" \/>\n\t<meta property=\"og:image:height\" content=\"1347\" \/>\n\t<meta property=\"og:image:type\" content=\"image\/jpeg\" \/>\n<meta name=\"author\" content=\"wwwarcelona\" \/>\n<meta name=\"twitter:card\" content=\"summary_large_image\" \/>\n<meta name=\"twitter:label1\" content=\"Written by\" \/>\n\t<meta name=\"twitter:data1\" content=\"wwwarcelona\" \/>\n\t<meta name=\"twitter:label2\" content=\"Est. reading time\" \/>\n\t<meta name=\"twitter:data2\" content=\"3 minutes\" \/>\n<script type=\"application\/ld+json\" class=\"yoast-schema-graph\">{\"@context\":\"https:\/\/schema.org\",\"@graph\":[{\"@type\":\"Article\",\"@id\":\"https:\/\/avinent.wwwarcelona.net\/blog\/building-a-happier-society-y-el-exito-de-la-jornada-interna\/#article\",\"isPartOf\":{\"@id\":\"https:\/\/avinent.wwwarcelona.net\/blog\/building-a-happier-society-y-el-exito-de-la-jornada-interna\/\"},\"author\":{\"name\":\"wwwarcelona\",\"@id\":\"https:\/\/avinent.com\/#\/schema\/person\/36b86133d985ef99a16d3a953381b494\"},\"headline\":\"Building a happier society y el \u00e9xito de la jornada interna\",\"datePublished\":\"2024-05-21T13:23:00+00:00\",\"dateModified\":\"2025-03-04T11:03:46+00:00\",\"mainEntityOfPage\":{\"@id\":\"https:\/\/avinent.wwwarcelona.net\/blog\/building-a-happier-society-y-el-exito-de-la-jornada-interna\/\"},\"wordCount\":338,\"publisher\":{\"@id\":\"https:\/\/avinent.com\/#organization\"},\"image\":{\"@id\":\"https:\/\/avinent.wwwarcelona.net\/blog\/building-a-happier-society-y-el-exito-de-la-jornada-interna\/#primaryimage\"},\"thumbnailUrl\":\"https:\/\/avinent.com\/wp-content\/uploads\/2024\/05\/ok-1-scaled.jpg\",\"articleSection\":[\"Actualidad\"],\"inLanguage\":\"pt\"},{\"@type\":\"WebPage\",\"@id\":\"https:\/\/avinent.wwwarcelona.net\/blog\/building-a-happier-society-y-el-exito-de-la-jornada-interna\/\",\"url\":\"https:\/\/avinent.wwwarcelona.net\/blog\/building-a-happier-society-y-el-exito-de-la-jornada-interna\/\",\"name\":\"\u25b7Building a happier society y el \u00e9xito de la jornada interna - \u3010 Avinent \u3011\",\"isPartOf\":{\"@id\":\"https:\/\/avinent.com\/#website\"},\"primaryImageOfPage\":{\"@id\":\"https:\/\/avinent.wwwarcelona.net\/blog\/building-a-happier-society-y-el-exito-de-la-jornada-interna\/#primaryimage\"},\"image\":{\"@id\":\"https:\/\/avinent.wwwarcelona.net\/blog\/building-a-happier-society-y-el-exito-de-la-jornada-interna\/#primaryimage\"},\"thumbnailUrl\":\"https:\/\/avinent.com\/wp-content\/uploads\/2024\/05\/ok-1-scaled.jpg\",\"datePublished\":\"2024-05-21T13:23:00+00:00\",\"dateModified\":\"2025-03-04T11:03:46+00:00\",\"description\":\"El pasado viernes se celebr\u00f3 la jornada interna anual de Avinent Group que tuvo como eje principal el lema \\\"Building a happier society\\\" \u2713\",\"breadcrumb\":{\"@id\":\"https:\/\/avinent.wwwarcelona.net\/blog\/building-a-happier-society-y-el-exito-de-la-jornada-interna\/#breadcrumb\"},\"inLanguage\":\"pt\",\"potentialAction\":[{\"@type\":\"ReadAction\",\"target\":[\"https:\/\/avinent.wwwarcelona.net\/blog\/building-a-happier-society-y-el-exito-de-la-jornada-interna\/\"]}]},{\"@type\":\"ImageObject\",\"inLanguage\":\"pt\",\"@id\":\"https:\/\/avinent.wwwarcelona.net\/blog\/building-a-happier-society-y-el-exito-de-la-jornada-interna\/#primaryimage\",\"url\":\"https:\/\/avinent.com\/wp-content\/uploads\/2024\/05\/ok-1-scaled.jpg\",\"contentUrl\":\"https:\/\/avinent.com\/wp-content\/uploads\/2024\/05\/ok-1-scaled.jpg\",\"width\":2560,\"height\":1347,\"caption\":\"\"},{\"@type\":\"BreadcrumbList\",\"@id\":\"https:\/\/avinent.wwwarcelona.net\/blog\/building-a-happier-society-y-el-exito-de-la-jornada-interna\/#breadcrumb\",\"itemListElement\":[{\"@type\":\"ListItem\",\"position\":1,\"name\":\"Portada\",\"item\":\"https:\/\/avinent.com\/pt-pt\/home\/\"},{\"@type\":\"ListItem\",\"position\":2,\"name\":\"Building a happier society y el \u00e9xito de la jornada interna\"}]},{\"@type\":\"WebSite\",\"@id\":\"https:\/\/avinent.com\/#website\",\"url\":\"https:\/\/avinent.com\/\",\"name\":\"Avinent\",\"description\":\"Todas las soluciones m\u00e9dicas y dentales\",\"publisher\":{\"@id\":\"https:\/\/avinent.com\/#organization\"},\"potentialAction\":[{\"@type\":\"SearchAction\",\"target\":{\"@type\":\"EntryPoint\",\"urlTemplate\":\"https:\/\/avinent.com\/?s={search_term_string}\"},\"query-input\":{\"@type\":\"PropertyValueSpecification\",\"valueRequired\":true,\"valueName\":\"search_term_string\"}}],\"inLanguage\":\"pt\"},{\"@type\":\"Organization\",\"@id\":\"https:\/\/avinent.com\/#organization\",\"name\":\"Avinent\",\"url\":\"https:\/\/avinent.com\/\",\"logo\":{\"@type\":\"ImageObject\",\"inLanguage\":\"pt\",\"@id\":\"https:\/\/avinent.com\/#\/schema\/logo\/image\/\",\"url\":\"https:\/\/avinent.com\/wp-content\/uploads\/2021\/10\/cropped-9216650250dc9798b51ff14a0e1c16c7.png\",\"contentUrl\":\"https:\/\/avinent.com\/wp-content\/uploads\/2021\/10\/cropped-9216650250dc9798b51ff14a0e1c16c7.png\",\"width\":122,\"height\":79,\"caption\":\"Avinent\"},\"image\":{\"@id\":\"https:\/\/avinent.com\/#\/schema\/logo\/image\/\"}},{\"@type\":\"Person\",\"@id\":\"https:\/\/avinent.com\/#\/schema\/person\/36b86133d985ef99a16d3a953381b494\",\"name\":\"wwwarcelona\",\"image\":{\"@type\":\"ImageObject\",\"inLanguage\":\"pt\",\"@id\":\"https:\/\/avinent.com\/#\/schema\/person\/image\/\",\"url\":\"https:\/\/secure.gravatar.com\/avatar\/22c6e61b197bfcfe682559e4aa8d3534?s=96&d=mm&r=g\",\"contentUrl\":\"https:\/\/secure.gravatar.com\/avatar\/22c6e61b197bfcfe682559e4aa8d3534?s=96&d=mm&r=g\",\"caption\":\"wwwarcelona\"}}]}<\/script>\n<!-- \/ Yoast SEO plugin. -->","yoast_head_json":{"title":"\u25b7Building a happier society y el \u00e9xito de la jornada interna - \u3010 Avinent \u3011","description":"El pasado viernes se celebr\u00f3 la jornada interna anual de Avinent Group que tuvo como eje principal el lema \"Building a happier society\" \u2713","robots":{"index":"index","follow":"follow","max-snippet":"max-snippet:-1","max-image-preview":"max-image-preview:large","max-video-preview":"max-video-preview:-1"},"og_locale":"pt_PT","og_type":"article","og_title":"\u25b7Building a happier society y el \u00e9xito de la jornada interna - \u3010 Avinent \u3011","og_description":"El pasado viernes se celebr\u00f3 la jornada interna anual de Avinent Group que tuvo como eje principal el lema \"Building a happier society\" \u2713","og_url":"https:\/\/avinent.wwwarcelona.net\/blog\/building-a-happier-society-y-el-exito-de-la-jornada-interna\/","og_site_name":"Avinent","article_published_time":"2024-05-21T13:23:00+00:00","article_modified_time":"2025-03-04T11:03:46+00:00","og_image":[{"width":2560,"height":1347,"url":"https:\/\/avinent.wwwarcelona.net\/wp-content\/uploads\/2024\/05\/ok-1-scaled.jpg","type":"image\/jpeg"}],"author":"wwwarcelona","twitter_card":"summary_large_image","twitter_misc":{"Written by":"wwwarcelona","Est. reading time":"3 minutes"},"schema":{"@context":"https:\/\/schema.org","@graph":[{"@type":"Article","@id":"https:\/\/avinent.wwwarcelona.net\/blog\/building-a-happier-society-y-el-exito-de-la-jornada-interna\/#article","isPartOf":{"@id":"https:\/\/avinent.wwwarcelona.net\/blog\/building-a-happier-society-y-el-exito-de-la-jornada-interna\/"},"author":{"name":"wwwarcelona","@id":"https:\/\/avinent.com\/#\/schema\/person\/36b86133d985ef99a16d3a953381b494"},"headline":"Building a happier society y el \u00e9xito de la jornada interna","datePublished":"2024-05-21T13:23:00+00:00","dateModified":"2025-03-04T11:03:46+00:00","mainEntityOfPage":{"@id":"https:\/\/avinent.wwwarcelona.net\/blog\/building-a-happier-society-y-el-exito-de-la-jornada-interna\/"},"wordCount":338,"publisher":{"@id":"https:\/\/avinent.com\/#organization"},"image":{"@id":"https:\/\/avinent.wwwarcelona.net\/blog\/building-a-happier-society-y-el-exito-de-la-jornada-interna\/#primaryimage"},"thumbnailUrl":"https:\/\/avinent.com\/wp-content\/uploads\/2024\/05\/ok-1-scaled.jpg","articleSection":["Actualidad"],"inLanguage":"pt"},{"@type":"WebPage","@id":"https:\/\/avinent.wwwarcelona.net\/blog\/building-a-happier-society-y-el-exito-de-la-jornada-interna\/","url":"https:\/\/avinent.wwwarcelona.net\/blog\/building-a-happier-society-y-el-exito-de-la-jornada-interna\/","name":"\u25b7Building a happier society y el \u00e9xito de la jornada interna - \u3010 Avinent \u3011","isPartOf":{"@id":"https:\/\/avinent.com\/#website"},"primaryImageOfPage":{"@id":"https:\/\/avinent.wwwarcelona.net\/blog\/building-a-happier-society-y-el-exito-de-la-jornada-interna\/#primaryimage"},"image":{"@id":"https:\/\/avinent.wwwarcelona.net\/blog\/building-a-happier-society-y-el-exito-de-la-jornada-interna\/#primaryimage"},"thumbnailUrl":"https:\/\/avinent.com\/wp-content\/uploads\/2024\/05\/ok-1-scaled.jpg","datePublished":"2024-05-21T13:23:00+00:00","dateModified":"2025-03-04T11:03:46+00:00","description":"El pasado viernes se celebr\u00f3 la jornada interna anual de Avinent Group que tuvo como eje principal el lema \"Building a happier society\" \u2713","breadcrumb":{"@id":"https:\/\/avinent.wwwarcelona.net\/blog\/building-a-happier-society-y-el-exito-de-la-jornada-interna\/#breadcrumb"},"inLanguage":"pt","potentialAction":[{"@type":"ReadAction","target":["https:\/\/avinent.wwwarcelona.net\/blog\/building-a-happier-society-y-el-exito-de-la-jornada-interna\/"]}]},{"@type":"ImageObject","inLanguage":"pt","@id":"https:\/\/avinent.wwwarcelona.net\/blog\/building-a-happier-society-y-el-exito-de-la-jornada-interna\/#primaryimage","url":"https:\/\/avinent.com\/wp-content\/uploads\/2024\/05\/ok-1-scaled.jpg","contentUrl":"https:\/\/avinent.com\/wp-content\/uploads\/2024\/05\/ok-1-scaled.jpg","width":2560,"height":1347,"caption":""},{"@type":"BreadcrumbList","@id":"https:\/\/avinent.wwwarcelona.net\/blog\/building-a-happier-society-y-el-exito-de-la-jornada-interna\/#breadcrumb","itemListElement":[{"@type":"ListItem","position":1,"name":"Portada","item":"https:\/\/avinent.com\/pt-pt\/home\/"},{"@type":"ListItem","position":2,"name":"Building a happier society y el \u00e9xito de la jornada interna"}]},{"@type":"WebSite","@id":"https:\/\/avinent.com\/#website","url":"https:\/\/avinent.com\/","name":"Avinent","description":"Todas las soluciones m\u00e9dicas y dentales","publisher":{"@id":"https:\/\/avinent.com\/#organization"},"potentialAction":[{"@type":"SearchAction","target":{"@type":"EntryPoint","urlTemplate":"https:\/\/avinent.com\/?s={search_term_string}"},"query-input":{"@type":"PropertyValueSpecification","valueRequired":true,"valueName":"search_term_string"}}],"inLanguage":"pt"},{"@type":"Organization","@id":"https:\/\/avinent.com\/#organization","name":"Avinent","url":"https:\/\/avinent.com\/","logo":{"@type":"ImageObject","inLanguage":"pt","@id":"https:\/\/avinent.com\/#\/schema\/logo\/image\/","url":"https:\/\/avinent.com\/wp-content\/uploads\/2021\/10\/cropped-9216650250dc9798b51ff14a0e1c16c7.png","contentUrl":"https:\/\/avinent.com\/wp-content\/uploads\/2021\/10\/cropped-9216650250dc9798b51ff14a0e1c16c7.png","width":122,"height":79,"caption":"Avinent"},"image":{"@id":"https:\/\/avinent.com\/#\/schema\/logo\/image\/"}},{"@type":"Person","@id":"https:\/\/avinent.com\/#\/schema\/person\/36b86133d985ef99a16d3a953381b494","name":"wwwarcelona","image":{"@type":"ImageObject","inLanguage":"pt","@id":"https:\/\/avinent.com\/#\/schema\/person\/image\/","url":"https:\/\/secure.gravatar.com\/avatar\/22c6e61b197bfcfe682559e4aa8d3534?s=96&d=mm&r=g","contentUrl":"https:\/\/secure.gravatar.com\/avatar\/22c6e61b197bfcfe682559e4aa8d3534?s=96&d=mm&r=g","caption":"wwwarcelona"}}]}},"_links":{"self":[{"href":"https:\/\/avinent.com\/pt-pt\/wp-json\/wp\/v2\/posts\/10417","targetHints":{"allow":["GET"]}}],"collection":[{"href":"https:\/\/avinent.com\/pt-pt\/wp-json\/wp\/v2\/posts"}],"about":[{"href":"https:\/\/avinent.com\/pt-pt\/wp-json\/wp\/v2\/types\/post"}],"author":[{"embeddable":true,"href":"https:\/\/avinent.com\/pt-pt\/wp-json\/wp\/v2\/users\/2"}],"replies":[{"embeddable":true,"href":"https:\/\/avinent.com\/pt-pt\/wp-json\/wp\/v2\/comments?post=10417"}],"version-history":[{"count":1,"href":"https:\/\/avinent.com\/pt-pt\/wp-json\/wp\/v2\/posts\/10417\/revisions"}],"predecessor-version":[{"id":14164,"href":"https:\/\/avinent.com\/pt-pt\/wp-json\/wp\/v2\/posts\/10417\/revisions\/14164"}],"wp:featuredmedia":[{"embeddable":true,"href":"https:\/\/avinent.com\/pt-pt\/wp-json\/wp\/v2\/media\/10418"}],"wp:attachment":[{"href":"https:\/\/avinent.com\/pt-pt\/wp-json\/wp\/v2\/media?parent=10417"}],"wp:term":[{"taxonomy":"category","embeddable":true,"href":"https:\/\/avinent.com\/pt-pt\/wp-json\/wp\/v2\/categories?post=10417"},{"taxonomy":"post_tag","embeddable":true,"href":"https:\/\/avinent.com\/pt-pt\/wp-json\/wp\/v2\/tags?post=10417"},{"taxonomy":"profesional_medics","embeddable":true,"href":"https:\/\/avinent.com\/pt-pt\/wp-json\/wp\/v2\/profesional_medics?post=10417"},{"taxonomy":"segments","embeddable":true,"href":"https:\/\/avinent.com\/pt-pt\/wp-json\/wp\/v2\/segment?post=10417"}],"curies":[{"name":"wp","href":"https:\/\/api.w.org\/{rel}","templated":true}]}}